{"id":22968,"date":"2021-05-24T09:03:24","date_gmt":"2021-05-24T14:03:24","guid":{"rendered":"https:\/\/diarioavanzada.com.mx\/?p=22968"},"modified":"2021-05-24T09:03:29","modified_gmt":"2021-05-24T14:03:29","slug":"ya-le-pusieron-precio-a-mi-cabeza-advirtio-esteban-meneses-antes-de-morir","status":"publish","type":"post","link":"https:\/\/diarioavanzada.com.mx\/?p=22968","title":{"rendered":"\u201cYa le pusieron precio a mi cabeza\u201d, advirti\u00f3 Esteban Meneses antes de morir"},"content":{"rendered":"\n<p class=\"wp-block-paragraph\">Colima, M\u00e9xico, Avanzada (24\/05\/2021).- Antes de morir el s\u00e1bado 22 en la volcadura de su camioneta, el exdiputado y conductor del programa \u201cAl filo del machete\u201d, Esteban Meneses Torres, hab\u00eda advertido que ya le hab\u00edan puesto precio a su cabeza.<\/p>\n\n\n\n<p class=\"wp-block-paragraph\">En una emisi\u00f3n de su programa, en la que estuvo acompa\u00f1ado de la activista Mar\u00eda Silva Guardado Sandoval, quien tambi\u00e9n muri\u00f3 en el mismo suceso que Meneses, dijo que lo busc\u00f3 un familiar de \u00e9l, quien es la vez operador de la alta esfera pol\u00edtica de varios partidos, quien le dijo que ha levantado \u201cmucha ampolla\u201d el programa \u201cAl filo del machete\u201d, porque ya ten\u00eda \u201chartos\u201d a varios personajes.<\/p>\n\n\n\n<p class=\"wp-block-paragraph\">\u201cSe pusieron de acuerdo porque gente que estuvo en el Cereso con Guillermo Toscano ya fue muy bien lubricada con dinero para pedirles que me asesinaran; H\u00e9ctor Michel Camarena, Mario Delgado, Fernando Moreno, Guillermo Toscano y aguas\u2026 y t\u00fa sabes perfectamente a qui\u00e9n me refiero si me quieres pedir que me calle, sabes perfectamente a qui\u00e9n me refiero porque aqu\u00ed va mi vida involucrada\u201d, denunci\u00f3 p\u00fablicamente.<\/p>\n\n\n\n<p class=\"wp-block-paragraph\">Insisti\u00f3 que \u201cdieron la orden y ya soltaron dinero para asesinarme, se\u00f1ores, no quieren que siga descubriendo\u2026 porque yo conozco las entra\u00f1as de ese tr\u00edo de ratas, evidenci\u00e9 yo la foto de Guillermo Toscano en el Cereso, s\u00e9 de la corrupci\u00f3n que cometi\u00f3 el padre Mario Delgado y por la cual lo llev\u00f3 a Puente Grande y s\u00e9 todo lo que robaron H\u00e9ctor Michel Carrillo y H\u00e9ctor Michel Camarena junto con FMP. Mi cabeza tiene precio, se\u00f1ores, y esos tres que ves ah\u00ed se lo pusieron\u201d.<\/p>\n\n\n\n<p class=\"wp-block-paragraph\">Dijo que a \u00e9l jam\u00e1s se le iba a ocurrir ponerse una pistola en la cabeza, aventarse de un puente o cortarse las venas: \u201cJam\u00e1s, yo quiero vivir, pero de ser necesario a m\u00ed me van a matar, pero no de rodillas, y ah\u00ed est\u00e1n ya los que le pusieron precio a mi cabeza, esto es una denuncia p\u00fablica, esos son los que le pusieron precio a mi cabeza. Ah\u00ed est\u00e1 el operador y mano derecha que va a poner a sus compa\u00f1eros de celda y de Cereso para que me asesinen, mucho ojo, porque esta historia todav\u00eda no termina\u201d.<\/p>\n<div class=\"fb-background-color\">\n\t\t\t  <div \n\t\t\t  \tclass = \"fb-comments\" \n\t\t\t  \tdata-href = \"https:\/\/diarioavanzada.com.mx\/?p=22968\"\n\t\t\t  \tdata-numposts = \"10\"\n\t\t\t  \tdata-lazy = \"true\"\n\t\t\t\tdata-colorscheme = \"light\"\n\t\t\t\tdata-order-by = \"social\"\n\t\t\t\tdata-mobile=true>\n\t\t\t  <\/div><\/div>\n\t\t  <style>\n\t\t    .fb-background-color {\n\t\t\t\tbackground:  !important;\n\t\t\t}\n\t\t\t.fb_iframe_widget_fluid_desktop iframe {\n\t\t\t    width: 100% !important;\n\t\t\t}\n\t\t  <\/style>\n\t\t  ","protected":false},"excerpt":{"rendered":"<p>Colima, M\u00e9xico, Avanzada (24\/05\/2021).- Antes de morir el s\u00e1bado 22 en la volcadura de su camioneta, el exdiputado y conductor del programa \u201cAl filo del machete\u201d, Esteban Meneses Torres, hab\u00eda advertido que ya le hab\u00edan puesto precio a su cabeza. En una emisi\u00f3n de su programa, en la que estuvo acompa\u00f1ado de la activista Mar\u00eda [&hellip;]<\/p>\n","protected":false},"author":7,"featured_media":22969,"comment_status":"closed","ping_status":"closed","sticky":false,"template":"","format":"standard","meta":{"_coblocks_attr":"","_coblocks_dimensions":"","_coblocks_responsive_height":"","_coblocks_accordion_ie_support":"","_crdt_document":"","advanced_seo_description":"","jetpack_seo_html_title":"","jetpack_seo_noindex":false,"_jetpack_memberships_contains_paid_content":false,"footnotes":""},"categories":[19],"tags":[210],"class_list":["post-22968","post","type-post","status-publish","format-standard","has-post-thumbnail","hentry","category-colima","tag-portada"],"jetpack_featured_media_url":"https:\/\/diarioavanzada.com.mx\/wp-content\/uploads\/2021\/05\/Esteban-Meneses.png","jetpack-related-posts":[],"jetpack_sharing_enabled":true,"amp_enabled":true,"_links":{"self":[{"href":"https:\/\/diarioavanzada.com.mx\/index.php?rest_route=\/wp\/v2\/posts\/22968","targetHints":{"allow":["GET"]}}],"collection":[{"href":"https:\/\/diarioavanzada.com.mx\/index.php?rest_route=\/wp\/v2\/posts"}],"about":[{"href":"https:\/\/diarioavanzada.com.mx\/index.php?rest_route=\/wp\/v2\/types\/post"}],"author":[{"embeddable":true,"href":"https:\/\/diarioavanzada.com.mx\/index.php?rest_route=\/wp\/v2\/users\/7"}],"replies":[{"embeddable":true,"href":"https:\/\/diarioavanzada.com.mx\/index.php?rest_route=%2Fwp%2Fv2%2Fcomments&post=22968"}],"version-history":[{"count":0,"href":"https:\/\/diarioavanzada.com.mx\/index.php?rest_route=\/wp\/v2\/posts\/22968\/revisions"}],"wp:featuredmedia":[{"embeddable":true,"href":"https:\/\/diarioavanzada.com.mx\/index.php?rest_route=\/wp\/v2\/media\/22969"}],"wp:attachment":[{"href":"https:\/\/diarioavanzada.com.mx\/index.php?rest_route=%2Fwp%2Fv2%2Fmedia&parent=22968"}],"wp:term":[{"taxonomy":"category","embeddable":true,"href":"https:\/\/diarioavanzada.com.mx\/index.php?rest_route=%2Fwp%2Fv2%2Fcategories&post=22968"},{"taxonomy":"post_tag","embeddable":true,"href":"https:\/\/diarioavanzada.com.mx\/index.php?rest_route=%2Fwp%2Fv2%2Ftags&post=22968"}],"curies":[{"name":"wp","href":"https:\/\/api.w.org\/{rel}","templated":true}]}}