{"id":22628,"date":"2021-05-10T11:15:53","date_gmt":"2021-05-10T16:15:53","guid":{"rendered":"https:\/\/diarioavanzada.com.mx\/?p=22628"},"modified":"2021-05-10T11:18:39","modified_gmt":"2021-05-10T16:18:39","slug":"maldito-gobernador-te-vas-y-nos-dejas-1600-desaparecidos","status":"publish","type":"post","link":"https:\/\/diarioavanzada.com.mx\/?p=22628","title":{"rendered":"\u201cMaldito gobernador\u201d, \u201cte vas y nos dejas 1600 desaparecidos\u201d"},"content":{"rendered":"\n<p class=\"wp-block-paragraph\">Colima, M\u00e9xico, Avanzada (10\/05\/2021).- \u201cMaldito gobernador\u201d, \u201cte vas y nos dejas 1600 desaparecidos\u201d, \u201c\u00bfen alg\u00fan momento antes de su partida tendr\u00e1 la decencia de recibirnos?\u201d, fueron algunas de las consignas que los familiares de personas desaparecidos exclamaron afuera de Casa de Gobierno.<\/p>\n\n\n\n<p class=\"wp-block-paragraph\">Esta ma\u00f1ana el colectivo de la \u201cRed Desaparecidos En Colima\u201d organiz\u00f3 una marcha para evidenciar el grave problema de desaparici\u00f3n forzada que padecen los colimenses.<\/p>\n\n\n\n<p class=\"wp-block-paragraph\">El contingente parti\u00f3 esta ma\u00f1ana a las 10:00 horas, desde el Parque de la Piedra Lisa e hizo un alto frente a Casa de Gobierno, en el sitio hicieron un pase de lista de algunas de las personas que cuentan con el estatus de desaparecidos.<\/p>\n\n\n\n<p class=\"wp-block-paragraph\">\u201cQueremos justicia para todos, las autoridades de este pa\u00eds parecen c\u00f3mplices de los delincuentes\u201d, se escuch\u00f3 en la lectura de un texto que una de las acompa\u00f1antes del Colectivo exclam\u00f3.&nbsp;<\/p>\n\n\n\n<p class=\"wp-block-paragraph\">Otra de las participantes le reclam\u00f3 \u201cno dar la cara\u201d, al mismo tiempo que dijo que en los pr\u00f3ximos d\u00edas se ir\u00e1 y dejar\u00e1 al estado con 1600 personas desaparecidas.<\/p>\n\n\n\n<p class=\"wp-block-paragraph\">\u201cGobernador eres un cobarde\u201d, \u201cde vivir felices y seguros, no qued\u00f3 m\u00e1s que en un slogan de campa\u00f1a, gracias por no recibirnos\u201d, dijeron al retirarse de Casa de Gobierno para continuar su camino con rumbo a Catedral, como estaba planeado desde un principio.<\/p>\n\n\n\n<p class=\"wp-block-paragraph\"><em>*Fotograf\u00eda tomada de Tlanesi.com.mx<\/em><\/p>\n<div class=\"fb-background-color\">\n\t\t\t  <div \n\t\t\t  \tclass = \"fb-comments\" \n\t\t\t  \tdata-href = \"https:\/\/diarioavanzada.com.mx\/?p=22628\"\n\t\t\t  \tdata-numposts = \"10\"\n\t\t\t  \tdata-lazy = \"true\"\n\t\t\t\tdata-colorscheme = \"light\"\n\t\t\t\tdata-order-by = \"social\"\n\t\t\t\tdata-mobile=true>\n\t\t\t  <\/div><\/div>\n\t\t  <style>\n\t\t    .fb-background-color {\n\t\t\t\tbackground:  !important;\n\t\t\t}\n\t\t\t.fb_iframe_widget_fluid_desktop iframe {\n\t\t\t    width: 100% !important;\n\t\t\t}\n\t\t  <\/style>\n\t\t  ","protected":false},"excerpt":{"rendered":"<p>Colima, M\u00e9xico, Avanzada (10\/05\/2021).- \u201cMaldito gobernador\u201d, \u201cte vas y nos dejas 1600 desaparecidos\u201d, \u201c\u00bfen alg\u00fan momento antes de su partida tendr\u00e1 la decencia de recibirnos?\u201d, fueron algunas de las consignas que los familiares de personas desaparecidos exclamaron afuera de Casa de Gobierno. Esta ma\u00f1ana el colectivo de la \u201cRed Desaparecidos En Colima\u201d organiz\u00f3 una marcha [&hellip;]<\/p>\n","protected":false},"author":5,"featured_media":22629,"comment_status":"closed","ping_status":"closed","sticky":false,"template":"","format":"standard","meta":{"_coblocks_attr":"","_coblocks_dimensions":"","_coblocks_responsive_height":"","_coblocks_accordion_ie_support":"","_crdt_document":"","advanced_seo_description":"","jetpack_seo_html_title":"","jetpack_seo_noindex":false,"_jetpack_memberships_contains_paid_content":false,"footnotes":""},"categories":[19,231],"tags":[210],"class_list":["post-22628","post","type-post","status-publish","format-standard","has-post-thumbnail","hentry","category-colima","category-seguridad","tag-portada"],"jetpack_featured_media_url":"https:\/\/diarioavanzada.com.mx\/wp-content\/uploads\/2021\/05\/image-11.png","jetpack-related-posts":[],"jetpack_sharing_enabled":true,"amp_enabled":true,"_links":{"self":[{"href":"https:\/\/diarioavanzada.com.mx\/index.php?rest_route=\/wp\/v2\/posts\/22628","targetHints":{"allow":["GET"]}}],"collection":[{"href":"https:\/\/diarioavanzada.com.mx\/index.php?rest_route=\/wp\/v2\/posts"}],"about":[{"href":"https:\/\/diarioavanzada.com.mx\/index.php?rest_route=\/wp\/v2\/types\/post"}],"author":[{"embeddable":true,"href":"https:\/\/diarioavanzada.com.mx\/index.php?rest_route=\/wp\/v2\/users\/5"}],"replies":[{"embeddable":true,"href":"https:\/\/diarioavanzada.com.mx\/index.php?rest_route=%2Fwp%2Fv2%2Fcomments&post=22628"}],"version-history":[{"count":0,"href":"https:\/\/diarioavanzada.com.mx\/index.php?rest_route=\/wp\/v2\/posts\/22628\/revisions"}],"wp:featuredmedia":[{"embeddable":true,"href":"https:\/\/diarioavanzada.com.mx\/index.php?rest_route=\/wp\/v2\/media\/22629"}],"wp:attachment":[{"href":"https:\/\/diarioavanzada.com.mx\/index.php?rest_route=%2Fwp%2Fv2%2Fmedia&parent=22628"}],"wp:term":[{"taxonomy":"category","embeddable":true,"href":"https:\/\/diarioavanzada.com.mx\/index.php?rest_route=%2Fwp%2Fv2%2Fcategories&post=22628"},{"taxonomy":"post_tag","embeddable":true,"href":"https:\/\/diarioavanzada.com.mx\/index.php?rest_route=%2Fwp%2Fv2%2Ftags&post=22628"}],"curies":[{"name":"wp","href":"https:\/\/api.w.org\/{rel}","templated":true}]}}