{"id":22378,"date":"2021-04-30T19:48:07","date_gmt":"2021-05-01T00:48:07","guid":{"rendered":"https:\/\/diarioavanzada.com.mx\/?p=22378"},"modified":"2021-04-30T19:56:23","modified_gmt":"2021-05-01T00:56:23","slug":"ezequiel-desaparecio-en-tecoman-sujetos-que-dijeron-ser-judiciales-se-lo-llevaron","status":"publish","type":"post","link":"https:\/\/diarioavanzada.com.mx\/?p=22378","title":{"rendered":"Ezequiel desapareci\u00f3 en Tecom\u00e1n; sujetos que dijeron ser judiciales se lo llevaron"},"content":{"rendered":"\n<p class=\"wp-block-paragraph\">Tecom\u00e1n, M\u00e9xico.- La noche de este jueves 29 de abril, Ezequiel Ch\u00eda \u00c1valos, se encontraba en una abarrotera ubicada en la colonia Uni\u00f3n del municipio de Tecom\u00e1n, cuando sujetos que se identificaron como polic\u00edas ministeriales se le acercaron, lo subieron a una camioneta blanca de cuatro puertas y se lo llevaron. Hoy fue reportado como desaparecido.<\/p>\n\n\n\n<p class=\"wp-block-paragraph\">Familiares de Ezequiel solicitaron ayuda para difundir el caso a fin de dar con el paradero de este hombre de 59 a\u00f1os de edad.<\/p>\n\n\n\n<p class=\"wp-block-paragraph\">Ezequiel mide un metro con 75 cent\u00edmetros, es moreno claro y su cabello es chino. Entre sus se\u00f1as particulares, est\u00e1n unas cicatrices por cirug\u00eda en el pecho y en el ombligo.<\/p>\n\n\n\n<p class=\"wp-block-paragraph\">La \u00faltima vez que fue visto, este hombre vest\u00eda una playera rayada, pantal\u00f3n gris y huaraches color caf\u00e9.<br>Este viernes se present\u00f3 la denuncia por desaparici\u00f3n ante la Fiscal\u00eda General del Estado (FGE), donde informaron a los familiares de Ezequiel que agentes de esta corporaci\u00f3n no participaron en este hecho, por lo que se desconoce la identidad de los plagiarios.<\/p>\n\n\n\n<p class=\"wp-block-paragraph\">Cualquier informaci\u00f3n que se tenga sobre este hombre, favor de comunicarse a los n\u00fameros telef\u00f3nicos 313-191-8981, 313-139-0444 o 313-193-4124.<\/p>\n\n\n\n<p class=\"wp-block-paragraph\">Consulta el Mapa de personas desaparecidas en Colima:<\/p>\n\n\n\n<p class=\"wp-block-paragraph\"><a href=\"https:\/\/diarioavanzada.com.mx\/?page_id=10985\">Mapa de homicidios y personas desaparecidas en Colima | Diario Avanzada<\/a><\/p>\n<div class=\"fb-background-color\">\n\t\t\t  <div \n\t\t\t  \tclass = \"fb-comments\" \n\t\t\t  \tdata-href = \"https:\/\/diarioavanzada.com.mx\/?p=22378\"\n\t\t\t  \tdata-numposts = \"10\"\n\t\t\t  \tdata-lazy = \"true\"\n\t\t\t\tdata-colorscheme = \"light\"\n\t\t\t\tdata-order-by = \"social\"\n\t\t\t\tdata-mobile=true>\n\t\t\t  <\/div><\/div>\n\t\t  <style>\n\t\t    .fb-background-color {\n\t\t\t\tbackground:  !important;\n\t\t\t}\n\t\t\t.fb_iframe_widget_fluid_desktop iframe {\n\t\t\t    width: 100% !important;\n\t\t\t}\n\t\t  <\/style>\n\t\t  ","protected":false},"excerpt":{"rendered":"<p>Tecom\u00e1n, M\u00e9xico.- La noche de este jueves 29 de abril, Ezequiel Ch\u00eda \u00c1valos, se encontraba en una abarrotera ubicada en la colonia Uni\u00f3n del municipio de Tecom\u00e1n, cuando sujetos que se identificaron como polic\u00edas ministeriales se le acercaron, lo subieron a una camioneta blanca de cuatro puertas y se lo llevaron. Hoy fue reportado como [&hellip;]<\/p>\n","protected":false},"author":7,"featured_media":22382,"comment_status":"closed","ping_status":"closed","sticky":false,"template":"","format":"standard","meta":{"_coblocks_attr":"","_coblocks_dimensions":"","_coblocks_responsive_height":"","_coblocks_accordion_ie_support":"","_crdt_document":"","advanced_seo_description":"","jetpack_seo_html_title":"","jetpack_seo_noindex":false,"_jetpack_memberships_contains_paid_content":false,"footnotes":""},"categories":[19,231],"tags":[210],"class_list":["post-22378","post","type-post","status-publish","format-standard","has-post-thumbnail","hentry","category-colima","category-seguridad","tag-portada"],"jetpack_featured_media_url":"https:\/\/diarioavanzada.com.mx\/wp-content\/uploads\/2021\/04\/e.png","jetpack-related-posts":[],"jetpack_sharing_enabled":true,"amp_enabled":true,"_links":{"self":[{"href":"https:\/\/diarioavanzada.com.mx\/index.php?rest_route=\/wp\/v2\/posts\/22378","targetHints":{"allow":["GET"]}}],"collection":[{"href":"https:\/\/diarioavanzada.com.mx\/index.php?rest_route=\/wp\/v2\/posts"}],"about":[{"href":"https:\/\/diarioavanzada.com.mx\/index.php?rest_route=\/wp\/v2\/types\/post"}],"author":[{"embeddable":true,"href":"https:\/\/diarioavanzada.com.mx\/index.php?rest_route=\/wp\/v2\/users\/7"}],"replies":[{"embeddable":true,"href":"https:\/\/diarioavanzada.com.mx\/index.php?rest_route=%2Fwp%2Fv2%2Fcomments&post=22378"}],"version-history":[{"count":0,"href":"https:\/\/diarioavanzada.com.mx\/index.php?rest_route=\/wp\/v2\/posts\/22378\/revisions"}],"wp:featuredmedia":[{"embeddable":true,"href":"https:\/\/diarioavanzada.com.mx\/index.php?rest_route=\/wp\/v2\/media\/22382"}],"wp:attachment":[{"href":"https:\/\/diarioavanzada.com.mx\/index.php?rest_route=%2Fwp%2Fv2%2Fmedia&parent=22378"}],"wp:term":[{"taxonomy":"category","embeddable":true,"href":"https:\/\/diarioavanzada.com.mx\/index.php?rest_route=%2Fwp%2Fv2%2Fcategories&post=22378"},{"taxonomy":"post_tag","embeddable":true,"href":"https:\/\/diarioavanzada.com.mx\/index.php?rest_route=%2Fwp%2Fv2%2Ftags&post=22378"}],"curies":[{"name":"wp","href":"https:\/\/api.w.org\/{rel}","templated":true}]}}