{"id":22351,"date":"2021-04-30T18:39:33","date_gmt":"2021-04-30T23:39:33","guid":{"rendered":"https:\/\/diarioavanzada.com.mx\/?p=22351"},"modified":"2021-04-30T18:39:39","modified_gmt":"2021-04-30T23:39:39","slug":"invitan-a-descubrir-por-que-el-jazz-nos-hace-mejores-personas","status":"publish","type":"post","link":"https:\/\/diarioavanzada.com.mx\/?p=22351","title":{"rendered":"Invitan a descubrir por qu\u00e9 \u201cEl jazz nos hace mejores personas\u201d"},"content":{"rendered":"\n<p class=\"wp-block-paragraph\">Colima, M\u00e9xico, Comunicado (30\/04\/2021).- Este viernes, a partir de las 9 de la ma\u00f1ana, las personas que aman el jazz podr\u00e1n disfrutar de un evento art\u00edstico en el que participar\u00e1n m\u00fasicos, poetas, artistas visuales y docentes titulado: \u201cEl jazz nos hace mejores personas\u201d, que organiza la Escuela de Mercadotecnia de la Universidad de Colima para celebrar el D\u00eda Internacional del Jazz.<\/p>\n\n\n\n<p class=\"wp-block-paragraph\">En este evento multidisciplinario, que ser\u00e1 virtual y tendr\u00e1 una duraci\u00f3n aproximada de dos horas, participar\u00e1n los m\u00fasicos: Sa\u00fal Cobi\u00e1n (baterista-fot\u00f3grafo), The Colima Jazz Collective, ParceGaD, proyecto de Pibe \u00c1rcega (armonicista), Ra\u00fal Arias tr\u00edo (guitarrista), Ec\u00f3sfera (quinteto de jazz integrado por Cristian Sevilla, Karina Vel\u00e1zquez, Felipe \u00c1valos, Jos\u00e9 Orozco y Luis Guzm\u00e1n) y Los Bionics. Tambi\u00e9n se contar\u00e1 con las reflexiones de los poetas Indira Torres Cruz y Carlos Ram\u00edrez Vuelvas y de las artistas visuales Cinthia Mata (ilustradora gr\u00e1fica) e Irene Delgado.&nbsp;<\/p>\n\n\n\n<p class=\"wp-block-paragraph\">Tambi\u00e9n participar\u00e1n acad\u00e9micos de la Universidad de Colima como la Dra. Lucila Guti\u00e9rrez, quien compartir\u00e1 una reflexi\u00f3n sobre el jazz en el cine, y el Dr. Ricardo S\u00e1enz, que explicar\u00e1 c\u00f3mo las matem\u00e1ticas influyen en la m\u00fasica. Adem\u00e1s, se sumar\u00e1 al evento el Dr. Jes\u00fas Galindo C\u00e1ceres, ingeniero social que en las \u00faltimas d\u00e9cadas ha realizado diferentes diagn\u00f3sticos e investigaciones sobre el fen\u00f3meno del Jazz en M\u00e9xico.&nbsp;<\/p>\n\n\n\n<p class=\"wp-block-paragraph\">Este evento virtual, que cuenta con el apoyo de Universo 94.9, la estaci\u00f3n de radio de la Universidad de Colima podr\u00e1 verse este viernes 30 de abril, a las 09:00 horas, por dos plataformas digitales: el canal de YouTube Escuela de Mercadotecnia U de C y por el Facebook del Festival Internacional ColimaJazz <a href=\"https:\/\/www.facebook.com\/colimajazzfest\">https:\/\/www.facebook.com\/colimajazzfest<\/a>. En estos sitios podr\u00e1 disfrutar de seis bloques art\u00edsticos variados con un ambiente familiar, para descubrir por qu\u00e9 \u201cEl jazz no hace mejores personas\u201d.&nbsp;<\/p>\n\n\n\n<p class=\"wp-block-paragraph\">La celebraci\u00f3n se retransmitir\u00e1 por la radio universitaria el mismo 30 de abril, pero a las 17:00 horas (<a href=\"https:\/\/universoradio.ucol.mx\/\">https:\/\/universoradio.ucol.mx\/<\/a>).&nbsp;<\/p>\n\n\n\n<p class=\"wp-block-paragraph\">M\u00e1s informes al correo electr\u00f3nico: jazzdaycolima@gmail.com.<\/p>\n\n\n\n<p class=\"wp-block-paragraph\"><\/p>\n\n\n\n<figure class=\"wp-block-image size-large is-resized\"><img loading=\"lazy\" decoding=\"async\" src=\"https:\/\/diarioavanzada.com.mx\/wp-content\/uploads\/2021\/04\/El-Jazz-nos-hace-mejores-personas_NO-ES-PUBLICIDAD.jpg\" alt=\"\" class=\"wp-image-22352\" width=\"733\" height=\"1133\" srcset=\"https:\/\/diarioavanzada.com.mx\/wp-content\/uploads\/2021\/04\/El-Jazz-nos-hace-mejores-personas_NO-ES-PUBLICIDAD.jpg 440w, https:\/\/diarioavanzada.com.mx\/wp-content\/uploads\/2021\/04\/El-Jazz-nos-hace-mejores-personas_NO-ES-PUBLICIDAD-194x300.jpg 194w\" sizes=\"auto, (max-width: 733px) 100vw, 733px\" \/><\/figure>\n<div class=\"fb-background-color\">\n\t\t\t  <div \n\t\t\t  \tclass = \"fb-comments\" \n\t\t\t  \tdata-href = \"https:\/\/diarioavanzada.com.mx\/?p=22351\"\n\t\t\t  \tdata-numposts = \"10\"\n\t\t\t  \tdata-lazy = \"true\"\n\t\t\t\tdata-colorscheme = \"light\"\n\t\t\t\tdata-order-by = \"social\"\n\t\t\t\tdata-mobile=true>\n\t\t\t  <\/div><\/div>\n\t\t  <style>\n\t\t    .fb-background-color {\n\t\t\t\tbackground:  !important;\n\t\t\t}\n\t\t\t.fb_iframe_widget_fluid_desktop iframe {\n\t\t\t    width: 100% !important;\n\t\t\t}\n\t\t  <\/style>\n\t\t  ","protected":false},"excerpt":{"rendered":"<p>Colima, M\u00e9xico, Comunicado (30\/04\/2021).- Este viernes, a partir de las 9 de la ma\u00f1ana, las personas que aman el jazz podr\u00e1n disfrutar de un evento art\u00edstico en el que participar\u00e1n m\u00fasicos, poetas, artistas visuales y docentes titulado: \u201cEl jazz nos hace mejores personas\u201d, que organiza la Escuela de Mercadotecnia de la Universidad de Colima para [&hellip;]<\/p>\n","protected":false},"author":7,"featured_media":22352,"comment_status":"closed","ping_status":"closed","sticky":false,"template":"","format":"standard","meta":{"_coblocks_attr":"","_coblocks_dimensions":"","_coblocks_responsive_height":"","_coblocks_accordion_ie_support":"","_crdt_document":"","advanced_seo_description":"","jetpack_seo_html_title":"","jetpack_seo_noindex":false,"_jetpack_memberships_contains_paid_content":false,"footnotes":""},"categories":[25],"tags":[],"class_list":["post-22351","post","type-post","status-publish","format-standard","has-post-thumbnail","hentry","category-cultura"],"jetpack_featured_media_url":"https:\/\/diarioavanzada.com.mx\/wp-content\/uploads\/2021\/04\/El-Jazz-nos-hace-mejores-personas_NO-ES-PUBLICIDAD.jpg","jetpack-related-posts":[],"jetpack_sharing_enabled":true,"amp_enabled":true,"_links":{"self":[{"href":"https:\/\/diarioavanzada.com.mx\/index.php?rest_route=\/wp\/v2\/posts\/22351","targetHints":{"allow":["GET"]}}],"collection":[{"href":"https:\/\/diarioavanzada.com.mx\/index.php?rest_route=\/wp\/v2\/posts"}],"about":[{"href":"https:\/\/diarioavanzada.com.mx\/index.php?rest_route=\/wp\/v2\/types\/post"}],"author":[{"embeddable":true,"href":"https:\/\/diarioavanzada.com.mx\/index.php?rest_route=\/wp\/v2\/users\/7"}],"replies":[{"embeddable":true,"href":"https:\/\/diarioavanzada.com.mx\/index.php?rest_route=%2Fwp%2Fv2%2Fcomments&post=22351"}],"version-history":[{"count":0,"href":"https:\/\/diarioavanzada.com.mx\/index.php?rest_route=\/wp\/v2\/posts\/22351\/revisions"}],"wp:featuredmedia":[{"embeddable":true,"href":"https:\/\/diarioavanzada.com.mx\/index.php?rest_route=\/wp\/v2\/media\/22352"}],"wp:attachment":[{"href":"https:\/\/diarioavanzada.com.mx\/index.php?rest_route=%2Fwp%2Fv2%2Fmedia&parent=22351"}],"wp:term":[{"taxonomy":"category","embeddable":true,"href":"https:\/\/diarioavanzada.com.mx\/index.php?rest_route=%2Fwp%2Fv2%2Fcategories&post=22351"},{"taxonomy":"post_tag","embeddable":true,"href":"https:\/\/diarioavanzada.com.mx\/index.php?rest_route=%2Fwp%2Fv2%2Ftags&post=22351"}],"curies":[{"name":"wp","href":"https:\/\/api.w.org\/{rel}","templated":true}]}}