{"id":22254,"date":"2021-04-27T09:22:11","date_gmt":"2021-04-27T14:22:11","guid":{"rendered":"https:\/\/diarioavanzada.com.mx\/?p=22254"},"modified":"2021-04-27T09:22:18","modified_gmt":"2021-04-27T14:22:18","slug":"la-violencia-del-narco-roza-al-gobernador-de-michoacan","status":"publish","type":"post","link":"https:\/\/diarioavanzada.com.mx\/?p=22254","title":{"rendered":"La violencia del narco roza al gobernador de Michoac\u00e1n"},"content":{"rendered":"\n<p class=\"wp-block-paragraph\">Colima, M\u00e9xico, Avanzada (27\/04\/2021).- En la recta final de un sexenio marcado por la guerra de c\u00e1rteles del crimen organizado, el gobernador de Michoac\u00e1n, Silvano Aureoles Conejo, quien ha sido se\u00f1alado de tener contacto con grupos criminales, se vio rozado por la violencia del narco cuando hace unos d\u00edas fue ejecutado un integrante del personal de seguridad de la Casa de Gobierno.<\/p>\n\n\n\n<p class=\"wp-block-paragraph\">La v\u00edctima primero fue privada de su libertad y estuvo desaparecida durante varios d\u00edas, hasta que fue encontrado su cuerpo sin vida, estrangulado y maniatado, en un paraje del municipio Salvador Escalante.<\/p>\n\n\n\n<p class=\"wp-block-paragraph\">Luego del hecho, el secretario de Seguridad P\u00fablica, Israel Patr\u00f3n Reyes, trat\u00f3 de desvincular las implicaciones del trabajo que realizaba el elemento de seguridad, para afirmar que el asunto no tiene que ver con el gobernador.<\/p>\n\n\n\n<p class=\"wp-block-paragraph\">&#8220;\u00c9l se encontraba en sus d\u00edas de descanso en el municipio donde \u00e9l ten\u00eda a su familia. Dejar con toda claridad que en las primeras l\u00edneas de investigaci\u00f3n se\u00f1alan que estos hechos no corresponden a una actividad que tenga que ver con una actividad profesional, es decir, no tiene que ver con la profesi\u00f3n que \u00e9l estaba realizando dentro de Casa de gobierno por lo tanto de ninguna manera la seguridad del gobernador est\u00e1 en riesgo\u201d, asegur\u00f3 el funcionario.<\/p>\n\n\n\n<p class=\"wp-block-paragraph\">Seg\u00fan observadores, la violencia del narcotr\u00e1fico en Michoac\u00e1n aument\u00f3 en 2015 tras la llegada de Silvano Aureoles a la gubernatura del estado y tras la captura de Servando \u201cLa Tuta\u201d.<\/p>\n\n\n\n<p class=\"wp-block-paragraph\">La lucha por el control del estado ha sido protagonizada por el C\u00e1rtel Jalisco Nueva Generaci\u00f3n (CJNG), que encabeza Nemesio Oseguera \u201cEl Mencho\u201d, originario del municipio de Aguililla, y Los Viagras, adem\u00e1s de algunos grupos de supuestos autodefensas que han sido vinculados con el narco.<\/p>\n\n\n\n<p class=\"wp-block-paragraph\">Precisamente en una reciente visita a Aguililla, el gobernador Aureoles agredi\u00f3 con un empuj\u00f3n a un manifestante que portaba una cartulina, lo que qued\u00f3 registrado en un video, y despu\u00e9s trat\u00f3 de justificarse en las redes sociales argumentando que se trataba de \u201chalcones\u201d que estaban provocando a las fuerzas de seguridad.<\/p>\n\n\n\n<p class=\"wp-block-paragraph\">Sin embargo, en realidad se trataba de un maestro de la Coordinadora Nacional de Trabajadores de la Educaci\u00f3n que ped\u00eda paz en la regi\u00f3n, quien posteriormente present\u00f3 una denuncia contra el mandatario por la agresi\u00f3n sufrida.<\/p>\n\n\n\n<p class=\"wp-block-paragraph\">En marzo de 2018, el l\u00edder del grupo criminal \u201cLos Viagras\u201d, Nicol\u00e1s Sierra Santana, difundi\u00f3 en las redes sociales un video en el que asegur\u00f3 que el gobernador Aureoles le hab\u00eda dado dinero para obtener votos y garantizar la tranquilidad del estado.<\/p>\n\n\n\n<p class=\"wp-block-paragraph\">Dijo: \u201cTodo esto que est\u00e1 pasando, no es culpa de nadie. Es culpa de Aureoles, porque as\u00ed quiere mantener el estado. Invito a derechos humanos internacionales que vengan, invito a todos los periodistas internacionales, nacionales, que vengan a ver la realidad\u201d.<\/p>\n\n\n\n<p class=\"wp-block-paragraph\">A trav\u00e9s del video, cuestion\u00f3 al mandatario: &#8220;\u00bfPor qu\u00e9 est\u00e1 haciendo esto Silvano Aureoles, que es el gobernador del estado de Michoac\u00e1n? \u00bfpor qu\u00e9 est\u00e1 haciendo esto? Porque no le convengo, porque s\u00e9 mucho. Bueno, vamos empezando. Al inicio de tu campa\u00f1a me mandaste un mill\u00f3n de pesos para que te ayudara con unos votos \u00bfs\u00ed? Hace 20 d\u00edas, m\u00e1s o menos, me mandaste a ofrecer 10 millones de pesos para que te garantizara la tranquilidad del estado. Como sab\u00edas que no se iba a arreglar la tranquilidad, y me mandas ese gancho, para hacerme un compromiso, y si no cumpl\u00eda, echarme al gobierno encima\u201d.<\/p>\n\n\n\n<p class=\"wp-block-paragraph\">El gobierno de Aureoles se ha visto manchado por graves hechos de violencia, como el caso de 19 cuerpos encontrados en distintos puntos de Uruapan, algunos descuartizados y otros colgados de puentes vehiculares, hecho del que se culparon unos a otros diversos grupos criminales.<\/p>\n\n\n\n<p class=\"wp-block-paragraph\">Tambi\u00e9n ocurri\u00f3 un enfrentamiento entre elementos del C\u00e1rtel Jalisco Nueva Generaci\u00f3n y gente de El Abuelo, que termin\u00f3 con nueve muertos y m\u00e1s de diez heridos en el municipio de Tepalcatepec.<\/p>\n\n\n\n<p class=\"wp-block-paragraph\">Otro hecho sangriento ocurri\u00f3 en el municipio de Aguililla, cuando un convoy de cinco patrullas de la Polic\u00eda Estatal de Michoac\u00e1n, fue emboscado por presuntos sicarios del CJNG, con un saldo fue de 13 agentes muertos y nueve heridos.<\/p>\n<div class=\"fb-background-color\">\n\t\t\t  <div \n\t\t\t  \tclass = \"fb-comments\" \n\t\t\t  \tdata-href = \"https:\/\/diarioavanzada.com.mx\/?p=22254\"\n\t\t\t  \tdata-numposts = \"10\"\n\t\t\t  \tdata-lazy = \"true\"\n\t\t\t\tdata-colorscheme = \"light\"\n\t\t\t\tdata-order-by = \"social\"\n\t\t\t\tdata-mobile=true>\n\t\t\t  <\/div><\/div>\n\t\t  <style>\n\t\t    .fb-background-color {\n\t\t\t\tbackground:  !important;\n\t\t\t}\n\t\t\t.fb_iframe_widget_fluid_desktop iframe {\n\t\t\t    width: 100% !important;\n\t\t\t}\n\t\t  <\/style>\n\t\t  ","protected":false},"excerpt":{"rendered":"<p>Colima, M\u00e9xico, Avanzada (27\/04\/2021).- En la recta final de un sexenio marcado por la guerra de c\u00e1rteles del crimen organizado, el gobernador de Michoac\u00e1n, Silvano Aureoles Conejo, quien ha sido se\u00f1alado de tener contacto con grupos criminales, se vio rozado por la violencia del narco cuando hace unos d\u00edas fue ejecutado un integrante del personal [&hellip;]<\/p>\n","protected":false},"author":7,"featured_media":22255,"comment_status":"closed","ping_status":"closed","sticky":false,"template":"","format":"standard","meta":{"_coblocks_attr":"","_coblocks_dimensions":"","_coblocks_responsive_height":"","_coblocks_accordion_ie_support":"","_crdt_document":"","advanced_seo_description":"","jetpack_seo_html_title":"","jetpack_seo_noindex":false,"_jetpack_memberships_contains_paid_content":false,"footnotes":""},"categories":[19],"tags":[210],"class_list":["post-22254","post","type-post","status-publish","format-standard","has-post-thumbnail","hentry","category-colima","tag-portada"],"jetpack_featured_media_url":"https:\/\/diarioavanzada.com.mx\/wp-content\/uploads\/2021\/04\/Silvano.jpg","jetpack-related-posts":[],"jetpack_sharing_enabled":true,"amp_enabled":true,"_links":{"self":[{"href":"https:\/\/diarioavanzada.com.mx\/index.php?rest_route=\/wp\/v2\/posts\/22254","targetHints":{"allow":["GET"]}}],"collection":[{"href":"https:\/\/diarioavanzada.com.mx\/index.php?rest_route=\/wp\/v2\/posts"}],"about":[{"href":"https:\/\/diarioavanzada.com.mx\/index.php?rest_route=\/wp\/v2\/types\/post"}],"author":[{"embeddable":true,"href":"https:\/\/diarioavanzada.com.mx\/index.php?rest_route=\/wp\/v2\/users\/7"}],"replies":[{"embeddable":true,"href":"https:\/\/diarioavanzada.com.mx\/index.php?rest_route=%2Fwp%2Fv2%2Fcomments&post=22254"}],"version-history":[{"count":0,"href":"https:\/\/diarioavanzada.com.mx\/index.php?rest_route=\/wp\/v2\/posts\/22254\/revisions"}],"wp:featuredmedia":[{"embeddable":true,"href":"https:\/\/diarioavanzada.com.mx\/index.php?rest_route=\/wp\/v2\/media\/22255"}],"wp:attachment":[{"href":"https:\/\/diarioavanzada.com.mx\/index.php?rest_route=%2Fwp%2Fv2%2Fmedia&parent=22254"}],"wp:term":[{"taxonomy":"category","embeddable":true,"href":"https:\/\/diarioavanzada.com.mx\/index.php?rest_route=%2Fwp%2Fv2%2Fcategories&post=22254"},{"taxonomy":"post_tag","embeddable":true,"href":"https:\/\/diarioavanzada.com.mx\/index.php?rest_route=%2Fwp%2Fv2%2Ftags&post=22254"}],"curies":[{"name":"wp","href":"https:\/\/api.w.org\/{rel}","templated":true}]}}