{"id":21922,"date":"2021-04-19T13:45:43","date_gmt":"2021-04-19T18:45:43","guid":{"rendered":"https:\/\/diarioavanzada.com.mx\/?p=21922"},"modified":"2021-04-19T13:45:50","modified_gmt":"2021-04-19T18:45:50","slug":"abre-udec-convocatoria-a-programas-de-posgrado-con-nueva-opcion-de-maestria-en-bioetica","status":"publish","type":"post","link":"https:\/\/diarioavanzada.com.mx\/?p=21922","title":{"rendered":"Abre UdeC convocatoria a programas de Posgrado, con nueva opci\u00f3n de Maestr\u00eda en Bio\u00e9tica"},"content":{"rendered":"\n<p class=\"wp-block-paragraph\">Colima, M\u00e9xico, Comunicado (19\/04\/2021).- La Universidad de Colima, a trav\u00e9s de la Direcci\u00f3n General de Posgrado, acaba de lanzar la convocatoria para el proceso de admisi\u00f3n a 23 programas acad\u00e9micos de especialidad, maestr\u00eda y doctorado. Dicho proceso iniciar\u00e1 con el periodo de inscripci\u00f3n, del 11 al 28 de mayo.<\/p>\n\n\n\n<p class=\"wp-block-paragraph\">Arianna S\u00e1nchez Espinosa, directora general de Posgrado, inform\u00f3 del total de programas vigentes en la instituci\u00f3n, que son 41; \u201cel 40 por ciento tiene la acreditaci\u00f3n del Programa Nacional de Posgrados de Calidad (PNPC) del Conacyt y de la Secretar\u00eda de Educaci\u00f3n, lo cual da acceso a becas para que los estudiantes se dediquen completamente al posgrado y se pueda cumplir as\u00ed con los est\u00e1ndares de calidad requeridos\u201d.<\/p>\n\n\n\n<p class=\"wp-block-paragraph\">Agreg\u00f3 que la UdeC cuenta con tres modalidades de posgrado: la especializaci\u00f3n, la maestr\u00eda y el doctorado. En la especialidad destac\u00f3 programas como el de Enfermer\u00eda quir\u00fargica, Ginecolog\u00eda y obstetricia y Medicina familiar, y en las maestr\u00edas y doctorados las de perfil profesionalizante y de investigaci\u00f3n.<\/p>\n\n\n\n<p class=\"wp-block-paragraph\">Adem\u00e1s, resalt\u00f3, \u201ctenemos un nuevo programa: la Maestr\u00eda en Bio\u00e9tica, que se impartir\u00e1 de forma multidisciplinar y multi-sede, y en la que participan las facultades de Medicina y Derecho junto con la Escuela de Filosof\u00eda. Tambi\u00e9n tenemos doctorados interinstitucionales, como los que se ofrecen tanto en la Facultad de Derecho como en la Facultad de Arquitectura\u201d.<\/p>\n\n\n\n<p class=\"wp-block-paragraph\">Los interesados en ingresar a un posgrado de la UdeC tendr\u00e1n que inscribirse al proceso de admisi\u00f3n desde el 11 y hasta el 28 de mayo, en un enlace que estar\u00e1 disponible en la p\u00e1gina web de la UdeC, y deber\u00e1n cubrir un pago de 850 pesos. Del 13 de mayo al 16 de junio deber\u00e1n registrarse para el examen Ceneval-EXANI III, cuya aplicaci\u00f3n ser\u00e1 el 28 de junio en las instalaciones universitarias. Finalmente, los resultados se dar\u00e1n a conocer el seis de agosto.<\/p>\n\n\n\n<p class=\"wp-block-paragraph\">Los documentos que se requieren para el ingreso a los programas educativos son: t\u00edtulo y\/o c\u00e9dula profesional de los estudios previos, certificado de estudios previos con promedio m\u00ednimo de 8.0, acta de nacimiento legible, constancia de comprensi\u00f3n lectora de ingl\u00e9s o el TOEFL con un m\u00ednimo de 400 puntos y resultado de EXANI III con un m\u00ednimo 900 puntos, adem\u00e1s de los que se especifican en cada una de las convocatorias.<\/p>\n\n\n\n<p class=\"wp-block-paragraph\">\u201cEs importante que sepan que el proceso de admisi\u00f3n se realizar\u00e1 en l\u00ednea y que no tendr\u00e1n que venir a la instituci\u00f3n, por ello estamos pidiendo que los documentos enviados sean legibles. Una vez aceptados, deber\u00e1n presentarse en los planteles donde se imparte el programa en que fueron aceptados. Quienes busquen ingresar a los programas inter-institucionales, deber\u00e1n verificar el costo del proceso. El pago al proceso de admisi\u00f3n no incluye el TOEFL ni los cursos proped\u00e9uticos\u201d, dijo.<\/p>\n\n\n\n<p class=\"wp-block-paragraph\">La directora de Posgrado coment\u00f3 que la Facultad de Lenguas Extranjeras ofrece un curso gratuito y en l\u00ednea para quienes deban presentar el TOEFL; los interesados en tomarlo tendr\u00e1n que comunicarse directamente con ese plantel.<\/p>\n\n\n\n<p class=\"wp-block-paragraph\">Las dudas sobre el proceso de admisi\u00f3n se atender\u00e1n en el n\u00famero 312 316 1120, extensi\u00f3n 38051; en el correo electr\u00f3nico <a href=\"mailto:dgp@ucol.mx\">dgp@ucol.mx<\/a>, as\u00ed como en la fanpage de Facebook de la Direcci\u00f3n General de Posgrado UdeC, en donde se sube informaci\u00f3n de cada programa y las fechas espec\u00edficas.<\/p>\n\n\n\n<p class=\"wp-block-paragraph\">\u201cLos invitamos a que conozcan los programas de posgrado y conozcan su calidad. Es importante comentarles tambi\u00e9n que, debido a la competitividad en el mercado laboral, cada vez es m\u00e1s necesaria una especializaci\u00f3n y que se les brinde una mejor formaci\u00f3n a los profesionistas, y en este caso la Universidad de Colima es la mejor opci\u00f3n\u201d, finaliz\u00f3.<\/p>\n<div class=\"fb-background-color\">\n\t\t\t  <div \n\t\t\t  \tclass = \"fb-comments\" \n\t\t\t  \tdata-href = \"https:\/\/diarioavanzada.com.mx\/?p=21922\"\n\t\t\t  \tdata-numposts = \"10\"\n\t\t\t  \tdata-lazy = \"true\"\n\t\t\t\tdata-colorscheme = \"light\"\n\t\t\t\tdata-order-by = \"social\"\n\t\t\t\tdata-mobile=true>\n\t\t\t  <\/div><\/div>\n\t\t  <style>\n\t\t    .fb-background-color {\n\t\t\t\tbackground:  !important;\n\t\t\t}\n\t\t\t.fb_iframe_widget_fluid_desktop iframe {\n\t\t\t    width: 100% !important;\n\t\t\t}\n\t\t  <\/style>\n\t\t  ","protected":false},"excerpt":{"rendered":"<p>Colima, M\u00e9xico, Comunicado (19\/04\/2021).- La Universidad de Colima, a trav\u00e9s de la Direcci\u00f3n General de Posgrado, acaba de lanzar la convocatoria para el proceso de admisi\u00f3n a 23 programas acad\u00e9micos de especialidad, maestr\u00eda y doctorado. Dicho proceso iniciar\u00e1 con el periodo de inscripci\u00f3n, del 11 al 28 de mayo. Arianna S\u00e1nchez Espinosa, directora general de [&hellip;]<\/p>\n","protected":false},"author":7,"featured_media":21926,"comment_status":"closed","ping_status":"closed","sticky":false,"template":"","format":"standard","meta":{"_coblocks_attr":"","_coblocks_dimensions":"","_coblocks_responsive_height":"","_coblocks_accordion_ie_support":"","_crdt_document":"","advanced_seo_description":"","jetpack_seo_html_title":"","jetpack_seo_noindex":false,"_jetpack_memberships_contains_paid_content":false,"footnotes":""},"categories":[7],"tags":[],"class_list":["post-21922","post","type-post","status-publish","format-standard","has-post-thumbnail","hentry","category-noticias"],"jetpack_featured_media_url":"https:\/\/diarioavanzada.com.mx\/wp-content\/uploads\/2021\/04\/image-48.png","jetpack-related-posts":[],"jetpack_sharing_enabled":true,"amp_enabled":true,"_links":{"self":[{"href":"https:\/\/diarioavanzada.com.mx\/index.php?rest_route=\/wp\/v2\/posts\/21922","targetHints":{"allow":["GET"]}}],"collection":[{"href":"https:\/\/diarioavanzada.com.mx\/index.php?rest_route=\/wp\/v2\/posts"}],"about":[{"href":"https:\/\/diarioavanzada.com.mx\/index.php?rest_route=\/wp\/v2\/types\/post"}],"author":[{"embeddable":true,"href":"https:\/\/diarioavanzada.com.mx\/index.php?rest_route=\/wp\/v2\/users\/7"}],"replies":[{"embeddable":true,"href":"https:\/\/diarioavanzada.com.mx\/index.php?rest_route=%2Fwp%2Fv2%2Fcomments&post=21922"}],"version-history":[{"count":0,"href":"https:\/\/diarioavanzada.com.mx\/index.php?rest_route=\/wp\/v2\/posts\/21922\/revisions"}],"wp:featuredmedia":[{"embeddable":true,"href":"https:\/\/diarioavanzada.com.mx\/index.php?rest_route=\/wp\/v2\/media\/21926"}],"wp:attachment":[{"href":"https:\/\/diarioavanzada.com.mx\/index.php?rest_route=%2Fwp%2Fv2%2Fmedia&parent=21922"}],"wp:term":[{"taxonomy":"category","embeddable":true,"href":"https:\/\/diarioavanzada.com.mx\/index.php?rest_route=%2Fwp%2Fv2%2Fcategories&post=21922"},{"taxonomy":"post_tag","embeddable":true,"href":"https:\/\/diarioavanzada.com.mx\/index.php?rest_route=%2Fwp%2Fv2%2Ftags&post=21922"}],"curies":[{"name":"wp","href":"https:\/\/api.w.org\/{rel}","templated":true}]}}