{"id":21467,"date":"2021-04-02T00:50:25","date_gmt":"2021-04-02T06:50:25","guid":{"rendered":"https:\/\/diarioavanzada.com.mx\/?p=21467"},"modified":"2021-04-02T00:51:01","modified_gmt":"2021-04-02T06:51:01","slug":"murio-bebe-de-3-meses-en-el-imss-de-manzanillo-cndh-emite-recomendacion-por-negligencia-medica","status":"publish","type":"post","link":"https:\/\/diarioavanzada.com.mx\/?p=21467","title":{"rendered":"Muri\u00f3 beb\u00e9 de 3 meses en el IMSS de Manzanillo; CNDH emiti\u00f3 recomendaci\u00f3n por negligencia m\u00e9dica"},"content":{"rendered":"\n<p class=\"wp-block-paragraph\">M\u00e9xico, Comunicado (02\/04\/2021).- La Comisi\u00f3n Nacional de los Derechos Humanos (CNDH), dirigi\u00f3 la Recomendaci\u00f3n 08\/2021 al Director General del Instituto Mexicano del Seguro Social (IMSS), Zo\u00e9 Alejandro Robledo Aburto, por la inadecuada atenci\u00f3n que seis m\u00e9dicos del Hospital General de Zona N\u00b010 (HGZ-10) en Manzanillo, Colima, proporcionaron a un menor de 3 meses de edad, que deriv\u00f3 en su muerte.&nbsp;<\/p>\n\n\n\n<p class=\"wp-block-paragraph\">El 8 de mayo de 2019, la v\u00edctima ingres\u00f3 a la Unidad de Medicina Familiar (UMF) 162, donde una m\u00e9dica general lo atendi\u00f3 y le dio tratamiento para c\u00f3licos, pero al persistir los malestares, fue ingresado de nuevo y otro m\u00e9dico general le diagnostic\u00f3 otofaringitis infecciosa, bronquitis aguda y, para descartar infecci\u00f3n de v\u00edas respiratorias bajas, proporcion\u00f3 a los padres del menor una carta de traslado para ser atendido de manera urgente en el HGZ-10.&nbsp;<\/p>\n\n\n\n<p class=\"wp-block-paragraph\">En dicho hospital, la v\u00edctima fue atendida por un m\u00e9dico que insisti\u00f3 en el diagn\u00f3stico de c\u00f3licos, ignorando la regencia del m\u00e9dico de la UMF, por lo que otorg\u00f3 el alta m\u00e9dica. Un d\u00eda despu\u00e9s, el menor fue ingresado nuevamente al \u00e1rea de urgencias del hospital, siendo diagnosticado con faringitis, v\u00f3mito de sangre procedente del aparato digestivo y deshidrataci\u00f3n, por lo que fue hospitalizado para m\u00e1s estudios m\u00e9dicos. &nbsp; &nbsp;<\/p>\n\n\n\n<p class=\"wp-block-paragraph\">Los pediatras que atendieron al menor insistieron en que no ten\u00eda nada y fue s\u00f3lo por reclamos de la madre que, hasta las 18:00 horas, otro m\u00e9dico realiz\u00f3 una nueva valoraci\u00f3n, diagnostic\u00e1ndolo con S\u00edndrome de Dificultad Respiratoria; intolerancia a la lactosa y probable infecci\u00f3n de v\u00edas urinarias, por lo que orden\u00f3 la realizaci\u00f3n de una radiograf\u00eda y nebulizaci\u00f3n, adem\u00e1s de prescribirle un medicamento.&nbsp;<\/p>\n\n\n\n<p class=\"wp-block-paragraph\">A las 22:00 horas, el menor arroj\u00f3 espuma por la boca y sangre a trav\u00e9s de la nariz y boca, por lo que la madre solicit\u00f3 ayuda de otro m\u00e9dico, quien, riendo, les asegur\u00f3 que su hijo acababa de sufrir un paro respiratorio y pod\u00eda morir; sin embargo, otra pediatra les mencion\u00f3 que ya hab\u00eda fallecido, debido a que no fue atendido a tiempo.&nbsp;<\/p>\n\n\n\n<p class=\"wp-block-paragraph\">Del an\u00e1lisis l\u00f3gico jur\u00eddico de los hechos y evidencias que integran el expediente, la CNDH cont\u00f3 con elementos que permitieron evidenciar violaciones a los derechos humanos a la protecci\u00f3n de la salud, a la vida y al inter\u00e9s superior de la ni\u00f1ez. Por ello, esta Comisi\u00f3n Nacional solicit\u00f3 al Director General del IMSS&nbsp;<\/p>\n\n\n\n<p class=\"wp-block-paragraph\">que, junto con la Comisi\u00f3n Ejecutiva de Atenci\u00f3n a V\u00edctimas, reparen integralmente el da\u00f1o a las v\u00edctimas y familiares del menor, incluyendo una compensaci\u00f3n justa y suficiente, en t\u00e9rminos de la Ley General de V\u00edctimas; se les inscriba en el Registro Nacional de V\u00edctimas, y se les otorgue atenci\u00f3n psicol\u00f3gica y tanatol\u00f3gica; colaborar con la CNDH en la queja que se presente ante el \u00d3rgano Interno de Control en el IMSS en contra de seis m\u00e9dicos que atendieron al menor.<\/p>\n\n\n\n<p class=\"wp-block-paragraph\">Finalmente, pidi\u00f3 capacitar a todo el personal m\u00e9dico y de enfermer\u00eda del HGZ-10 sobre el Derecho a la Salud y los est\u00e1ndares de disponibilidad, accesibilidad, aceptabilidad y calidad que deben cumplir los servicios de salud, los derechos de la primera infancia e inter\u00e9s superior de la ni\u00f1ez, adem\u00e1s de que deber\u00e1 crear un programa permanente para la prevenci\u00f3n y atenci\u00f3n de los casos de atenci\u00f3n m\u00e9dica infantil. &nbsp;<\/p>\n<div class=\"fb-background-color\">\n\t\t\t  <div \n\t\t\t  \tclass = \"fb-comments\" \n\t\t\t  \tdata-href = \"https:\/\/diarioavanzada.com.mx\/?p=21467\"\n\t\t\t  \tdata-numposts = \"10\"\n\t\t\t  \tdata-lazy = \"true\"\n\t\t\t\tdata-colorscheme = \"light\"\n\t\t\t\tdata-order-by = \"social\"\n\t\t\t\tdata-mobile=true>\n\t\t\t  <\/div><\/div>\n\t\t  <style>\n\t\t    .fb-background-color {\n\t\t\t\tbackground:  !important;\n\t\t\t}\n\t\t\t.fb_iframe_widget_fluid_desktop iframe {\n\t\t\t    width: 100% !important;\n\t\t\t}\n\t\t  <\/style>\n\t\t  ","protected":false},"excerpt":{"rendered":"<p>M\u00e9xico, Comunicado (02\/04\/2021).- La Comisi\u00f3n Nacional de los Derechos Humanos (CNDH), dirigi\u00f3 la Recomendaci\u00f3n 08\/2021 al Director General del Instituto Mexicano del Seguro Social (IMSS), Zo\u00e9 Alejandro Robledo Aburto, por la inadecuada atenci\u00f3n que seis m\u00e9dicos del Hospital General de Zona N\u00b010 (HGZ-10) en Manzanillo, Colima, proporcionaron a un menor de 3 meses de edad, [&hellip;]<\/p>\n","protected":false},"author":7,"featured_media":10145,"comment_status":"closed","ping_status":"closed","sticky":false,"template":"","format":"standard","meta":{"_coblocks_attr":"","_coblocks_dimensions":"","_coblocks_responsive_height":"","_coblocks_accordion_ie_support":"","_crdt_document":"","advanced_seo_description":"","jetpack_seo_html_title":"","jetpack_seo_noindex":false,"_jetpack_memberships_contains_paid_content":false,"footnotes":""},"categories":[19,27],"tags":[210],"class_list":["post-21467","post","type-post","status-publish","format-standard","has-post-thumbnail","hentry","category-colima","category-salud","tag-portada"],"jetpack_featured_media_url":"https:\/\/diarioavanzada.com.mx\/wp-content\/uploads\/2020\/02\/imss_twitter.jpg","jetpack-related-posts":[],"jetpack_sharing_enabled":true,"amp_enabled":true,"_links":{"self":[{"href":"https:\/\/diarioavanzada.com.mx\/index.php?rest_route=\/wp\/v2\/posts\/21467","targetHints":{"allow":["GET"]}}],"collection":[{"href":"https:\/\/diarioavanzada.com.mx\/index.php?rest_route=\/wp\/v2\/posts"}],"about":[{"href":"https:\/\/diarioavanzada.com.mx\/index.php?rest_route=\/wp\/v2\/types\/post"}],"author":[{"embeddable":true,"href":"https:\/\/diarioavanzada.com.mx\/index.php?rest_route=\/wp\/v2\/users\/7"}],"replies":[{"embeddable":true,"href":"https:\/\/diarioavanzada.com.mx\/index.php?rest_route=%2Fwp%2Fv2%2Fcomments&post=21467"}],"version-history":[{"count":0,"href":"https:\/\/diarioavanzada.com.mx\/index.php?rest_route=\/wp\/v2\/posts\/21467\/revisions"}],"wp:featuredmedia":[{"embeddable":true,"href":"https:\/\/diarioavanzada.com.mx\/index.php?rest_route=\/wp\/v2\/media\/10145"}],"wp:attachment":[{"href":"https:\/\/diarioavanzada.com.mx\/index.php?rest_route=%2Fwp%2Fv2%2Fmedia&parent=21467"}],"wp:term":[{"taxonomy":"category","embeddable":true,"href":"https:\/\/diarioavanzada.com.mx\/index.php?rest_route=%2Fwp%2Fv2%2Fcategories&post=21467"},{"taxonomy":"post_tag","embeddable":true,"href":"https:\/\/diarioavanzada.com.mx\/index.php?rest_route=%2Fwp%2Fv2%2Ftags&post=21467"}],"curies":[{"name":"wp","href":"https:\/\/api.w.org\/{rel}","templated":true}]}}