{"id":21266,"date":"2021-03-25T09:46:13","date_gmt":"2021-03-25T15:46:13","guid":{"rendered":"https:\/\/diarioavanzada.com.mx\/?p=21266"},"modified":"2021-03-25T09:46:19","modified_gmt":"2021-03-25T15:46:19","slug":"periodistas-exigen-que-el-iee-cese-arbitrariedades-contra-la-libertad-de-expresion","status":"publish","type":"post","link":"https:\/\/diarioavanzada.com.mx\/?p=21266","title":{"rendered":"Periodistas exigen que el IEE cese arbitrariedades contra la libertad de expresi\u00f3n"},"content":{"rendered":"\n<p class=\"wp-block-paragraph\">Colima, M\u00e9xico, Avanzada (25\/03\/2021).- Organizaciones de periodistas de Colima y de M\u00e9xico realizaron una protesta contra el Instituto Electoral del Estado, al que acusaron de realizar actos de censura contra la libertad de expresi\u00f3n, con el pretexto de aplicar la legislaci\u00f3n sobre violencia pol\u00edtica de g\u00e9nero.<\/p>\n\n\n\n<p class=\"wp-block-paragraph\">Por la ma\u00f1ana del mi\u00e9rcoles, miembros de la Federaci\u00f3n de Asociaciones de Periodistas de M\u00e9xico (Fapermex), el Club de Reporteros de Colima (CRC) y la Comisi\u00f3n General para la Protecci\u00f3n Integral del Ejercicio Period\u00edstico (Copip) realizaron una protesta frente a las instalaciones del IEE, debido a que ese organismo electoral dict\u00f3 medidas cautelares para que varios medios electr\u00f3nicos bajaran de sus sitios algunas notas que conten\u00edan declaraciones de un diputado que fue denunciado por violencia pol\u00edtica de g\u00e9nero por la candidata de Morena a la gubernatura, Indira Vizca\u00edno Silva.<\/p>\n\n\n\n<p class=\"wp-block-paragraph\">Por la noche, el comit\u00e9 nacional en pleno de la Fapermex, as\u00ed como los fundadores de la organizaci\u00f3n y del Club Primera Plana, del Colegio Nacional de Licenciados en Periodismo (Conalipe) y la Federaci\u00f3n Latinoamericana de Periodistas (Felap) emitieron un comunicado nacional, intitulado \u201cEl Instituto Electoral de Colima, censor de la prensa\u201d, en el que se solidarizaron con el gremio period\u00edstico colimense.<\/p>\n\n\n\n<p class=\"wp-block-paragraph\">Expusieron que el organismo que deber\u00eda ser guardi\u00e1n de la democracia se ha convertido en enemigo de las libertades de prensa y expresi\u00f3n, a la vez que advirtieron que cada d\u00eda son mayores los abusos de los \u00f3rganos aut\u00f3nomos o desconcentrados, al quererse convertir en tribunales de horca y cuchillo, por lo que \u201cel gremio period\u00edstico organizado de M\u00e9xico se solidariza plenamente con las demandas respeto a las libertades primaria\u201d.<\/p>\n\n\n\n<p class=\"wp-block-paragraph\">Expresaron que \u201cresulta en verdad un contrasentido que los organismos descentralizados o aut\u00f3nomos pretendan convertirse en tribunales de alzada o de horca y cuchillo, como ahora est\u00e1 ocurriendo con las acciones arbitrarias contra el libre ejercicio del periodismo por parte del Instituto Electoral del Estado de Colima\u201d.<\/p>\n\n\n\n<p class=\"wp-block-paragraph\">En la manifestaci\u00f3n frente al IEE, los representantes del gremio period\u00edstico colimense exigieron que se frenen las acciones de censura que se han cometido en contra de diversos medios de comunicaci\u00f3n.<\/p>\n\n\n\n<p class=\"wp-block-paragraph\">En la manifestaci\u00f3n estuvieron presentes el titular nacional de la Fapermex, Juan Ram\u00f3n Negrete Jim\u00e9nez; el coordinador del Club de Reporteros, Alfredo Quiles Cabrera; y el presidente de la Copip, Francisco Buenrostro; as\u00ed como integrantes del gremio period\u00edstico de la entidad.&nbsp;<\/p>\n\n\n\n<p class=\"wp-block-paragraph\">En un documento presentado durante ese evento, y entregado al final en la Secretar\u00eda Ejecutiva del IEE, los manifestantes denunciaron que en \u00faltimas fechas se ha visto vulnerada la libertad de expresi\u00f3n por el Instituto Electoral del Estado de Colima, a trav\u00e9s de la Comisi\u00f3n de Denuncias y Quejas, que en un hecho sin precedentes, ha impuesto medidas cautelares en detrimento de la libre expresi\u00f3n.<\/p>\n\n\n\n<p class=\"wp-block-paragraph\">\u201cAl parecer, atendiendo denuncias que se han presentado en materia electoral, dict\u00f3 esas medidas cautelares que han sido trasladadas en contra de medios de comunicaci\u00f3n a pesar de que no son parte de los conflictos en materia electoral.<\/p>\n\n\n\n<p class=\"wp-block-paragraph\">\u201cAmpar\u00e1ndose en esa figura de medidas cautelares, se ha venido censurando a medios de comunicaci\u00f3n, oblig\u00e1ndolos a bajar de los portales digitales informaci\u00f3n proporcionada por diversos actores pol\u00edticos que han sido se\u00f1alados como, probables, responsables de cometer violencia pol\u00edtica, y violencia pol\u00edtica de g\u00e9nero\u201d.<\/p>\n\n\n\n<p class=\"wp-block-paragraph\">Asimismo se dej\u00f3 en claro que de manera unilateral, sin que medie ninguna sentencia de ninguna autoridad jurisdiccional, el Instituto Electoral del Estado, a trav\u00e9s de la Comisi\u00f3n de Denuncias y Quejas, ha ordenado \u201cbajar\u201d informaci\u00f3n, cuando los medios de comunicaci\u00f3n no son parte de esas denuncias.<\/p>\n\n\n\n<p class=\"wp-block-paragraph\">\u201cHay que dejar en claro que ning\u00fan acuerdo, reglamento o ley, est\u00e1 por encima de lo establecido en la Constituci\u00f3n, en este caso la Particular del Estado Libre y Soberano de Colima, de ah\u00ed el malestar de quienes conformamos este gremio que nos vemos vulnerados en nuestras garant\u00edas\u201d.<\/p>\n\n\n\n<p class=\"wp-block-paragraph\">Anunciaron que no van a permitir el amordazamiento ni la censura, y si bien \u201cno pedimos nada que est\u00e9 fuera de la ley, tampoco aceptamos se nos impongan leyes que no est\u00e1n apegadas al marco legal. Las libertades de Prensa y de Expresi\u00f3n son de los derechos m\u00e1s preciados de los ciudadanos mexicanos, por lo que no vamos a admitir que se trastoquen de ninguna manera\u201d.<\/p>\n\n\n\n<p class=\"wp-block-paragraph\">Este jueves se realizar\u00e1 otra manifestaci\u00f3n de protesta de integrantes del gremio period\u00edstico frente a las instalaciones del Comit\u00e9 Municipal Electoral en el puerto de Manzanillo.<\/p>\n\n\n\n<figure class=\"wp-block-gallery columns-1 is-cropped wp-block-gallery-1 is-layout-flex wp-block-gallery-is-layout-flex\"><ul class=\"blocks-gallery-grid\"><li class=\"blocks-gallery-item\"><figure><img loading=\"lazy\" decoding=\"async\" width=\"1024\" height=\"766\" src=\"https:\/\/diarioavanzada.com.mx\/wp-content\/uploads\/2021\/03\/fed3b0b0-1629-40c1-a95d-2bad5850c61a-1024x766.jpg\" alt=\"\" data-id=\"21267\" data-full-url=\"https:\/\/diarioavanzada.com.mx\/wp-content\/uploads\/2021\/03\/fed3b0b0-1629-40c1-a95d-2bad5850c61a.jpg\" data-link=\"https:\/\/diarioavanzada.com.mx\/?attachment_id=21267\" class=\"wp-image-21267\" srcset=\"https:\/\/diarioavanzada.com.mx\/wp-content\/uploads\/2021\/03\/fed3b0b0-1629-40c1-a95d-2bad5850c61a-1024x766.jpg 1024w, https:\/\/diarioavanzada.com.mx\/wp-content\/uploads\/2021\/03\/fed3b0b0-1629-40c1-a95d-2bad5850c61a-300x225.jpg 300w, https:\/\/diarioavanzada.com.mx\/wp-content\/uploads\/2021\/03\/fed3b0b0-1629-40c1-a95d-2bad5850c61a-768x575.jpg 768w, https:\/\/diarioavanzada.com.mx\/wp-content\/uploads\/2021\/03\/fed3b0b0-1629-40c1-a95d-2bad5850c61a.jpg 1280w\" sizes=\"auto, (max-width: 1024px) 100vw, 1024px\" \/><\/figure><\/li><li class=\"blocks-gallery-item\"><figure><img loading=\"lazy\" decoding=\"async\" width=\"1024\" height=\"766\" src=\"https:\/\/diarioavanzada.com.mx\/wp-content\/uploads\/2021\/03\/2008aa24-e5f9-435e-889d-60f85705e040-1024x766.jpg\" alt=\"\" data-id=\"21268\" data-full-url=\"https:\/\/diarioavanzada.com.mx\/wp-content\/uploads\/2021\/03\/2008aa24-e5f9-435e-889d-60f85705e040.jpg\" data-link=\"https:\/\/diarioavanzada.com.mx\/?attachment_id=21268\" class=\"wp-image-21268\" srcset=\"https:\/\/diarioavanzada.com.mx\/wp-content\/uploads\/2021\/03\/2008aa24-e5f9-435e-889d-60f85705e040-1024x766.jpg 1024w, https:\/\/diarioavanzada.com.mx\/wp-content\/uploads\/2021\/03\/2008aa24-e5f9-435e-889d-60f85705e040-300x225.jpg 300w, https:\/\/diarioavanzada.com.mx\/wp-content\/uploads\/2021\/03\/2008aa24-e5f9-435e-889d-60f85705e040-768x575.jpg 768w, https:\/\/diarioavanzada.com.mx\/wp-content\/uploads\/2021\/03\/2008aa24-e5f9-435e-889d-60f85705e040.jpg 1280w\" sizes=\"auto, (max-width: 1024px) 100vw, 1024px\" \/><\/figure><\/li><\/ul><\/figure>\n\n\n\n<p class=\"wp-block-paragraph\"><\/p>\n<div class=\"fb-background-color\">\n\t\t\t  <div \n\t\t\t  \tclass = \"fb-comments\" \n\t\t\t  \tdata-href = \"https:\/\/diarioavanzada.com.mx\/?p=21266\"\n\t\t\t  \tdata-numposts = \"10\"\n\t\t\t  \tdata-lazy = \"true\"\n\t\t\t\tdata-colorscheme = \"light\"\n\t\t\t\tdata-order-by = \"social\"\n\t\t\t\tdata-mobile=true>\n\t\t\t  <\/div><\/div>\n\t\t  <style>\n\t\t    .fb-background-color {\n\t\t\t\tbackground:  !important;\n\t\t\t}\n\t\t\t.fb_iframe_widget_fluid_desktop iframe {\n\t\t\t    width: 100% !important;\n\t\t\t}\n\t\t  <\/style>\n\t\t  ","protected":false},"excerpt":{"rendered":"<p>Colima, M\u00e9xico, Avanzada (25\/03\/2021).- Organizaciones de periodistas de Colima y de M\u00e9xico realizaron una protesta contra el Instituto Electoral del Estado, al que acusaron de realizar actos de censura contra la libertad de expresi\u00f3n, con el pretexto de aplicar la legislaci\u00f3n sobre violencia pol\u00edtica de g\u00e9nero. Por la ma\u00f1ana del mi\u00e9rcoles, miembros de la Federaci\u00f3n [&hellip;]<\/p>\n","protected":false},"author":7,"featured_media":21269,"comment_status":"closed","ping_status":"closed","sticky":false,"template":"","format":"standard","meta":{"_coblocks_attr":"","_coblocks_dimensions":"","_coblocks_responsive_height":"","_coblocks_accordion_ie_support":"","_crdt_document":"","advanced_seo_description":"","jetpack_seo_html_title":"","jetpack_seo_noindex":false,"_jetpack_memberships_contains_paid_content":false,"footnotes":""},"categories":[19],"tags":[210],"class_list":["post-21266","post","type-post","status-publish","format-standard","has-post-thumbnail","hentry","category-colima","tag-portada"],"jetpack_featured_media_url":"https:\/\/diarioavanzada.com.mx\/wp-content\/uploads\/2021\/03\/4f337cbd-cc85-48fa-a85c-9e93e5801b33.jpg","jetpack-related-posts":[],"jetpack_sharing_enabled":true,"amp_enabled":true,"_links":{"self":[{"href":"https:\/\/diarioavanzada.com.mx\/index.php?rest_route=\/wp\/v2\/posts\/21266","targetHints":{"allow":["GET"]}}],"collection":[{"href":"https:\/\/diarioavanzada.com.mx\/index.php?rest_route=\/wp\/v2\/posts"}],"about":[{"href":"https:\/\/diarioavanzada.com.mx\/index.php?rest_route=\/wp\/v2\/types\/post"}],"author":[{"embeddable":true,"href":"https:\/\/diarioavanzada.com.mx\/index.php?rest_route=\/wp\/v2\/users\/7"}],"replies":[{"embeddable":true,"href":"https:\/\/diarioavanzada.com.mx\/index.php?rest_route=%2Fwp%2Fv2%2Fcomments&post=21266"}],"version-history":[{"count":0,"href":"https:\/\/diarioavanzada.com.mx\/index.php?rest_route=\/wp\/v2\/posts\/21266\/revisions"}],"wp:featuredmedia":[{"embeddable":true,"href":"https:\/\/diarioavanzada.com.mx\/index.php?rest_route=\/wp\/v2\/media\/21269"}],"wp:attachment":[{"href":"https:\/\/diarioavanzada.com.mx\/index.php?rest_route=%2Fwp%2Fv2%2Fmedia&parent=21266"}],"wp:term":[{"taxonomy":"category","embeddable":true,"href":"https:\/\/diarioavanzada.com.mx\/index.php?rest_route=%2Fwp%2Fv2%2Fcategories&post=21266"},{"taxonomy":"post_tag","embeddable":true,"href":"https:\/\/diarioavanzada.com.mx\/index.php?rest_route=%2Fwp%2Fv2%2Ftags&post=21266"}],"curies":[{"name":"wp","href":"https:\/\/api.w.org\/{rel}","templated":true}]}}