{"id":21185,"date":"2021-03-22T09:40:00","date_gmt":"2021-03-22T15:40:00","guid":{"rendered":"https:\/\/diarioavanzada.com.mx\/?p=21185"},"modified":"2021-03-22T09:41:31","modified_gmt":"2021-03-22T15:41:31","slug":"ampliando-la-base-electoral","status":"publish","type":"post","link":"https:\/\/diarioavanzada.com.mx\/?p=21185","title":{"rendered":"Ampliando la base electoral"},"content":{"rendered":"\n<p class=\"wp-block-paragraph\">Las pensiones universales se entregar\u00e1n a partir de los 65 a\u00f1os de edad. Esto quiere decir que de 8.5 millones se pasa a 10.3 millones de beneficiarios, adem\u00e1s aumentar\u00e1 la pensi\u00f3n hasta duplicarse para llegar a unos seis mil pesos bimestrales en 2024. El aumento progresivo a la pensi\u00f3n universal se iniciar\u00e1 en julio pr\u00f3ximo, con un alza del 15 por ciento. En enero de los siguientes tres a\u00f1os el crecimiento ser\u00e1 del 20 por ciento anual m\u00e1s la inflaci\u00f3n, hasta llegar a 6 mil pesos bimestrales, explic\u00f3 L\u00f3pez Obrador en Oaxaca el 21 de marzo.<\/p>\n\n\n\n<p class=\"wp-block-paragraph\">El timing pol\u00edtico \u2013dijeran los gringos- del presidente es muy preciso. A partir de hoy la oposici\u00f3n dar\u00e1 una nueva rabieta porque el presidente est\u00e1 en campa\u00f1a y la oposici\u00f3n tambi\u00e9n.<\/p>\n\n\n\n<p class=\"wp-block-paragraph\">Con esta medida el presidente confirma que los consentidos del r\u00e9gimen son los adultos mayores. Tambi\u00e9n con esta nueva medida los gobiernos estatales&nbsp; donde gobierna la oposici\u00f3n se ver\u00e1n cortos en sus pol\u00edticas sociales y taca\u00f1os en su actitud.<\/p>\n\n\n\n<p class=\"wp-block-paragraph\">Las pensiones a partir de los 65 a\u00f1os y el aumento progresivo del monto es una respuesta a la demanda expresada por ciertos sectores de jubilados que demandan el pago de su pensi\u00f3n en Salario M\u00ednimo y no en UMA&nbsp; como actualmente se hace.&nbsp;<\/p>\n\n\n\n<p class=\"wp-block-paragraph\">La respuesta del presidente es universal e intermedia en las aspiraciones de los demandantes. El que se d\u00e9 una respuesta universal es un hecho de justicia social y de generosidad con quienes menos tienen pues quienes reciben pensiones m\u00ednimas ver\u00e1n aumentada sus pensiones autom\u00e1ticamente y pr\u00e1cticamente incrementada en un 50% lo que para ellos ser\u00e1 de gran impacto y es intermedia porque no beneficia a todos sino a los m\u00e1s necesitados. Muchos no vamos a recibir ning\u00fan beneficio pues estamos por debajo del rango de edad.<\/p>\n\n\n\n<p class=\"wp-block-paragraph\">Esta respuesta gustar\u00e1 a quienes tienen pensiones nulas o m\u00ednimas pero no gustar\u00e1 a quienes tienen pensiones altas y no cumplen con el requisito de la edad. Estos \u00faltimos dir\u00e1n que es atole con el dedo y acusar\u00e1n que se trata de una medida electorera.&nbsp;<\/p>\n\n\n\n<p class=\"wp-block-paragraph\">La verdad es que esta medida no es apta para ego\u00edstas. Quienes tienen hoy pensiones decorosas se ver\u00e1n frustrados y acusaran enojo. Pero si ellos hacen memoria recordar\u00e1n que fueron ellos quienes permitieron a sus sindicatos la reforma de la Ley del Issste en 2007 que elimin\u00f3 el r\u00e9gimen de pensiones solidarias y&nbsp; los conden\u00f3 a las afores y, dicho sea de paso, solo garantiz\u00f3 una pensi\u00f3n m\u00ednima de 5,448.89 pesos mensuales. Yo les dir\u00eda, si creen realmente que es atole con el dedo, tienen una opci\u00f3n muy v\u00e1lida volver a votar por el Prian, PRD y Movimiento Ciudadano y santa soluci\u00f3n. La historia ya se la saben.<\/p>\n\n\n\n<p class=\"wp-block-paragraph\">El gobierno de Pe\u00f1a Nieto prefiri\u00f3 darles 48 mil millones de pesos a los m\u00e1s ricos que depositaron en bancos&nbsp; de Andorra; desviaron 10 millones de d\u00f3lares al PRI por medio de Pemex; Rosario Robles el dinero de Sedesol lo desvi\u00f3 por medio de <strong><em>La estafa maestra<\/em><\/strong>. Esos dineros se lo llevaron los ricos sin ning\u00fan pudor. Hoy sabemos que el dinero del presupuesto el gobierno se lo gasta entre los m\u00e1s pobres, \u00e9sa, es una gran diferencia.<\/p>\n\n\n\n<p class=\"wp-block-paragraph\">El aumento progresivo a la pensi\u00f3n universal se iniciar\u00e1 en julio pr\u00f3ximo, con un alza del 15 por ciento. En enero de los siguientes tres a\u00f1os el crecimiento ser\u00e1 del 20 por ciento anual m\u00e1s la inflaci\u00f3n, hasta llegar a 6 mil pesos bimestrales, explic\u00f3 el presidente.<\/p>\n\n\n\n<p class=\"wp-block-paragraph\">El presidente indic\u00f3 que la medida implica un aumento del presupuesto de ese rengl\u00f3n de 135 mil millones de pesos a 240 mil millones en 2022; 300 mil millones en 2023 y 370 mil millones en 2024.<\/p>\n\n\n\n<p class=\"wp-block-paragraph\">&nbsp;Los recursos saldr\u00e1n del presupuesto federal, &#8220;sin aumentar la deuda ni los impuestos y sin gasolinazos&#8221; y producto del ahorro logrado con la &#8220;austeridad republicana juarista&#8221;. \u00c9sa es la diferencia, el presidente explic\u00f3 de donde va a salir el dinero y qu\u00e9 consecuencias tendr\u00e1 en la econom\u00eda nacional. Ni es ret\u00f3rica ni es demagogia.<\/p>\n\n\n\n<p class=\"wp-block-paragraph\">El planteamiento es un llamado a la solidaridad para con los que menos tienen y ser sensibles con ellos para que el pa\u00eds avance.<\/p>\n\n\n\n<p class=\"wp-block-paragraph\">Habr\u00e1 quienes sigan pensando que depositar en bancos de Andorra, transferir el dinero al Prian para sus campa\u00f1as y embolsarlo en los bolsillos de los de siempre es lo mejor. Yo prefiero que el dinero se distribuya en forma m\u00e1s justa y equitativa. Cada quien su pensamiento.<\/p>\n\n\n\n<p class=\"wp-block-paragraph\">\u00bfQu\u00e9 es una medida electoral? S\u00ed, lo es. Como el saqueo a la Sedesol y a Pemex lo fue. La diferencia en objetivos, fines y beneficiaros es abismal. Que cada quien decida de qu\u00e9 lado est\u00e1, todos tenemos derecho a conocer y decidir.<\/p>\n<div class=\"fb-background-color\">\n\t\t\t  <div \n\t\t\t  \tclass = \"fb-comments\" \n\t\t\t  \tdata-href = \"https:\/\/diarioavanzada.com.mx\/?p=21185\"\n\t\t\t  \tdata-numposts = \"10\"\n\t\t\t  \tdata-lazy = \"true\"\n\t\t\t\tdata-colorscheme = \"light\"\n\t\t\t\tdata-order-by = \"social\"\n\t\t\t\tdata-mobile=true>\n\t\t\t  <\/div><\/div>\n\t\t  <style>\n\t\t    .fb-background-color {\n\t\t\t\tbackground:  !important;\n\t\t\t}\n\t\t\t.fb_iframe_widget_fluid_desktop iframe {\n\t\t\t    width: 100% !important;\n\t\t\t}\n\t\t  <\/style>\n\t\t  ","protected":false},"excerpt":{"rendered":"<p>Las pensiones universales se entregar\u00e1n a partir de los 65 a\u00f1os de edad. Esto quiere decir que de 8.5 millones se pasa a 10.3 millones de beneficiarios, adem\u00e1s aumentar\u00e1 la pensi\u00f3n hasta duplicarse para llegar a unos seis mil pesos bimestrales en 2024. El aumento progresivo a la pensi\u00f3n universal se iniciar\u00e1 en julio pr\u00f3ximo, [&hellip;]<\/p>\n","protected":false},"author":9,"featured_media":14164,"comment_status":"closed","ping_status":"closed","sticky":false,"template":"","format":"standard","meta":{"_coblocks_attr":"","_coblocks_dimensions":"","_coblocks_responsive_height":"","_coblocks_accordion_ie_support":"","advanced_seo_description":"","jetpack_seo_html_title":"","jetpack_seo_noindex":false,"jetpack_seo_schema_type":"","_jetpack_newsletter_access":"","_jetpack_dont_email_post_to_subs":false,"_jetpack_newsletter_tier_id":0,"_jetpack_memberships_contains_paywalled_content":false,"_wpcom_ai_launchpad_first_post":false,"_jetpack_feature_clip_id":0,"_jetpack_memberships_contains_paid_content":false,"footnotes":"","jetpack_post_was_ever_published":false},"categories":[19,24],"tags":[220,210],"class_list":["post-21185","post","type-post","status-publish","format-standard","has-post-thumbnail","hentry","category-colima","category-opinion","tag-opinion","tag-portada"],"jetpack-related-posts":[],"jetpack_sharing_enabled":true,"amp_enabled":true,"jetpack_featured_media_url":"https:\/\/diarioavanzada.com.mx\/wp-content\/uploads\/2020\/07\/AMLO.jpg","_links":{"self":[{"href":"https:\/\/diarioavanzada.com.mx\/index.php?rest_route=\/wp\/v2\/posts\/21185","targetHints":{"allow":["GET"]}}],"collection":[{"href":"https:\/\/diarioavanzada.com.mx\/index.php?rest_route=\/wp\/v2\/posts"}],"about":[{"href":"https:\/\/diarioavanzada.com.mx\/index.php?rest_route=\/wp\/v2\/types\/post"}],"author":[{"embeddable":true,"href":"https:\/\/diarioavanzada.com.mx\/index.php?rest_route=\/wp\/v2\/users\/9"}],"replies":[{"embeddable":true,"href":"https:\/\/diarioavanzada.com.mx\/index.php?rest_route=%2Fwp%2Fv2%2Fcomments&post=21185"}],"version-history":[{"count":0,"href":"https:\/\/diarioavanzada.com.mx\/index.php?rest_route=\/wp\/v2\/posts\/21185\/revisions"}],"wp:featuredmedia":[{"embeddable":true,"href":"https:\/\/diarioavanzada.com.mx\/index.php?rest_route=\/wp\/v2\/media\/14164"}],"wp:attachment":[{"href":"https:\/\/diarioavanzada.com.mx\/index.php?rest_route=%2Fwp%2Fv2%2Fmedia&parent=21185"}],"wp:term":[{"taxonomy":"category","embeddable":true,"href":"https:\/\/diarioavanzada.com.mx\/index.php?rest_route=%2Fwp%2Fv2%2Fcategories&post=21185"},{"taxonomy":"post_tag","embeddable":true,"href":"https:\/\/diarioavanzada.com.mx\/index.php?rest_route=%2Fwp%2Fv2%2Ftags&post=21185"}],"curies":[{"name":"wp","href":"https:\/\/api.w.org\/{rel}","templated":true}]}}