{"id":21159,"date":"2021-03-21T13:46:46","date_gmt":"2021-03-21T19:46:46","guid":{"rendered":"https:\/\/diarioavanzada.com.mx\/?p=21159"},"modified":"2021-03-21T13:47:59","modified_gmt":"2021-03-21T19:47:59","slug":"la-feminidad-no-esta-peleada-con-la-capacidad-para-ocupar-un-cargo-myreya-arteaga","status":"publish","type":"post","link":"https:\/\/diarioavanzada.com.mx\/?p=21159","title":{"rendered":"La feminidad no est\u00e1 peleada con la capacidad para ocupar un cargo: Myreya Arteaga"},"content":{"rendered":"\n<p class=\"wp-block-paragraph\">Colima, M\u00e9xico, Comunicado (21\/03\/2021).- \u201cMicromachismos, la meritocracia, los techos y paredes de cristal, mantienen a las mujeres en la desigualdad pol\u00edtica\u201d, de acuerdo con la profesora investigadora y directora general de Prevenci\u00f3n y Autorregulaci\u00f3n del Instituto Nacional de Transparencia, Acceso a la Informaci\u00f3n y Protecci\u00f3n de Datos Personales (INAI), Mireya Arteaga Dirzo.<\/p>\n\n\n\n<p class=\"wp-block-paragraph\">Arteaga Dirzo particip\u00f3 en el Seminario Permanente de Democracia que realiza la Facultad de Derecho de la Universidad de Colima con la conferencia virtual: \u201cViolencia pol\u00edtica de g\u00e9nero y el acceso de las mujeres en los espacios de poder p\u00fablico\u201d, donde realiz\u00f3 un puntual recorrido por los conceptos y aspectos de la violencia pol\u00edtica y expuso los retos para que las mujeres ejerzan sus derechos pol\u00edticos.<\/p>\n\n\n\n<p class=\"wp-block-paragraph\">Ahora que el pa\u00eds se encuentra en periodo de elecciones, dijo que el primer reto para las mujeres es obtener esos cargos p\u00fablicos, \u201cy una vez en ese espacio deben identificar que no est\u00e1 peleado el tema de la feminidad con la capacidad que tenemos para estar al frente de un cargo. S\u00ed hay ejemplos. Vemos a mujeres en el poder que han enfrentado los retos m\u00e1s dif\u00edciles al momento de convivir con otras mujeres, sin hacer menos esa sororidad entre muchas de nosotras\u201d.<\/p>\n\n\n\n<p class=\"wp-block-paragraph\">Por ello, dijo, \u201clas mujeres debemos ponernos de acuerdo entre nosotras para, desde el poder, empujar a las que vienen detr\u00e1s, y no porque sean menos sino porque a\u00fan no han encontrado el acceso a los lugares p\u00fablicos\u201d.<\/p>\n\n\n\n<p class=\"wp-block-paragraph\">Otro reto, dijo Arteaga Dirzo, \u201ces entender que no estamos en tema de confrontaci\u00f3n o enemistad con los varones sino simplemente buscamos romper esos techos de cristal para tener igualdad de circunstancias\u201d.<\/p>\n\n\n\n<p class=\"wp-block-paragraph\">La tambi\u00e9n comisionada presidenta del Instituto Morelense de Informaci\u00f3n P\u00fablica y Estad\u00edstica del Estado de Morelos, Mireya Arteaga puntualiz\u00f3 que \u201cno todo es violencia pol\u00edtica\u201d, y que \u201cpodemos identificar la violencia pol\u00edtica que s\u00ed tiene elementos de g\u00e9nero\u201d.<\/p>\n\n\n\n<p class=\"wp-block-paragraph\">Antes de describir la violencia pol\u00edtica de g\u00e9nero, Arteaga Dirzo record\u00f3 que en una democracia la pol\u00edtica es un espacio de confrontaci\u00f3n, debate y disenso, porque se hacen presentes diferentes expresiones ideol\u00f3gicas, pol\u00edticas y se tienen diferentes intereses.<\/p>\n\n\n\n<p class=\"wp-block-paragraph\">Entonces, puntualiz\u00f3, \u201cla violencia pol\u00edtica tiene componentes de g\u00e9nero cuando la agresi\u00f3n se dirige a una mujer por ser mujer y por lo que representa simb\u00f3licamente bajo concepciones basadas en estereotipos\u201d.<\/p>\n\n\n\n<p class=\"wp-block-paragraph\">Es violencia, a\u00f1adi\u00f3, \u201ccuando una acci\u00f3n u omisi\u00f3n tiene un impacto diferenciado en mujeres y hombres, cuando las consecuencias se agravan por la condici\u00f3n de ser mujer y cuando \u00e9stas afectan adem\u00e1s de forma desproporcionada\u201d.<\/p>\n\n\n\n<p class=\"wp-block-paragraph\">Arteaga Dirzo, quien recientemente public\u00f3 el libro \u201cDelito de feminicidio, di\u00e1logo polis\u00e9mico y su emergencia en la pol\u00edtica criminal sist\u00e9mica\u201d, en la Editorail Ib\u00e1\u00f1ez, expres\u00f3 los m\u00faltiples logros de las mujeres en pol\u00edtica a partir del derecho al voto e invit\u00f3 a la audiencia a reflexionar que, \u201csi bien hay historias de progreso e igualdad, todav\u00eda existe resistencia al debate en torno a la desigualdad de g\u00e9nero y las consecuencias que \u00e9sta trae a la sociedad\u201d.<\/p>\n\n\n\n<p class=\"wp-block-paragraph\">\u201cNos encontramos lejos de la igualdad; seguimos limitadas y no por nuestro intelecto, capacidades o aptitudes sino por \u2018mochilas\u2019 culturales, sistemas econ\u00f3micos y pol\u00edticos anacr\u00f3nicos que en este mundo moderno revolucionario llevamos todav\u00eda cuestas\u201d, a\u00f1adi\u00f3.<\/p>\n\n\n\n<p class=\"wp-block-paragraph\">Habl\u00f3 de los micromachismos, techos de cristal y el argumento de la meritocracia, donde se hace hincapi\u00e9 en que importa el g\u00e9nero sino que sean los mejores candidatos a ocupar un puesto. Al respecto, se\u00f1al\u00f3 que si el sistema quisiera ser m\u00e1s meritocr\u00e1tico en t\u00e9rminos de experiencia y formaci\u00f3n, deber\u00eda haber m\u00e1s mujeres en las legislaturas, gobierno, ministerios y todos los \u00f3rganos de gobierno.<\/p>\n\n\n\n<figure class=\"wp-block-gallery columns-1 is-cropped wp-block-gallery-1 is-layout-flex wp-block-gallery-is-layout-flex\"><ul class=\"blocks-gallery-grid\"><li class=\"blocks-gallery-item\"><figure><img loading=\"lazy\" decoding=\"async\" width=\"638\" height=\"363\" src=\"https:\/\/diarioavanzada.com.mx\/wp-content\/uploads\/2021\/03\/Violencia-poli\u0301tica-de-ge\u0301nero-conferencia_a.jpg\" alt=\"\" data-id=\"21160\" data-full-url=\"https:\/\/diarioavanzada.com.mx\/wp-content\/uploads\/2021\/03\/Violencia-poli\u0301tica-de-ge\u0301nero-conferencia_a.jpg\" data-link=\"https:\/\/diarioavanzada.com.mx\/?attachment_id=21160\" class=\"wp-image-21160\" srcset=\"https:\/\/diarioavanzada.com.mx\/wp-content\/uploads\/2021\/03\/Violencia-poli\u0301tica-de-ge\u0301nero-conferencia_a.jpg 638w, https:\/\/diarioavanzada.com.mx\/wp-content\/uploads\/2021\/03\/Violencia-poli\u0301tica-de-ge\u0301nero-conferencia_a-300x171.jpg 300w\" sizes=\"auto, (max-width: 638px) 100vw, 638px\" \/><\/figure><\/li><li class=\"blocks-gallery-item\"><figure><img loading=\"lazy\" decoding=\"async\" width=\"640\" height=\"480\" src=\"https:\/\/diarioavanzada.com.mx\/wp-content\/uploads\/2021\/03\/Violencia-poli\u0301tica-de-ge\u0301nero-conferencia_Myreya-Arteaga.jpg\" alt=\"\" data-id=\"21162\" data-full-url=\"https:\/\/diarioavanzada.com.mx\/wp-content\/uploads\/2021\/03\/Violencia-poli\u0301tica-de-ge\u0301nero-conferencia_Myreya-Arteaga.jpg\" data-link=\"https:\/\/diarioavanzada.com.mx\/?attachment_id=21162\" class=\"wp-image-21162\" srcset=\"https:\/\/diarioavanzada.com.mx\/wp-content\/uploads\/2021\/03\/Violencia-poli\u0301tica-de-ge\u0301nero-conferencia_Myreya-Arteaga.jpg 640w, https:\/\/diarioavanzada.com.mx\/wp-content\/uploads\/2021\/03\/Violencia-poli\u0301tica-de-ge\u0301nero-conferencia_Myreya-Arteaga-300x225.jpg 300w\" sizes=\"auto, (max-width: 640px) 100vw, 640px\" \/><\/figure><\/li><\/ul><\/figure>\n\n\n\n<p class=\"wp-block-paragraph\"><\/p>\n<div class=\"fb-background-color\">\n\t\t\t  <div \n\t\t\t  \tclass = \"fb-comments\" \n\t\t\t  \tdata-href = \"https:\/\/diarioavanzada.com.mx\/?p=21159\"\n\t\t\t  \tdata-numposts = \"10\"\n\t\t\t  \tdata-lazy = \"true\"\n\t\t\t\tdata-colorscheme = \"light\"\n\t\t\t\tdata-order-by = \"social\"\n\t\t\t\tdata-mobile=true>\n\t\t\t  <\/div><\/div>\n\t\t  <style>\n\t\t    .fb-background-color {\n\t\t\t\tbackground:  !important;\n\t\t\t}\n\t\t\t.fb_iframe_widget_fluid_desktop iframe {\n\t\t\t    width: 100% !important;\n\t\t\t}\n\t\t  <\/style>\n\t\t  ","protected":false},"excerpt":{"rendered":"<p>Colima, M\u00e9xico, Comunicado (21\/03\/2021).- \u201cMicromachismos, la meritocracia, los techos y paredes de cristal, mantienen a las mujeres en la desigualdad pol\u00edtica\u201d, de acuerdo con la profesora investigadora y directora general de Prevenci\u00f3n y Autorregulaci\u00f3n del Instituto Nacional de Transparencia, Acceso a la Informaci\u00f3n y Protecci\u00f3n de Datos Personales (INAI), Mireya Arteaga Dirzo. Arteaga Dirzo particip\u00f3 [&hellip;]<\/p>\n","protected":false},"author":7,"featured_media":21161,"comment_status":"closed","ping_status":"closed","sticky":false,"template":"","format":"standard","meta":{"_coblocks_attr":"","_coblocks_dimensions":"","_coblocks_responsive_height":"","_coblocks_accordion_ie_support":"","_crdt_document":"","advanced_seo_description":"","jetpack_seo_html_title":"","jetpack_seo_noindex":false,"_jetpack_memberships_contains_paid_content":false,"footnotes":""},"categories":[7],"tags":[],"class_list":["post-21159","post","type-post","status-publish","format-standard","has-post-thumbnail","hentry","category-noticias"],"jetpack_featured_media_url":"https:\/\/diarioavanzada.com.mx\/wp-content\/uploads\/2021\/03\/Violencia-poli\u0301tica-de-ge\u0301nero-conferencia_b.jpg","jetpack-related-posts":[],"jetpack_sharing_enabled":true,"amp_enabled":true,"_links":{"self":[{"href":"https:\/\/diarioavanzada.com.mx\/index.php?rest_route=\/wp\/v2\/posts\/21159","targetHints":{"allow":["GET"]}}],"collection":[{"href":"https:\/\/diarioavanzada.com.mx\/index.php?rest_route=\/wp\/v2\/posts"}],"about":[{"href":"https:\/\/diarioavanzada.com.mx\/index.php?rest_route=\/wp\/v2\/types\/post"}],"author":[{"embeddable":true,"href":"https:\/\/diarioavanzada.com.mx\/index.php?rest_route=\/wp\/v2\/users\/7"}],"replies":[{"embeddable":true,"href":"https:\/\/diarioavanzada.com.mx\/index.php?rest_route=%2Fwp%2Fv2%2Fcomments&post=21159"}],"version-history":[{"count":0,"href":"https:\/\/diarioavanzada.com.mx\/index.php?rest_route=\/wp\/v2\/posts\/21159\/revisions"}],"wp:featuredmedia":[{"embeddable":true,"href":"https:\/\/diarioavanzada.com.mx\/index.php?rest_route=\/wp\/v2\/media\/21161"}],"wp:attachment":[{"href":"https:\/\/diarioavanzada.com.mx\/index.php?rest_route=%2Fwp%2Fv2%2Fmedia&parent=21159"}],"wp:term":[{"taxonomy":"category","embeddable":true,"href":"https:\/\/diarioavanzada.com.mx\/index.php?rest_route=%2Fwp%2Fv2%2Fcategories&post=21159"},{"taxonomy":"post_tag","embeddable":true,"href":"https:\/\/diarioavanzada.com.mx\/index.php?rest_route=%2Fwp%2Fv2%2Ftags&post=21159"}],"curies":[{"name":"wp","href":"https:\/\/api.w.org\/{rel}","templated":true}]}}