{"id":21091,"date":"2021-03-19T06:31:25","date_gmt":"2021-03-19T12:31:25","guid":{"rendered":"https:\/\/diarioavanzada.com.mx\/?p=21091"},"modified":"2021-03-19T06:31:27","modified_gmt":"2021-03-19T12:31:27","slug":"carlos-vazquez-reclama-a-indira-vizcaino-por-los-dedazos-en-morena","status":"publish","type":"post","link":"https:\/\/diarioavanzada.com.mx\/?p=21091","title":{"rendered":"Carlos V\u00e1zquez reclama a Indira Vizca\u00edno por los \u201cdedazos\u201d en Morena"},"content":{"rendered":"\n<p class=\"wp-block-paragraph\">Colima, M\u00e9xico, Avanzada (19\/03\/2021).- Ante la tardanza de la definici\u00f3n de las candidaturas del Movimiento Regeneraci\u00f3n Nacional (Morena) a los ayuntamientos y a las diputaciones locales, el empresario Carlos V\u00e1zquez Oldenbourg encar\u00f3 recientemente a la candidata morenista a la gubernatura, Indira Vizca\u00edno Silva, a quien le reproch\u00f3 que se est\u00e1 preparando un dedazo.<\/p>\n\n\n\n<p class=\"wp-block-paragraph\">El dos veces alcalde de Colima, quien presume su \u201camistad personal\u201d con el presidente Andr\u00e9s Manuel L\u00f3pez Obrador abord\u00f3 a Vizca\u00edno en un evento de campa\u00f1a, donde frente a varios medios de comunicaci\u00f3n discuti\u00f3 con ella, cuestion\u00e1ndole porque no le ha concedido ni siquiera una reuni\u00f3n de 15 minutos para hablar del asunto.<\/p>\n\n\n\n<p class=\"wp-block-paragraph\">Ante el actual proceso electoral, V\u00e1zquez Oldenbourg se inscribi\u00f3 como aspirante a la candidatura de Morena a la presidencia municipal de Colima, la que ya ocup\u00f3 en 1983 por el PRI, cuando su primo Miguel de la Madrid Hurtado era presidente de la Rep\u00fablica, y en 1997 por el PRD, cuando L\u00f3pez Obrador era dirigente nacional del PRD.<\/p>\n\n\n\n<p class=\"wp-block-paragraph\">Carlos V\u00e1zquez justific\u00f3 su reclamo a Indira Vizca\u00edno con el argumento de que ya se est\u00e1n agotando los \u201ctiempos fatales\u201d que se\u00f1ala el Instituto Electoral del Estado (IEE) para el registro de candidaturas.<\/p>\n\n\n\n<p class=\"wp-block-paragraph\">En respuesta, la candidata le dijo al empresario que la decisi\u00f3n no ser\u00e1 tomada por ella, ni por la dirigencia estatal o el Consejo Pol\u00edtico, sino que ser\u00e1 tomada en la Comisi\u00f3n Nacional de Elecciones (CNE) a partir de las encuestas que se apliquen.<\/p>\n\n\n\n<p class=\"wp-block-paragraph\">Molesto ante ese argumento, V\u00e1zquez Oldenbourg espet\u00f3: \u201c\u00bfY sabe c\u00f3mo se llama eso? \u00a1Es un dedazo! Manej\u00e1ndose que porque en M\u00e9xico las encuestas salieron as\u00ed y as\u00e1. \u00bfY ellos c\u00f3mo nos pueden demostrar los resultados de las encuestas?\u201d.<\/p>\n\n\n\n<p class=\"wp-block-paragraph\">Seg\u00fan Indira Vizca\u00edno, cuando ella fue nombrada candidata, todas las aspirantes recibieron la explicaci\u00f3n de la forma como se llev\u00f3 a cabo la encuesta y cada uno de los resultados obtenidos, le dijo que recurra a la CNE y le sugiri\u00f3 que si \u00e9l no conf\u00eda no participe en el proceso.<\/p>\n\n\n\n<p class=\"wp-block-paragraph\">V\u00e1zquez le insisti\u00f3 que el delegado nacional de Morena recib\u00eda instrucciones de ella en relaci\u00f3n con candidaturas, lo que fue negado por Indira Vizca\u00edno con una frase reiterada: \u201cEst\u00e1 usted equivocado, ingeniero\u201d y termin\u00f3 el r\u00edspido encuentro.<\/p>\n\n\n\n<p class=\"wp-block-paragraph\">En declaraciones posteriores a los medios de comunicaci\u00f3n, Carlos V\u00e1zquez dijo que el prop\u00f3sito de Indira Vizca\u00edno es colocar el mayor n\u00famero de mujeres posibles en las candidaturas de Morena a los puestos de elecci\u00f3n popular.<\/p>\n\n\n\n<p class=\"wp-block-paragraph\">Aunque dijo que Indira Vizca\u00edno le recomend\u00f3 irse a otro partido si no est\u00e1 de acuerdo, \u00e9l asever\u00f3 que no lo har\u00e1 por la siguiente raz\u00f3n: \u201cNo me voy a ir porque yo soy amigo personal de L\u00f3pez Obrador, yo soy de la 4T y soy lopezobradorista y no lo voy a traicionar; \u00e9l no es as\u00ed, la segunda vez que ganamos Colima, en 1997, me mand\u00f3 llamar a M\u00e9xico y en 15 minutos se arregl\u00f3 todo\u201d.<\/p>\n\n\n\n<p class=\"wp-block-paragraph\">Desde el punto de vista de V\u00e1zquez Oldenbourg, Morena est\u00e1 preparando un dedazo en la candidatura a la alcald\u00eda de Colima, porque no hay transparencia en el mecanismo de las encuestas.<\/p>\n\n\n\n<p class=\"wp-block-paragraph\">Despu\u00e9s de ser alcalde por el PRI en el periodo 1983-1985, Carlos V\u00e1zquez aspir\u00f3 en tres ocasiones a ser candidato a gobernador por ese partido, al que renunci\u00f3 en 1997, inconforme con la candidatura del rector Fernando Moreno Pe\u00f1a, y fue postulado y gan\u00f3 la alcald\u00eda de Colima por el PRD.<\/p>\n\n\n\n<p class=\"wp-block-paragraph\">En el a\u00f1o 2000, despu\u00e9s de tener diferencias con la dirigencia perredista, fund\u00f3 el partido local Asociaci\u00f3n por la Democracia Colimense, por el que fue candidato a gobernador de 2003, pero perdi\u00f3 la contienda. En 2006 apoy\u00f3 desde Colima la campa\u00f1a presidencial de Andr\u00e9s Manuel L\u00f3pez Obrador, en 2009 fue candidato del PAN a diputado local, pero perdi\u00f3 ante el priista Federico Rangel Lozano. En 2018 apoyo la campa\u00f1a del candidato priista a la presidencia municipal de Colima, su sobrino Walter Oldenbourg, quien qued\u00f3 en tercer lugar.<\/p>\n<div class=\"fb-background-color\">\n\t\t\t  <div \n\t\t\t  \tclass = \"fb-comments\" \n\t\t\t  \tdata-href = \"https:\/\/diarioavanzada.com.mx\/?p=21091\"\n\t\t\t  \tdata-numposts = \"10\"\n\t\t\t  \tdata-lazy = \"true\"\n\t\t\t\tdata-colorscheme = \"light\"\n\t\t\t\tdata-order-by = \"social\"\n\t\t\t\tdata-mobile=true>\n\t\t\t  <\/div><\/div>\n\t\t  <style>\n\t\t    .fb-background-color {\n\t\t\t\tbackground:  !important;\n\t\t\t}\n\t\t\t.fb_iframe_widget_fluid_desktop iframe {\n\t\t\t    width: 100% !important;\n\t\t\t}\n\t\t  <\/style>\n\t\t  ","protected":false},"excerpt":{"rendered":"<p>Colima, M\u00e9xico, Avanzada (19\/03\/2021).- Ante la tardanza de la definici\u00f3n de las candidaturas del Movimiento Regeneraci\u00f3n Nacional (Morena) a los ayuntamientos y a las diputaciones locales, el empresario Carlos V\u00e1zquez Oldenbourg encar\u00f3 recientemente a la candidata morenista a la gubernatura, Indira Vizca\u00edno Silva, a quien le reproch\u00f3 que se est\u00e1 preparando un dedazo. El dos [&hellip;]<\/p>\n","protected":false},"author":7,"featured_media":21092,"comment_status":"closed","ping_status":"closed","sticky":false,"template":"","format":"standard","meta":{"_coblocks_attr":"","_coblocks_dimensions":"","_coblocks_responsive_height":"","_coblocks_accordion_ie_support":"","_crdt_document":"","advanced_seo_description":"","jetpack_seo_html_title":"","jetpack_seo_noindex":false,"_jetpack_memberships_contains_paid_content":false,"footnotes":""},"categories":[19],"tags":[210],"class_list":["post-21091","post","type-post","status-publish","format-standard","has-post-thumbnail","hentry","category-colima","tag-portada"],"jetpack_featured_media_url":"https:\/\/diarioavanzada.com.mx\/wp-content\/uploads\/2021\/03\/162419950_798322474107778_2655223910216695674_n.jpg","jetpack-related-posts":[],"jetpack_sharing_enabled":true,"amp_enabled":true,"_links":{"self":[{"href":"https:\/\/diarioavanzada.com.mx\/index.php?rest_route=\/wp\/v2\/posts\/21091","targetHints":{"allow":["GET"]}}],"collection":[{"href":"https:\/\/diarioavanzada.com.mx\/index.php?rest_route=\/wp\/v2\/posts"}],"about":[{"href":"https:\/\/diarioavanzada.com.mx\/index.php?rest_route=\/wp\/v2\/types\/post"}],"author":[{"embeddable":true,"href":"https:\/\/diarioavanzada.com.mx\/index.php?rest_route=\/wp\/v2\/users\/7"}],"replies":[{"embeddable":true,"href":"https:\/\/diarioavanzada.com.mx\/index.php?rest_route=%2Fwp%2Fv2%2Fcomments&post=21091"}],"version-history":[{"count":0,"href":"https:\/\/diarioavanzada.com.mx\/index.php?rest_route=\/wp\/v2\/posts\/21091\/revisions"}],"wp:featuredmedia":[{"embeddable":true,"href":"https:\/\/diarioavanzada.com.mx\/index.php?rest_route=\/wp\/v2\/media\/21092"}],"wp:attachment":[{"href":"https:\/\/diarioavanzada.com.mx\/index.php?rest_route=%2Fwp%2Fv2%2Fmedia&parent=21091"}],"wp:term":[{"taxonomy":"category","embeddable":true,"href":"https:\/\/diarioavanzada.com.mx\/index.php?rest_route=%2Fwp%2Fv2%2Fcategories&post=21091"},{"taxonomy":"post_tag","embeddable":true,"href":"https:\/\/diarioavanzada.com.mx\/index.php?rest_route=%2Fwp%2Fv2%2Ftags&post=21091"}],"curies":[{"name":"wp","href":"https:\/\/api.w.org\/{rel}","templated":true}]}}