{"id":20959,"date":"2021-03-13T10:42:34","date_gmt":"2021-03-13T16:42:34","guid":{"rendered":"https:\/\/diarioavanzada.com.mx\/?p=20959"},"modified":"2021-03-13T10:42:42","modified_gmt":"2021-03-13T16:42:42","slug":"atizan-en-redes-a-mario-delgado-por-designacion-de-indira","status":"publish","type":"post","link":"https:\/\/diarioavanzada.com.mx\/?p=20959","title":{"rendered":"Atizan en redes a Mario Delgado por designaci\u00f3n de Indira"},"content":{"rendered":"\n<p class=\"wp-block-paragraph\">Colima, M\u00e9xico, Avanzada (13\/03\/2021).- Mala semana para el colimense, luego del arranque de campa\u00f1a en Manzanillo de la candidata a la gubernatura, Indira Vizca\u00edno, el presidente del \u201cMovimiento de Regeneraci\u00f3n Nacional\u201d, Mario Delgado comparti\u00f3 en redes sociales un video en donde le llovieron cr\u00edticas por la designaci\u00f3n de candidatos en los estados en los que elegir\u00e1n gobernador.<\/p>\n\n\n\n<p class=\"wp-block-paragraph\">El video tiene una duraci\u00f3n de un minuto y treinta y ocho segundos, sin embargo, fue el canal id\u00f3neo para que los usuarios de redes sociales externaran su inconformidad por distintos motivos, en algunos casos se\u00f1alaron que las encuestas no se realizaron, en otros casos advirtieron que, como en el estado de Morelos perder\u00edan la gubernatura por la mala designaci\u00f3n de candidatos. Unos fueron m\u00e1s severos en sus afirmaciones y categ\u00f3ricos dijeron que lo que Mario Delgado pretend\u00eda era desaparecer al partido pol\u00edtico.<\/p>\n\n\n\n<p class=\"wp-block-paragraph\">Si bien es verdad que en un proceso de selecci\u00f3n de candidatos existir\u00e1n siempre personas insatisfechas, tambi\u00e9n es cierto que en algunos casos los se\u00f1alamientos contra los actores pol\u00edticos no ayudan a dar confianza al electorado, por ejemplo en Guerrero fue designado Felix Salgado Macedonio, denunciado por al menos cinco mujeres por violaci\u00f3n y\/o abuso sexual. En el caso de Colima, la candidata Indira Vizca\u00edno es se\u00f1alada por el caso de Altozano y existe una denuncia hecha por el diputado Carlos Far\u00edas por el tema de programas sociales.<\/p>\n\n\n\n<figure class=\"wp-block-image size-large\"><img loading=\"lazy\" decoding=\"async\" width=\"467\" height=\"602\" src=\"https:\/\/diarioavanzada.com.mx\/wp-content\/uploads\/2021\/03\/image-42.png\" alt=\"\" class=\"wp-image-20961\" srcset=\"https:\/\/diarioavanzada.com.mx\/wp-content\/uploads\/2021\/03\/image-42.png 467w, https:\/\/diarioavanzada.com.mx\/wp-content\/uploads\/2021\/03\/image-42-233x300.png 233w\" sizes=\"auto, (max-width: 467px) 100vw, 467px\" \/><\/figure>\n\n\n\n<figure class=\"wp-block-image size-large\"><img loading=\"lazy\" decoding=\"async\" width=\"466\" height=\"611\" src=\"https:\/\/diarioavanzada.com.mx\/wp-content\/uploads\/2021\/03\/image-43.png\" alt=\"\" class=\"wp-image-20962\" srcset=\"https:\/\/diarioavanzada.com.mx\/wp-content\/uploads\/2021\/03\/image-43.png 466w, https:\/\/diarioavanzada.com.mx\/wp-content\/uploads\/2021\/03\/image-43-229x300.png 229w\" sizes=\"auto, (max-width: 466px) 100vw, 466px\" \/><\/figure>\n\n\n\n<figure class=\"wp-block-image size-large\"><img loading=\"lazy\" decoding=\"async\" width=\"442\" height=\"543\" src=\"https:\/\/diarioavanzada.com.mx\/wp-content\/uploads\/2021\/03\/image-44.png\" alt=\"\" class=\"wp-image-20963\" srcset=\"https:\/\/diarioavanzada.com.mx\/wp-content\/uploads\/2021\/03\/image-44.png 442w, https:\/\/diarioavanzada.com.mx\/wp-content\/uploads\/2021\/03\/image-44-244x300.png 244w\" sizes=\"auto, (max-width: 442px) 100vw, 442px\" \/><\/figure>\n\n\n\n<figure class=\"wp-block-image size-large\"><img loading=\"lazy\" decoding=\"async\" width=\"428\" height=\"598\" src=\"https:\/\/diarioavanzada.com.mx\/wp-content\/uploads\/2021\/03\/image-45.png\" alt=\"\" class=\"wp-image-20964\" srcset=\"https:\/\/diarioavanzada.com.mx\/wp-content\/uploads\/2021\/03\/image-45.png 428w, https:\/\/diarioavanzada.com.mx\/wp-content\/uploads\/2021\/03\/image-45-215x300.png 215w\" sizes=\"auto, (max-width: 428px) 100vw, 428px\" \/><\/figure>\n\n\n\n<figure class=\"wp-block-image size-large\"><img loading=\"lazy\" decoding=\"async\" width=\"424\" height=\"524\" src=\"https:\/\/diarioavanzada.com.mx\/wp-content\/uploads\/2021\/03\/image-46.png\" alt=\"\" class=\"wp-image-20965\" srcset=\"https:\/\/diarioavanzada.com.mx\/wp-content\/uploads\/2021\/03\/image-46.png 424w, https:\/\/diarioavanzada.com.mx\/wp-content\/uploads\/2021\/03\/image-46-243x300.png 243w\" sizes=\"auto, (max-width: 424px) 100vw, 424px\" \/><\/figure>\n\n\n\n<figure class=\"wp-block-image size-large\"><img loading=\"lazy\" decoding=\"async\" width=\"467\" height=\"615\" src=\"https:\/\/diarioavanzada.com.mx\/wp-content\/uploads\/2021\/03\/image-47.png\" alt=\"\" class=\"wp-image-20966\" srcset=\"https:\/\/diarioavanzada.com.mx\/wp-content\/uploads\/2021\/03\/image-47.png 467w, https:\/\/diarioavanzada.com.mx\/wp-content\/uploads\/2021\/03\/image-47-228x300.png 228w\" sizes=\"auto, (max-width: 467px) 100vw, 467px\" \/><\/figure>\n\n\n\n<figure class=\"wp-block-image size-large\"><img loading=\"lazy\" decoding=\"async\" width=\"468\" height=\"617\" src=\"https:\/\/diarioavanzada.com.mx\/wp-content\/uploads\/2021\/03\/image-48.png\" alt=\"\" class=\"wp-image-20967\" srcset=\"https:\/\/diarioavanzada.com.mx\/wp-content\/uploads\/2021\/03\/image-48.png 468w, https:\/\/diarioavanzada.com.mx\/wp-content\/uploads\/2021\/03\/image-48-228x300.png 228w\" sizes=\"auto, (max-width: 468px) 100vw, 468px\" \/><\/figure>\n\n\n\n<p class=\"wp-block-paragraph\">La lista de comentarios contin\u00faa, en la mayor\u00eda expresan su descontento.<\/p>\n<div class=\"fb-background-color\">\n\t\t\t  <div \n\t\t\t  \tclass = \"fb-comments\" \n\t\t\t  \tdata-href = \"https:\/\/diarioavanzada.com.mx\/?p=20959\"\n\t\t\t  \tdata-numposts = \"10\"\n\t\t\t  \tdata-lazy = \"true\"\n\t\t\t\tdata-colorscheme = \"light\"\n\t\t\t\tdata-order-by = \"social\"\n\t\t\t\tdata-mobile=true>\n\t\t\t  <\/div><\/div>\n\t\t  <style>\n\t\t    .fb-background-color {\n\t\t\t\tbackground:  !important;\n\t\t\t}\n\t\t\t.fb_iframe_widget_fluid_desktop iframe {\n\t\t\t    width: 100% !important;\n\t\t\t}\n\t\t  <\/style>\n\t\t  ","protected":false},"excerpt":{"rendered":"<p>Colima, M\u00e9xico, Avanzada (13\/03\/2021).- Mala semana para el colimense, luego del arranque de campa\u00f1a en Manzanillo de la candidata a la gubernatura, Indira Vizca\u00edno, el presidente del \u201cMovimiento de Regeneraci\u00f3n Nacional\u201d, Mario Delgado comparti\u00f3 en redes sociales un video en donde le llovieron cr\u00edticas por la designaci\u00f3n de candidatos en los estados en los que [&hellip;]<\/p>\n","protected":false},"author":7,"featured_media":20960,"comment_status":"closed","ping_status":"closed","sticky":false,"template":"","format":"standard","meta":{"_coblocks_attr":"","_coblocks_dimensions":"","_coblocks_responsive_height":"","_coblocks_accordion_ie_support":"","_crdt_document":"","advanced_seo_description":"","jetpack_seo_html_title":"","jetpack_seo_noindex":false,"_jetpack_memberships_contains_paid_content":false,"footnotes":""},"categories":[19],"tags":[210],"class_list":["post-20959","post","type-post","status-publish","format-standard","has-post-thumbnail","hentry","category-colima","tag-portada"],"jetpack_featured_media_url":"https:\/\/diarioavanzada.com.mx\/wp-content\/uploads\/2021\/03\/Indira-Delgado.png","jetpack-related-posts":[],"jetpack_sharing_enabled":true,"amp_enabled":true,"_links":{"self":[{"href":"https:\/\/diarioavanzada.com.mx\/index.php?rest_route=\/wp\/v2\/posts\/20959","targetHints":{"allow":["GET"]}}],"collection":[{"href":"https:\/\/diarioavanzada.com.mx\/index.php?rest_route=\/wp\/v2\/posts"}],"about":[{"href":"https:\/\/diarioavanzada.com.mx\/index.php?rest_route=\/wp\/v2\/types\/post"}],"author":[{"embeddable":true,"href":"https:\/\/diarioavanzada.com.mx\/index.php?rest_route=\/wp\/v2\/users\/7"}],"replies":[{"embeddable":true,"href":"https:\/\/diarioavanzada.com.mx\/index.php?rest_route=%2Fwp%2Fv2%2Fcomments&post=20959"}],"version-history":[{"count":0,"href":"https:\/\/diarioavanzada.com.mx\/index.php?rest_route=\/wp\/v2\/posts\/20959\/revisions"}],"wp:featuredmedia":[{"embeddable":true,"href":"https:\/\/diarioavanzada.com.mx\/index.php?rest_route=\/wp\/v2\/media\/20960"}],"wp:attachment":[{"href":"https:\/\/diarioavanzada.com.mx\/index.php?rest_route=%2Fwp%2Fv2%2Fmedia&parent=20959"}],"wp:term":[{"taxonomy":"category","embeddable":true,"href":"https:\/\/diarioavanzada.com.mx\/index.php?rest_route=%2Fwp%2Fv2%2Fcategories&post=20959"},{"taxonomy":"post_tag","embeddable":true,"href":"https:\/\/diarioavanzada.com.mx\/index.php?rest_route=%2Fwp%2Fv2%2Ftags&post=20959"}],"curies":[{"name":"wp","href":"https:\/\/api.w.org\/{rel}","templated":true}]}}