{"id":20804,"date":"2021-03-09T09:34:50","date_gmt":"2021-03-09T15:34:50","guid":{"rendered":"https:\/\/diarioavanzada.com.mx\/?p=20804"},"modified":"2021-03-09T09:36:15","modified_gmt":"2021-03-09T15:36:15","slug":"vivas-se-las-llevaron-vivas-las-queremos","status":"publish","type":"post","link":"https:\/\/diarioavanzada.com.mx\/?p=20804","title":{"rendered":"\u00a1Vivas se las llevaron, vivas las queremos!"},"content":{"rendered":"\n<p class=\"wp-block-paragraph\">Colima, M\u00e9xico, Avanzada (09\/03\/2021).- Poco despu\u00e9s de las cinco de la tarde se escuch\u00f3 el primer reclamo: Vivas se las llevaron, vivas las queremos.&nbsp; Eran las mujeres que se concentraron en la Piedra Lisa para marchar&nbsp;hacia Palacio de Gobierno, donde exigieron justicia por las desaparecidas y las v\u00edctimas de la violencia feminicida en&nbsp;M\u00e9xico y Colima.<\/p>\n\n\n\n<p class=\"wp-block-paragraph\">El reclamo tambi\u00e9n se escuch\u00f3 en el municipio de Manzanillo, donde se registr\u00f3 una marcha para exigir justicia por los feminicidios de mujeres como Fabiola, quien fue asesinada a pu\u00f1aladas por su ex pareja el 4 de marzo de 2020 y su crimen permanece en la impunidad.<\/p>\n\n\n\n<p class=\"wp-block-paragraph\">Durante la marcha en la capital de Colima, las mujeres \u2013en su mayor\u00eda j\u00f3venes- reclamaban la indiferencia de la sociedad ante los asesinatos y la desaparici\u00f3n de mujeres y nuevamente lo hac\u00edan a trav\u00e9s de una consigna que se escuch\u00f3 durante varias cuadras hasta llegar a Palacio de Gobierno: \u201cSe\u00f1or, se\u00f1ora, no sea indiferente, se mata a las mujeres en la cara de la gente\u201d y una vez m\u00e1s, \u201cSe\u00f1or, se\u00f1ora, no sea indiferente, se mata a las mujeres en la cara de la gente\u201d.<\/p>\n\n\n\n<p class=\"wp-block-paragraph\">A su paso por las calles de la capital colimense, una mujer detuvo al contingente para contarles que estaba buscando a Johana Isabel L\u00f3pez \u00c1lvarez, \u201cfue al centro de Colima y desapareci\u00f3, como todas las mujeres que desaparecen\u201d dec\u00eda &nbsp;la mujer mientras portaba una playera con la fotograf\u00eda de&nbsp;<em>\u201cla china\u201d.<\/em><\/p>\n\n\n\n<p class=\"wp-block-paragraph\">Nuevamente el grito que populariz\u00f3 el comit\u00e9 Eruka, con Rosario Ibarra de Piedra se escuch\u00f3&nbsp;cerca de Palacio de Gobierno: \u201cVivas se las llevaron, vivas las queremos\u201d.<\/p>\n\n\n\n<p class=\"wp-block-paragraph\">Las mujeres que marcharon la tarde de ayer en la capital Colimense\u00a0llegaron a Palacio de Gobierno, donde utilizaron las vallas que se encontraban en este lugar para, igual que en la Ciudad de M\u00e9xico, escribir los nombres de las mujeres asesinadas, y frases donde denuncian que Colima es un estado feminicida.<\/p>\n\n\n\n<p class=\"wp-block-paragraph\"><em>*Fotograf\u00eda: Bertha Reynosos.<\/em><\/p>\n<div class=\"fb-background-color\">\n\t\t\t  <div \n\t\t\t  \tclass = \"fb-comments\" \n\t\t\t  \tdata-href = \"https:\/\/diarioavanzada.com.mx\/?p=20804\"\n\t\t\t  \tdata-numposts = \"10\"\n\t\t\t  \tdata-lazy = \"true\"\n\t\t\t\tdata-colorscheme = \"light\"\n\t\t\t\tdata-order-by = \"social\"\n\t\t\t\tdata-mobile=true>\n\t\t\t  <\/div><\/div>\n\t\t  <style>\n\t\t    .fb-background-color {\n\t\t\t\tbackground:  !important;\n\t\t\t}\n\t\t\t.fb_iframe_widget_fluid_desktop iframe {\n\t\t\t    width: 100% !important;\n\t\t\t}\n\t\t  <\/style>\n\t\t  ","protected":false},"excerpt":{"rendered":"<p>Colima, M\u00e9xico, Avanzada (09\/03\/2021).- Poco despu\u00e9s de las cinco de la tarde se escuch\u00f3 el primer reclamo: Vivas se las llevaron, vivas las queremos.&nbsp; Eran las mujeres que se concentraron en la Piedra Lisa para marchar&nbsp;hacia Palacio de Gobierno, donde exigieron justicia por las desaparecidas y las v\u00edctimas de la violencia feminicida en&nbsp;M\u00e9xico y Colima. [&hellip;]<\/p>\n","protected":false},"author":5,"featured_media":20805,"comment_status":"closed","ping_status":"closed","sticky":false,"template":"","format":"standard","meta":{"_coblocks_attr":"","_coblocks_dimensions":"","_coblocks_responsive_height":"","_coblocks_accordion_ie_support":"","_crdt_document":"","advanced_seo_description":"","jetpack_seo_html_title":"","jetpack_seo_noindex":false,"_jetpack_memberships_contains_paid_content":false,"footnotes":""},"categories":[19,231],"tags":[275,210],"class_list":["post-20804","post","type-post","status-publish","format-standard","has-post-thumbnail","hentry","category-colima","category-seguridad","tag-desaparecidos","tag-portada"],"jetpack_featured_media_url":"https:\/\/diarioavanzada.com.mx\/wp-content\/uploads\/2021\/03\/158717439_10222890468623821_3658655491035198276_o.jpg","jetpack-related-posts":[],"jetpack_sharing_enabled":true,"amp_enabled":true,"_links":{"self":[{"href":"https:\/\/diarioavanzada.com.mx\/index.php?rest_route=\/wp\/v2\/posts\/20804","targetHints":{"allow":["GET"]}}],"collection":[{"href":"https:\/\/diarioavanzada.com.mx\/index.php?rest_route=\/wp\/v2\/posts"}],"about":[{"href":"https:\/\/diarioavanzada.com.mx\/index.php?rest_route=\/wp\/v2\/types\/post"}],"author":[{"embeddable":true,"href":"https:\/\/diarioavanzada.com.mx\/index.php?rest_route=\/wp\/v2\/users\/5"}],"replies":[{"embeddable":true,"href":"https:\/\/diarioavanzada.com.mx\/index.php?rest_route=%2Fwp%2Fv2%2Fcomments&post=20804"}],"version-history":[{"count":0,"href":"https:\/\/diarioavanzada.com.mx\/index.php?rest_route=\/wp\/v2\/posts\/20804\/revisions"}],"wp:featuredmedia":[{"embeddable":true,"href":"https:\/\/diarioavanzada.com.mx\/index.php?rest_route=\/wp\/v2\/media\/20805"}],"wp:attachment":[{"href":"https:\/\/diarioavanzada.com.mx\/index.php?rest_route=%2Fwp%2Fv2%2Fmedia&parent=20804"}],"wp:term":[{"taxonomy":"category","embeddable":true,"href":"https:\/\/diarioavanzada.com.mx\/index.php?rest_route=%2Fwp%2Fv2%2Fcategories&post=20804"},{"taxonomy":"post_tag","embeddable":true,"href":"https:\/\/diarioavanzada.com.mx\/index.php?rest_route=%2Fwp%2Fv2%2Ftags&post=20804"}],"curies":[{"name":"wp","href":"https:\/\/api.w.org\/{rel}","templated":true}]}}