{"id":20751,"date":"2021-03-07T08:24:48","date_gmt":"2021-03-07T14:24:48","guid":{"rendered":"https:\/\/diarioavanzada.com.mx\/?p=20751"},"modified":"2021-03-07T08:29:58","modified_gmt":"2021-03-07T14:29:58","slug":"arrancan-campanas-con-discursos-vacios","status":"publish","type":"post","link":"https:\/\/diarioavanzada.com.mx\/?p=20751","title":{"rendered":"Arrancan campa\u00f1as con discursos vac\u00edos"},"content":{"rendered":"\n<p class=\"wp-block-paragraph\">Colima, M\u00e9xico, Avanzada (07\/03\/2021).- Se dijeron honestos, comprometidos con la sociedad y pr\u00e1cticamente aseguraron que el futuro de Colima estar\u00eda comprometido si no votaban por ellos. Ayer, tres de ocho candidatos arrancaron sus campa\u00f1as pol\u00edticas rumbo a la gubernatura en medio de una pandemia que ha cobrado la vida de 1167 personas.<\/p>\n\n\n\n<p class=\"wp-block-paragraph\">El candidato de Movimiento Ciudadano, Leoncio Alfonso Mor\u00e1n S\u00e1nchez brinc\u00f3 y bail\u00f3 en su arranque de campa\u00f1a. El pol\u00edtico dijo no ser como los pol\u00edticos de siempre, se comprometi\u00f3 a terminar con la corrupci\u00f3n pero olvid\u00f3 que durante su administraci\u00f3n se desviaron 40 millones de pesos que debi\u00f3 entregar al Instituto de Pensiones de los Servidores P\u00fablicos correspondiente a las cuotas&nbsp;o retenciones de los trabajadores.<\/p>\n\n\n\n<p class=\"wp-block-paragraph\">Asegur\u00f3 que llevar\u00eda a Manzanillo (donde arranc\u00f3 su campa\u00f1a) el \u201cbuen gobierno que hizo en Colima\u201d.<\/p>\n\n\n\n<p class=\"wp-block-paragraph\">La candidata de la alianza PRI-PAN-PRD, Mely Romero Celis no consigui\u00f3 entusiasmar a las personas que se congregaron en su arranque de campa\u00f1a. Pese a que la banda tocaba y hac\u00eda redobles cada que terminaba de hablar, el entusiasmo popular no se manifest\u00f3.<\/p>\n\n\n\n<p class=\"wp-block-paragraph\">Sin comprometerse a nada, habl\u00f3 de generalidades olvidando el tema de la violencia hacia la mujer, los homicidios, los se\u00f1alamientos por corrupci\u00f3n que pesan sobre el gobernador emanado de su partido pol\u00edtico o las personas desaparecidas.<\/p>\n\n\n\n<p class=\"wp-block-paragraph\">La candidata de Morena-Nueva Alianza, Indira Vizca\u00edno Silva agradeci\u00f3 a su \u201ccreador\u201d como fue presentado el profesor Arnoldo Vizca\u00edno, acompa\u00f1arla en su arranque de campa\u00f1a en Cuauht\u00e9moc, Colima. <\/p>\n\n\n\n<p class=\"wp-block-paragraph\">La pol\u00edtica colimense se jact\u00f3 de no robar el dinero de las personas cuando fue presidenta municipal en Cuauht\u00e9moc, sin embargo, pesa sobre ella la acusaci\u00f3n que presentaron ciudadanos de ese municipio por el tema \u201cAltozano\u201d, donde presumen un da\u00f1o a la hacienda p\u00fablica por cerca de 100 millones de pesos.\u00a0<\/p>\n\n\n\n<p class=\"wp-block-paragraph\">Ninguno de los tres candidatos se comprometi\u00f3 de llegar a la gubernatura a recuperar los 515 millones de pesos que adeuda el exgobernador Mario Anguiano Moreno al Estado. Omitieron en sus discursos la masacre de 73 personas en Santa Rosa. Olvidaron los m\u00e1s de 3000 homicidios que se cometieron durante el presente sexenio del gobernador Peralta o las m\u00e1s de 1400 personas desaparecidas.<\/p>\n\n\n\n<p class=\"wp-block-paragraph\">El d\u00eda de ayer para ellos fue de fiesta y tal parece que hablar de esos temas, no es relevante.<\/p>\n<div class=\"fb-background-color\">\n\t\t\t  <div \n\t\t\t  \tclass = \"fb-comments\" \n\t\t\t  \tdata-href = \"https:\/\/diarioavanzada.com.mx\/?p=20751\"\n\t\t\t  \tdata-numposts = \"10\"\n\t\t\t  \tdata-lazy = \"true\"\n\t\t\t\tdata-colorscheme = \"light\"\n\t\t\t\tdata-order-by = \"social\"\n\t\t\t\tdata-mobile=true>\n\t\t\t  <\/div><\/div>\n\t\t  <style>\n\t\t    .fb-background-color {\n\t\t\t\tbackground:  !important;\n\t\t\t}\n\t\t\t.fb_iframe_widget_fluid_desktop iframe {\n\t\t\t    width: 100% !important;\n\t\t\t}\n\t\t  <\/style>\n\t\t  ","protected":false},"excerpt":{"rendered":"<p>Colima, M\u00e9xico, Avanzada (07\/03\/2021).- Se dijeron honestos, comprometidos con la sociedad y pr\u00e1cticamente aseguraron que el futuro de Colima estar\u00eda comprometido si no votaban por ellos. Ayer, tres de ocho candidatos arrancaron sus campa\u00f1as pol\u00edticas rumbo a la gubernatura en medio de una pandemia que ha cobrado la vida de 1167 personas. El candidato de [&hellip;]<\/p>\n","protected":false},"author":7,"featured_media":20752,"comment_status":"closed","ping_status":"closed","sticky":false,"template":"","format":"standard","meta":{"_coblocks_attr":"","_coblocks_dimensions":"","_coblocks_responsive_height":"","_coblocks_accordion_ie_support":"","_crdt_document":"","advanced_seo_description":"","jetpack_seo_html_title":"","jetpack_seo_noindex":false,"_jetpack_memberships_contains_paid_content":false,"footnotes":""},"categories":[19],"tags":[210],"class_list":["post-20751","post","type-post","status-publish","format-standard","has-post-thumbnail","hentry","category-colima","tag-portada"],"jetpack_featured_media_url":"https:\/\/diarioavanzada.com.mx\/wp-content\/uploads\/2021\/03\/Carentes.jpg","jetpack-related-posts":[],"jetpack_sharing_enabled":true,"amp_enabled":true,"_links":{"self":[{"href":"https:\/\/diarioavanzada.com.mx\/index.php?rest_route=\/wp\/v2\/posts\/20751","targetHints":{"allow":["GET"]}}],"collection":[{"href":"https:\/\/diarioavanzada.com.mx\/index.php?rest_route=\/wp\/v2\/posts"}],"about":[{"href":"https:\/\/diarioavanzada.com.mx\/index.php?rest_route=\/wp\/v2\/types\/post"}],"author":[{"embeddable":true,"href":"https:\/\/diarioavanzada.com.mx\/index.php?rest_route=\/wp\/v2\/users\/7"}],"replies":[{"embeddable":true,"href":"https:\/\/diarioavanzada.com.mx\/index.php?rest_route=%2Fwp%2Fv2%2Fcomments&post=20751"}],"version-history":[{"count":0,"href":"https:\/\/diarioavanzada.com.mx\/index.php?rest_route=\/wp\/v2\/posts\/20751\/revisions"}],"wp:featuredmedia":[{"embeddable":true,"href":"https:\/\/diarioavanzada.com.mx\/index.php?rest_route=\/wp\/v2\/media\/20752"}],"wp:attachment":[{"href":"https:\/\/diarioavanzada.com.mx\/index.php?rest_route=%2Fwp%2Fv2%2Fmedia&parent=20751"}],"wp:term":[{"taxonomy":"category","embeddable":true,"href":"https:\/\/diarioavanzada.com.mx\/index.php?rest_route=%2Fwp%2Fv2%2Fcategories&post=20751"},{"taxonomy":"post_tag","embeddable":true,"href":"https:\/\/diarioavanzada.com.mx\/index.php?rest_route=%2Fwp%2Fv2%2Ftags&post=20751"}],"curies":[{"name":"wp","href":"https:\/\/api.w.org\/{rel}","templated":true}]}}