{"id":20741,"date":"2021-03-07T06:11:09","date_gmt":"2021-03-07T12:11:09","guid":{"rendered":"https:\/\/diarioavanzada.com.mx\/?p=20741"},"modified":"2021-03-07T06:12:48","modified_gmt":"2021-03-07T12:12:48","slug":"desaparecio-joseline-activan-alerta-alba","status":"publish","type":"post","link":"https:\/\/diarioavanzada.com.mx\/?p=20741","title":{"rendered":"Desapareci\u00f3 Joseline, activan Alerta Alba"},"content":{"rendered":"\n<p class=\"wp-block-paragraph\">Colima, M\u00e9xico, Avanzada (07\/03\/2021).- Joseline Aracely Vel\u00e1zquez Sarabia tiene 15 a\u00f1os de edad y fue vista por \u00faltima vez el d\u00eda 5 de marzo de 2021, cuando sali\u00f3 de su domicilio ubicado en la colonia Centro, en la ciudad de Colima, capital.<\/p>\n\n\n\n<p class=\"wp-block-paragraph\">Joseline es de complexi\u00f3n delgada, mide 1.62 metros de estatura, tiene piel morena clara, cabello a media espalda, lacio, color negro; cejas delineadas, boca chica, labios: el superior delgado y el inferior grueso, ojos chicos color caf\u00e9 oscuros.<\/p>\n\n\n\n<p class=\"wp-block-paragraph\">Como se\u00f1as particulares tiene un tatuaje en la mu\u00f1eca interna izquierda con la figura del infinito y la palabra \u201cLove\u201d, tiene otro tatuaje en la pierna derecha con el nombre \u201cDavid\u201d y un esqueleto de mano sosteniendo una rosa, en la pierna izquierda una calavera fumando.<\/p>\n\n\n\n<p class=\"wp-block-paragraph\">Consulta el Mapa de Personas Desaparecidas en Colima:<br><a href=\"https:\/\/diarioavanzada.com.mx\/?page_id=10985\">https:\/\/diarioavanzada.com.mx\/?page_id=10985<\/a><\/p>\n\n\n\n<figure class=\"wp-block-image size-large\"><img loading=\"lazy\" decoding=\"async\" width=\"540\" height=\"720\" src=\"https:\/\/diarioavanzada.com.mx\/wp-content\/uploads\/2021\/03\/joseline.jpg\" alt=\"\" class=\"wp-image-20742\" srcset=\"https:\/\/diarioavanzada.com.mx\/wp-content\/uploads\/2021\/03\/joseline.jpg 540w, https:\/\/diarioavanzada.com.mx\/wp-content\/uploads\/2021\/03\/joseline-225x300.jpg 225w\" sizes=\"auto, (max-width: 540px) 100vw, 540px\" \/><\/figure>\n\n\n\n<p class=\"wp-block-paragraph\"><\/p>\n<div class=\"fb-background-color\">\n\t\t\t  <div \n\t\t\t  \tclass = \"fb-comments\" \n\t\t\t  \tdata-href = \"https:\/\/diarioavanzada.com.mx\/?p=20741\"\n\t\t\t  \tdata-numposts = \"10\"\n\t\t\t  \tdata-lazy = \"true\"\n\t\t\t\tdata-colorscheme = \"light\"\n\t\t\t\tdata-order-by = \"social\"\n\t\t\t\tdata-mobile=true>\n\t\t\t  <\/div><\/div>\n\t\t  <style>\n\t\t    .fb-background-color {\n\t\t\t\tbackground:  !important;\n\t\t\t}\n\t\t\t.fb_iframe_widget_fluid_desktop iframe {\n\t\t\t    width: 100% !important;\n\t\t\t}\n\t\t  <\/style>\n\t\t  ","protected":false},"excerpt":{"rendered":"<p>Colima, M\u00e9xico, Avanzada (07\/03\/2021).- Joseline Aracely Vel\u00e1zquez Sarabia tiene 15 a\u00f1os de edad y fue vista por \u00faltima vez el d\u00eda 5 de marzo de 2021, cuando sali\u00f3 de su domicilio ubicado en la colonia Centro, en la ciudad de Colima, capital. Joseline es de complexi\u00f3n delgada, mide 1.62 metros de estatura, tiene piel morena [&hellip;]<\/p>\n","protected":false},"author":7,"featured_media":20743,"comment_status":"closed","ping_status":"closed","sticky":false,"template":"","format":"standard","meta":{"_coblocks_attr":"","_coblocks_dimensions":"","_coblocks_responsive_height":"","_coblocks_accordion_ie_support":"","_crdt_document":"","advanced_seo_description":"","jetpack_seo_html_title":"","jetpack_seo_noindex":false,"_jetpack_memberships_contains_paid_content":false,"footnotes":""},"categories":[19],"tags":[275,210],"class_list":["post-20741","post","type-post","status-publish","format-standard","has-post-thumbnail","hentry","category-colima","tag-desaparecidos","tag-portada"],"jetpack_featured_media_url":"https:\/\/diarioavanzada.com.mx\/wp-content\/uploads\/2021\/03\/Jos.png","jetpack-related-posts":[],"jetpack_sharing_enabled":true,"amp_enabled":true,"_links":{"self":[{"href":"https:\/\/diarioavanzada.com.mx\/index.php?rest_route=\/wp\/v2\/posts\/20741","targetHints":{"allow":["GET"]}}],"collection":[{"href":"https:\/\/diarioavanzada.com.mx\/index.php?rest_route=\/wp\/v2\/posts"}],"about":[{"href":"https:\/\/diarioavanzada.com.mx\/index.php?rest_route=\/wp\/v2\/types\/post"}],"author":[{"embeddable":true,"href":"https:\/\/diarioavanzada.com.mx\/index.php?rest_route=\/wp\/v2\/users\/7"}],"replies":[{"embeddable":true,"href":"https:\/\/diarioavanzada.com.mx\/index.php?rest_route=%2Fwp%2Fv2%2Fcomments&post=20741"}],"version-history":[{"count":0,"href":"https:\/\/diarioavanzada.com.mx\/index.php?rest_route=\/wp\/v2\/posts\/20741\/revisions"}],"wp:featuredmedia":[{"embeddable":true,"href":"https:\/\/diarioavanzada.com.mx\/index.php?rest_route=\/wp\/v2\/media\/20743"}],"wp:attachment":[{"href":"https:\/\/diarioavanzada.com.mx\/index.php?rest_route=%2Fwp%2Fv2%2Fmedia&parent=20741"}],"wp:term":[{"taxonomy":"category","embeddable":true,"href":"https:\/\/diarioavanzada.com.mx\/index.php?rest_route=%2Fwp%2Fv2%2Fcategories&post=20741"},{"taxonomy":"post_tag","embeddable":true,"href":"https:\/\/diarioavanzada.com.mx\/index.php?rest_route=%2Fwp%2Fv2%2Ftags&post=20741"}],"curies":[{"name":"wp","href":"https:\/\/api.w.org\/{rel}","templated":true}]}}