{"id":20545,"date":"2021-03-02T15:43:25","date_gmt":"2021-03-02T21:43:25","guid":{"rendered":"https:\/\/diarioavanzada.com.mx\/?p=20545"},"modified":"2021-03-02T15:43:37","modified_gmt":"2021-03-02T21:43:37","slug":"la-mama-golpeo-junto-con-su-novio-a-su-hijo-de-2-anos-porque-no-dejaba-de-llorar-lo-mataron","status":"publish","type":"post","link":"https:\/\/diarioavanzada.com.mx\/?p=20545","title":{"rendered":"La mam\u00e1 golpe\u00f3 junto con su novio a su hijo de 2 a\u00f1os porque no dejaba de llorar, lo mataron"},"content":{"rendered":"\n<p class=\"wp-block-paragraph\">Agentes de la polic\u00eda investigadora de la Fiscal\u00eda General de Justicia del Estado de M\u00e9xico detuvieron a Esteban de 30 a\u00f1os de edad y a Jazmin Ang\u00e9lica de 19 a\u00f1os quienes son investigados por su probable participaci\u00f3n en el asesinato de un menor de dos a\u00f1os y ocho meses de edad.<\/p>\n\n\n\n<p class=\"wp-block-paragraph\">Estas personas fueron ingresadas al Centro Penitenciario de Reinserci\u00f3n Social de Nezahualc\u00f3yotl, donde un juez determin\u00f3 vincularlos a proceso, adem\u00e1s estableci\u00f3 un plazo de dos meses para el cierre de investigaci\u00f3n complementaria y una medida cautelar de prisi\u00f3n preventiva.<\/p>\n\n\n\n<p class=\"wp-block-paragraph\">Ambos fueron detenidos derivado de una investigaci\u00f3n iniciada por la Fiscal\u00eda luego de que elementos de esta instituci\u00f3n tuvieron conocimiento sobre el fallecimiento de un menor quien aparentemente hab\u00eda ca\u00eddo de una escalera, sin embargo de acuerdo con las diligencias hechas se puso se pudo determinar que se trataba de un homicidio.<\/p>\n\n\n\n<p class=\"wp-block-paragraph\">De la indagatoria efectuada se pudo determinar que el pasado 15 de febrero, el menor se encontraba el cuidado de su madre y la pareja sentimental de esta, en un inmueble de las calles Nogales, en la colonia Lomas de San Sebasti\u00e1n, en el municipio de La Paz.<\/p>\n\n\n\n<p class=\"wp-block-paragraph\">En este sitio, ambos habr\u00edan golpeado al peque\u00f1o ya que no dejaba de llorar ocasion\u00e1ndole la muerte. Cabe referir que estas dos personas planeaban conseguir un servicio funerario el cual no diera parte a las autoridades y cremaran de manera inmediata el cuerpo del peque\u00f1o.<\/p>\n\n\n\n<p class=\"wp-block-paragraph\">Una vez que esta instituci\u00f3n tuvo conocimiento de los hechos fue integrada la carpeta de investigaci\u00f3n respectiva y derivado de las indagatorias fueron detenidos los probables part\u00edcipes sin embargo se les debe considerar inocentes hasta que se ha dictado una sentencia condenatoria en contra.<\/p>\n\n\n\n<p class=\"wp-block-paragraph\"><\/p>\n<div class=\"fb-background-color\">\n\t\t\t  <div \n\t\t\t  \tclass = \"fb-comments\" \n\t\t\t  \tdata-href = \"https:\/\/diarioavanzada.com.mx\/?p=20545\"\n\t\t\t  \tdata-numposts = \"10\"\n\t\t\t  \tdata-lazy = \"true\"\n\t\t\t\tdata-colorscheme = \"light\"\n\t\t\t\tdata-order-by = \"social\"\n\t\t\t\tdata-mobile=true>\n\t\t\t  <\/div><\/div>\n\t\t  <style>\n\t\t    .fb-background-color {\n\t\t\t\tbackground:  !important;\n\t\t\t}\n\t\t\t.fb_iframe_widget_fluid_desktop iframe {\n\t\t\t    width: 100% !important;\n\t\t\t}\n\t\t  <\/style>\n\t\t  ","protected":false},"excerpt":{"rendered":"<p>Agentes de la polic\u00eda investigadora de la Fiscal\u00eda General de Justicia del Estado de M\u00e9xico detuvieron a Esteban de 30 a\u00f1os de edad y a Jazmin Ang\u00e9lica de 19 a\u00f1os quienes son investigados por su probable participaci\u00f3n en el asesinato de un menor de dos a\u00f1os y ocho meses de edad. Estas personas fueron ingresadas [&hellip;]<\/p>\n","protected":false},"author":7,"featured_media":20546,"comment_status":"closed","ping_status":"closed","sticky":false,"template":"","format":"standard","meta":{"_coblocks_attr":"","_coblocks_dimensions":"","_coblocks_responsive_height":"","_coblocks_accordion_ie_support":"","_crdt_document":"","advanced_seo_description":"","jetpack_seo_html_title":"","jetpack_seo_noindex":false,"_jetpack_memberships_contains_paid_content":false,"footnotes":""},"categories":[22,231],"tags":[],"class_list":["post-20545","post","type-post","status-publish","format-standard","has-post-thumbnail","hentry","category-nacion","category-seguridad"],"jetpack_featured_media_url":"https:\/\/diarioavanzada.com.mx\/wp-content\/uploads\/2021\/03\/154306293_1646456435564756_9182271720311071851_n.jpg","jetpack-related-posts":[],"jetpack_sharing_enabled":true,"amp_enabled":true,"_links":{"self":[{"href":"https:\/\/diarioavanzada.com.mx\/index.php?rest_route=\/wp\/v2\/posts\/20545","targetHints":{"allow":["GET"]}}],"collection":[{"href":"https:\/\/diarioavanzada.com.mx\/index.php?rest_route=\/wp\/v2\/posts"}],"about":[{"href":"https:\/\/diarioavanzada.com.mx\/index.php?rest_route=\/wp\/v2\/types\/post"}],"author":[{"embeddable":true,"href":"https:\/\/diarioavanzada.com.mx\/index.php?rest_route=\/wp\/v2\/users\/7"}],"replies":[{"embeddable":true,"href":"https:\/\/diarioavanzada.com.mx\/index.php?rest_route=%2Fwp%2Fv2%2Fcomments&post=20545"}],"version-history":[{"count":0,"href":"https:\/\/diarioavanzada.com.mx\/index.php?rest_route=\/wp\/v2\/posts\/20545\/revisions"}],"wp:featuredmedia":[{"embeddable":true,"href":"https:\/\/diarioavanzada.com.mx\/index.php?rest_route=\/wp\/v2\/media\/20546"}],"wp:attachment":[{"href":"https:\/\/diarioavanzada.com.mx\/index.php?rest_route=%2Fwp%2Fv2%2Fmedia&parent=20545"}],"wp:term":[{"taxonomy":"category","embeddable":true,"href":"https:\/\/diarioavanzada.com.mx\/index.php?rest_route=%2Fwp%2Fv2%2Fcategories&post=20545"},{"taxonomy":"post_tag","embeddable":true,"href":"https:\/\/diarioavanzada.com.mx\/index.php?rest_route=%2Fwp%2Fv2%2Ftags&post=20545"}],"curies":[{"name":"wp","href":"https:\/\/api.w.org\/{rel}","templated":true}]}}