{"id":20507,"date":"2021-03-01T13:00:58","date_gmt":"2021-03-01T19:00:58","guid":{"rendered":"https:\/\/diarioavanzada.com.mx\/?p=20507"},"modified":"2021-03-01T13:01:01","modified_gmt":"2021-03-01T19:01:01","slug":"instala-lix-legislatura-la-comision-permanente-la-preside-la-diputada-lizet-rodriguez-soriano","status":"publish","type":"post","link":"https:\/\/diarioavanzada.com.mx\/?p=20507","title":{"rendered":"Instala LIX Legislatura la Comisi\u00f3n Permanente, la preside la diputada Lizet Rodr\u00edguez Soriano"},"content":{"rendered":"\n<p class=\"wp-block-paragraph\">Colima, M\u00e9xico, Comunicado (01\/03\/2021).- Este lunes, en el Congreso del Estado qued\u00f3 instalada la\u00a0Comisi\u00f3n<br>Permanente para el Primer Periodo de Receso del Tercer A\u00f1o de Ejercicio Constitucional de la LIX Legislatura Local, que fungir\u00e1 del 1 al 31 de marzo, la cual es presidida por Lizet Rodr\u00edguez Soriano, y la integran tambi\u00e9n Luis Fernando Antero Valle como Vicepresidente; Martha Alicia Meza Oreg\u00f3n y Mar\u00eda Isabel Mart\u00ednez Flores como Secretarias; as\u00ed como Ana Mar\u00eda S\u00e1nchez Landa, Ma. Remedios Olivera Orozco y Julio Anguiano Urbina como Vocales.<\/p>\n\n\n\n<p class=\"wp-block-paragraph\">A esta Sesi\u00f3n de Instalaci\u00f3n tambi\u00e9n estuvieron presentes los<br>diputados Miguel \u00c1ngel S\u00e1nchez Verduzco y Luis Fernando Escamilla Velasco.<\/p>\n<div class=\"fb-background-color\">\n\t\t\t  <div \n\t\t\t  \tclass = \"fb-comments\" \n\t\t\t  \tdata-href = \"https:\/\/diarioavanzada.com.mx\/?p=20507\"\n\t\t\t  \tdata-numposts = \"10\"\n\t\t\t  \tdata-lazy = \"true\"\n\t\t\t\tdata-colorscheme = \"light\"\n\t\t\t\tdata-order-by = \"social\"\n\t\t\t\tdata-mobile=true>\n\t\t\t  <\/div><\/div>\n\t\t  <style>\n\t\t    .fb-background-color {\n\t\t\t\tbackground:  !important;\n\t\t\t}\n\t\t\t.fb_iframe_widget_fluid_desktop iframe {\n\t\t\t    width: 100% !important;\n\t\t\t}\n\t\t  <\/style>\n\t\t  ","protected":false},"excerpt":{"rendered":"<p>Colima, M\u00e9xico, Comunicado (01\/03\/2021).- Este lunes, en el Congreso del Estado qued\u00f3 instalada la\u00a0Comisi\u00f3nPermanente para el Primer Periodo de Receso del Tercer A\u00f1o de Ejercicio Constitucional de la LIX Legislatura Local, que fungir\u00e1 del 1 al 31 de marzo, la cual es presidida por Lizet Rodr\u00edguez Soriano, y la integran tambi\u00e9n Luis Fernando Antero Valle [&hellip;]<\/p>\n","protected":false},"author":7,"featured_media":20508,"comment_status":"closed","ping_status":"closed","sticky":false,"template":"","format":"standard","meta":{"_coblocks_attr":"","_coblocks_dimensions":"","_coblocks_responsive_height":"","_coblocks_accordion_ie_support":"","_crdt_document":"","advanced_seo_description":"","jetpack_seo_html_title":"","jetpack_seo_noindex":false,"_jetpack_memberships_contains_paid_content":false,"footnotes":""},"categories":[297],"tags":[],"class_list":["post-20507","post","type-post","status-publish","format-standard","has-post-thumbnail","hentry","category-fotonotas-y-videos"],"jetpack_featured_media_url":"https:\/\/diarioavanzada.com.mx\/wp-content\/uploads\/2021\/03\/image-7.png","jetpack-related-posts":[],"jetpack_sharing_enabled":true,"amp_enabled":true,"_links":{"self":[{"href":"https:\/\/diarioavanzada.com.mx\/index.php?rest_route=\/wp\/v2\/posts\/20507","targetHints":{"allow":["GET"]}}],"collection":[{"href":"https:\/\/diarioavanzada.com.mx\/index.php?rest_route=\/wp\/v2\/posts"}],"about":[{"href":"https:\/\/diarioavanzada.com.mx\/index.php?rest_route=\/wp\/v2\/types\/post"}],"author":[{"embeddable":true,"href":"https:\/\/diarioavanzada.com.mx\/index.php?rest_route=\/wp\/v2\/users\/7"}],"replies":[{"embeddable":true,"href":"https:\/\/diarioavanzada.com.mx\/index.php?rest_route=%2Fwp%2Fv2%2Fcomments&post=20507"}],"version-history":[{"count":0,"href":"https:\/\/diarioavanzada.com.mx\/index.php?rest_route=\/wp\/v2\/posts\/20507\/revisions"}],"wp:featuredmedia":[{"embeddable":true,"href":"https:\/\/diarioavanzada.com.mx\/index.php?rest_route=\/wp\/v2\/media\/20508"}],"wp:attachment":[{"href":"https:\/\/diarioavanzada.com.mx\/index.php?rest_route=%2Fwp%2Fv2%2Fmedia&parent=20507"}],"wp:term":[{"taxonomy":"category","embeddable":true,"href":"https:\/\/diarioavanzada.com.mx\/index.php?rest_route=%2Fwp%2Fv2%2Fcategories&post=20507"},{"taxonomy":"post_tag","embeddable":true,"href":"https:\/\/diarioavanzada.com.mx\/index.php?rest_route=%2Fwp%2Fv2%2Ftags&post=20507"}],"curies":[{"name":"wp","href":"https:\/\/api.w.org\/{rel}","templated":true}]}}