{"id":20447,"date":"2021-02-28T22:28:15","date_gmt":"2021-03-01T04:28:15","guid":{"rendered":"https:\/\/diarioavanzada.com.mx\/?p=20447"},"modified":"2021-02-28T22:28:19","modified_gmt":"2021-03-01T04:28:19","slug":"nombran-al-director-general-para-el-centro-de-conciliacion-laboral","status":"publish","type":"post","link":"https:\/\/diarioavanzada.com.mx\/?p=20447","title":{"rendered":"Nombran al director general para el Centro de Conciliaci\u00f3n Laboral"},"content":{"rendered":"\n<p class=\"wp-block-paragraph\">Colima, M\u00e9xico, Comunicado (28\/02\/2021).- Hugo Arturo Vergara Ch\u00e1vez ser\u00e1 el director general del Centro de Conciliaci\u00f3n Laboral del Estado de Colima, as\u00ed fue aprobado por las diputadas y diputados, luego de analizar la propuesta que hiciera la Junta de Gobierno de dicho Centro, la cual es encabezada por la secretaria del Trabajo de Gobierno del Estado, Esperanza Hern\u00e1ndez Brice\u00f1o.<\/p>\n\n\n\n<p class=\"wp-block-paragraph\">Fueron las Comisiones de Justicia, Gobernaci\u00f3n y Poderes, y del Trabajo y Previsi\u00f3n Social, las encargadas de dictaminar tal designaci\u00f3n, luego de analizar el perfil acad\u00e9mico y laboral de Hugo Arturo Vergara Ch\u00e1vez, quien, adem\u00e1s, el 24 de febrero pasado, compareci\u00f3 ante diputadas y diputados para la exposici\u00f3n de su curr\u00edculum vitae y del objetivo de trabajo en el seno del Centro de Conciliaci\u00f3n Laboral del Estado de Colima.<\/p>\n\n\n\n<p class=\"wp-block-paragraph\">La legisladora Mayra Yuridia Villalvazo Heredia, fue la encargada de dar lectura al dictamen, donde se establece la designaci\u00f3n de Hugo Arturo Vergara Ch\u00e1vez como director general del Centro de Conciliaci\u00f3n Laboral del Estado de Colima, cargo que ocupar\u00e1 por un plazo de 6 a\u00f1os a partir del d\u00eda siguiente de que dicho Centro inicie sus operaciones.<\/p>\n\n\n\n<p class=\"wp-block-paragraph\">De acuerdo con datos curriculares, Hugo Arturo Vergara Ch\u00e1vez es Licenciado en Derecho egresado de la Universidad de Colima, y ha cursado diversos estudios complementarios en la materia laboral y del trabajo, principalmente en la Universidad Nacional Aut\u00f3noma de M\u00e9xico; adem\u00e1s en el \u00e1mbito laboral, se ha desempe\u00f1ado como Actuario Judicial de la Junta Federal de Conciliaci\u00f3n y Arbitraje adscrito; Profesional Dictaminador de Servicios Especializados ambos adscritos a la Junta Especial No. 57; Servidor P\u00fablico de Carrera con el rango de enlace en el puesto de confianza de Profesional Dictaminador de Servicios Especializados adscrito a la Junta Federal de Conciliaci\u00f3n y Arbitraje; Director Jur\u00eddico de la Secretaria del Trabajo y Previsi\u00f3n Social del Gobierno del Estado de Colima; es Catedr\u00e1tico de la Universidad de Colima, impartiendo las materias de Introducci\u00f3n al Derecho, Metodolog\u00eda de la Investigaci\u00f3n, Derecho Mercantil y Derecho Laboral; y actualmente se desempe\u00f1a como Director del Trabajo de la Secretaria del Trabajo y Previsi\u00f3n Social del Gobierno Estatal.<\/p>\n\n\n\n<p class=\"wp-block-paragraph\">La legisladora indic\u00f3 que el 08 de febrero pasado fue aprobado el Decreto n\u00famero 417, en el que se expide la Ley del Centro de Conciliaci\u00f3n Laboral del Estado de Colima, en el que establece, en su art\u00edculo transitorio tercero, que la persona Titular de la Secretar\u00eda del Trabajo y Previsi\u00f3n Social, en su calidad de Presidente de la Junta de Gobierno, convocar\u00e1 a la primera sesi\u00f3n de dicho \u00f3rgano, para proponer al Congreso del Estado a la persona que se considere id\u00f3nea para ocupar el cargo de Director General del Centro de Conciliaci\u00f3n, dentro de los 60 d\u00edas naturales siguientes a la entrada en vigor de la Ley.<\/p>\n\n\n\n<p class=\"wp-block-paragraph\">Agrego que por ello, el 19 de febrero de 2021, Esperanza Hern\u00e1ndez Brise\u00f1o, Secretaria del Trabajo y Previsi\u00f3n Social y Presidenta de la Junta de Gobierno del Centro de Conciliaci\u00f3n Laboral del Estado de Colima, inform\u00f3 al Congreso del Estado de Colima que Hugo Arturo Vergara Ch\u00e1vez, fue designado como propuesta para ocupar el cargo de Director General del Centro Estatal de Conciliaci\u00f3n Laboral del Estado de Colima, mismo que fue aprobado por unanimidad de votos en sesi\u00f3n plenaria, considerando que cumple a cabalidad los requisitos establecidos.<\/p>\n\n\n\n<p class=\"wp-block-paragraph\">Tras los an\u00e1lisis realizados por las y los legisladores, Mayra Yuridia Villalvazo Heredia, consider\u00f3, \u201cestamos seguros de que, mediante el nombramiento que nos ocupa, se dar\u00e1 seguimiento a la correcta impartici\u00f3n de justicia, con eficacia, honorabilidad, imparcialidad, dedicaci\u00f3n y capacidad en el Centro de Conciliaci\u00f3n Laboral del Estado de Colima, por tener una gran solvencia moral y capacidad profesional\u201d.<\/p>\n\n\n\n<p class=\"wp-block-paragraph\">Luego de lectura correspondiente, se abri\u00f3 un espacio solemne donde rindi\u00f3 el Lic. Hugo Arturo Vergara Ch\u00e1vez la protesta de Ley correspondiente.\u00a0<\/p>\n\n\n\n<figure class=\"wp-block-image size-large\"><img loading=\"lazy\" decoding=\"async\" width=\"680\" height=\"327\" src=\"https:\/\/diarioavanzada.com.mx\/wp-content\/uploads\/2021\/02\/image-164.png\" alt=\"\" class=\"wp-image-20449\" srcset=\"https:\/\/diarioavanzada.com.mx\/wp-content\/uploads\/2021\/02\/image-164.png 680w, https:\/\/diarioavanzada.com.mx\/wp-content\/uploads\/2021\/02\/image-164-300x144.png 300w\" sizes=\"auto, (max-width: 680px) 100vw, 680px\" \/><\/figure>\n\n\n\n<figure class=\"wp-block-image size-large\"><img loading=\"lazy\" decoding=\"async\" width=\"680\" height=\"454\" src=\"https:\/\/diarioavanzada.com.mx\/wp-content\/uploads\/2021\/02\/image-165.png\" alt=\"\" class=\"wp-image-20450\" srcset=\"https:\/\/diarioavanzada.com.mx\/wp-content\/uploads\/2021\/02\/image-165.png 680w, https:\/\/diarioavanzada.com.mx\/wp-content\/uploads\/2021\/02\/image-165-300x200.png 300w\" sizes=\"auto, (max-width: 680px) 100vw, 680px\" \/><\/figure>\n<div class=\"fb-background-color\">\n\t\t\t  <div \n\t\t\t  \tclass = \"fb-comments\" \n\t\t\t  \tdata-href = \"https:\/\/diarioavanzada.com.mx\/?p=20447\"\n\t\t\t  \tdata-numposts = \"10\"\n\t\t\t  \tdata-lazy = \"true\"\n\t\t\t\tdata-colorscheme = \"light\"\n\t\t\t\tdata-order-by = \"social\"\n\t\t\t\tdata-mobile=true>\n\t\t\t  <\/div><\/div>\n\t\t  <style>\n\t\t    .fb-background-color {\n\t\t\t\tbackground:  !important;\n\t\t\t}\n\t\t\t.fb_iframe_widget_fluid_desktop iframe {\n\t\t\t    width: 100% !important;\n\t\t\t}\n\t\t  <\/style>\n\t\t  ","protected":false},"excerpt":{"rendered":"<p>Colima, M\u00e9xico, Comunicado (28\/02\/2021).- Hugo Arturo Vergara Ch\u00e1vez ser\u00e1 el director general del Centro de Conciliaci\u00f3n Laboral del Estado de Colima, as\u00ed fue aprobado por las diputadas y diputados, luego de analizar la propuesta que hiciera la Junta de Gobierno de dicho Centro, la cual es encabezada por la secretaria del Trabajo de Gobierno del [&hellip;]<\/p>\n","protected":false},"author":7,"featured_media":20448,"comment_status":"closed","ping_status":"closed","sticky":false,"template":"","format":"standard","meta":{"_coblocks_attr":"","_coblocks_dimensions":"","_coblocks_responsive_height":"","_coblocks_accordion_ie_support":"","_crdt_document":"","advanced_seo_description":"","jetpack_seo_html_title":"","jetpack_seo_noindex":false,"_jetpack_memberships_contains_paid_content":false,"footnotes":""},"categories":[7],"tags":[],"class_list":["post-20447","post","type-post","status-publish","format-standard","has-post-thumbnail","hentry","category-noticias"],"jetpack_featured_media_url":"https:\/\/diarioavanzada.com.mx\/wp-content\/uploads\/2021\/02\/image-163.png","jetpack-related-posts":[],"jetpack_sharing_enabled":true,"amp_enabled":true,"_links":{"self":[{"href":"https:\/\/diarioavanzada.com.mx\/index.php?rest_route=\/wp\/v2\/posts\/20447","targetHints":{"allow":["GET"]}}],"collection":[{"href":"https:\/\/diarioavanzada.com.mx\/index.php?rest_route=\/wp\/v2\/posts"}],"about":[{"href":"https:\/\/diarioavanzada.com.mx\/index.php?rest_route=\/wp\/v2\/types\/post"}],"author":[{"embeddable":true,"href":"https:\/\/diarioavanzada.com.mx\/index.php?rest_route=\/wp\/v2\/users\/7"}],"replies":[{"embeddable":true,"href":"https:\/\/diarioavanzada.com.mx\/index.php?rest_route=%2Fwp%2Fv2%2Fcomments&post=20447"}],"version-history":[{"count":0,"href":"https:\/\/diarioavanzada.com.mx\/index.php?rest_route=\/wp\/v2\/posts\/20447\/revisions"}],"wp:featuredmedia":[{"embeddable":true,"href":"https:\/\/diarioavanzada.com.mx\/index.php?rest_route=\/wp\/v2\/media\/20448"}],"wp:attachment":[{"href":"https:\/\/diarioavanzada.com.mx\/index.php?rest_route=%2Fwp%2Fv2%2Fmedia&parent=20447"}],"wp:term":[{"taxonomy":"category","embeddable":true,"href":"https:\/\/diarioavanzada.com.mx\/index.php?rest_route=%2Fwp%2Fv2%2Fcategories&post=20447"},{"taxonomy":"post_tag","embeddable":true,"href":"https:\/\/diarioavanzada.com.mx\/index.php?rest_route=%2Fwp%2Fv2%2Ftags&post=20447"}],"curies":[{"name":"wp","href":"https:\/\/api.w.org\/{rel}","templated":true}]}}