{"id":20314,"date":"2021-02-25T08:00:30","date_gmt":"2021-02-25T14:00:30","guid":{"rendered":"https:\/\/diarioavanzada.com.mx\/?p=20314"},"modified":"2021-02-25T08:01:05","modified_gmt":"2021-02-25T14:01:05","slug":"tunden-al-gobernador-en-redes-tras-desmentir-rumor-de-accion-penal-de-fgr-en-su-contra","status":"publish","type":"post","link":"https:\/\/diarioavanzada.com.mx\/?p=20314","title":{"rendered":"Tunden al gobernador en redes tras desmentir rumor de acci\u00f3n penal de FGR en su contra"},"content":{"rendered":"\n<p class=\"wp-block-paragraph\">Colima, M\u00e9xico, Avanzada (25\/02\/2021).- La propagaci\u00f3n, durante la ma\u00f1ana de este mi\u00e9rcoles 24, de un rumor sobre la presunta petici\u00f3n de desafuero de la Fiscal\u00eda General de la Rep\u00fablica (FGR) contra el gobernador de Colima, Jos\u00e9 Ignacio Peralta S\u00e1nchez, provoc\u00f3 un desmentido del propio mandatario en su p\u00e1gina oficial de Facebook, que a la vez lo convirti\u00f3 en objeto de burlas, cr\u00edticas y fuertes cuestionamientos a su administraci\u00f3n, que trataron de neutralizar con comentarios de apoyo emitidos en su mayor\u00eda por trabajadores del gobierno estatal.<\/p>\n\n\n\n<p class=\"wp-block-paragraph\">El texto del rumor circul\u00f3 bajo un aparente mensaje del conductor Joaqu\u00edn L\u00f3pez-D\u00f3riga en twitter, donde bajo el hastag #URGENTE, supuestamente habr\u00eda publicado: \u201cLa FGR tambi\u00e9n pide el desafuero del gobernador de Colima, Ignacio Peralta S\u00e1nchez. Se le acusa de enriquecimiento il\u00edcito, peculado y tr\u00e1fico de influencias. En un momento m\u00e1s informaci\u00f3n\u201d.<\/p>\n\n\n\n<p class=\"wp-block-paragraph\">El desmentido del gobernador Peralta S\u00e1nchez, difundido en Facebook, se\u00f1al\u00f3 lo siguiente: \u201cBuen d\u00eda, me dicen que circula una noticia falsa sobre un servidor, no ser\u00e1 ni la primera ni la \u00faltima, lo importante es no distraernos. \u00a1Yo sigo trabajando a tope por Colima!\u201d<\/p>\n\n\n\n<p class=\"wp-block-paragraph\">Los cuestionamientos hacia el gobernador no se hicieron esperar y de inmediato, en una acci\u00f3n casi coordinada, una gran cantidad de trabajadores del gobierno estatal y de simpatizantes del mandatario iniciaron una serie de participaciones en la secci\u00f3n de comentarios para apoyar al gobernador.<\/p>\n\n\n\n<p class=\"wp-block-paragraph\">Reproducimos de manera textual, tal como fueron publicados, algunos de los comentarios, primero una selecci\u00f3n de los que son a favor y despu\u00e9s los que son en contra del gobernador:<\/p>\n\n\n\n<p class=\"wp-block-paragraph\">COMENTARIOS A FAVOR<\/p>\n\n\n\n<p class=\"wp-block-paragraph\">Silvia Romero:<\/p>\n\n\n\n<p class=\"wp-block-paragraph\">Y vendr\u00e1n tiempos peores, estos adversarios son unos perversos, usted no se distraiga y siga trabajando por el bienestar de Colima, excelente d\u00eda<\/p>\n\n\n\n<p class=\"wp-block-paragraph\">&nbsp;\u00b7 Responder \u00b7 11 h<\/p>\n\n\n\n<p class=\"wp-block-paragraph\">Heidi Natalia Gonz\u00e1lez:<\/p>\n\n\n\n<p class=\"wp-block-paragraph\">Usted ignorelos. La gente desquehacerada. Usted siga viendo por Colima.<\/p>\n\n\n\n<p class=\"wp-block-paragraph\">Gabriel Ballesteros:<\/p>\n\n\n\n<p class=\"wp-block-paragraph\">C. Gobernador de COLIMA, J. Ignacio Peralta S. \u00a1\u00a1O\u00eddos sordos a las ESTUPIDESES de los CIEGOS E IGNORANTES QUE NO VEN LA REALIDAD!!. Es obvio saber de quienes se trata. Los COBARDES Y TRAIDORES NO MIRAN DE FRENTE, SE ESCONDEN PARA &#8220;MORDER&#8221;. \u00a1\u00a1DEJE QUE LOS PERROS SIGAN LADRANDO\u00a1\u00a1. \u00a1\u00a1\u00a1\u00a1 Y NING\u00daN PASO PARA ATR\u00c1S, TENGA POR SEGURO QUE LA MAYOR\u00cdA DE COLIMENSES QUE TENEMOS SENTIDO COM\u00daN, INTELIGENCIA, QUE QUEREMOS LO MEJOR PARA NUESTRO ESTADO Y SABEMOS QUI\u00c9N MIENTE Y QUIEN NO,, LE CREEMOS, APOYAMOS SU GOBIERNO Y SEGUIREMOS EN LA MISMA &#8220;LINEA&#8221; PORQUE QUEREMOS UN COLIMA CON CRECIMIENTO INTEGRAL PARA GARANTIZARLES UNA VIDA MEJOR A NUESTROS HIJOS Y NIETOS SOCIOECONOMICAMENTE HABLANDO. \u00a1\u00a1\u00a1 JAM\u00c1S UN &#8220;APOYO&#8221; A GOBIERNOS ARCAICOS Y RETR\u00d3GRADAS COMO EL FEDERAL QUE TENEMOS!!!. LO DIGO A T\u00cdTULO PERSONAL PARA LOS RETR\u00d3GRADAS HIP\u00d3CRITAS Y TRAIDORES. YO NO VIVO DEL ERARIO P\u00daBLICO NI SOY &#8220;FIFI&#8221;&#8230;.<\/p>\n\n\n\n<p class=\"wp-block-paragraph\">&nbsp;\u00b7 Responder \u00b7 11 h<\/p>\n\n\n\n<p class=\"wp-block-paragraph\">Autor<\/p>\n\n\n\n<p class=\"wp-block-paragraph\">Jos\u00e9 Ignacio Peralta S\u00e1nchez:<\/p>\n\n\n\n<p class=\"wp-block-paragraph\">Mis energ\u00edas est\u00e1n enfocadas a lo que debo, Gabriel: El trabajo. Gracias por tu respaldo. Saludos.<\/p>\n\n\n\n<p class=\"wp-block-paragraph\">Oscar Pinto De la Mora:<\/p>\n\n\n\n<p class=\"wp-block-paragraph\">A tope y cumpliendo compromisos. Saludos gobernador.<\/p>\n\n\n\n<p class=\"wp-block-paragraph\">&nbsp;\u00b7 Responder \u00b7 9 h<\/p>\n\n\n\n<p class=\"wp-block-paragraph\">D.A. Ponce:<\/p>\n\n\n\n<p class=\"wp-block-paragraph\">Comienza la guerra sucia &#8230;<\/p>\n\n\n\n<p class=\"wp-block-paragraph\">Jesus Granados Rangel:<\/p>\n\n\n\n<p class=\"wp-block-paragraph\">Siga trabajando gobernador. No pare usted muy bien<\/p>\n\n\n\n<p class=\"wp-block-paragraph\">&nbsp;\u00b7 Responder \u00b7 12 h<\/p>\n\n\n\n<p class=\"wp-block-paragraph\">Jorge de la O:<\/p>\n\n\n\n<p class=\"wp-block-paragraph\">Que sigan los buenos resultados en favor de la poblaci\u00f3n<\/p>\n\n\n\n<p class=\"wp-block-paragraph\">&nbsp;\u00b7 Responder \u00b7 6 h<\/p>\n\n\n\n<p class=\"wp-block-paragraph\">Cecy Avalos<\/p>\n\n\n\n<p class=\"wp-block-paragraph\">\u00c1nimo Gobernador Jos\u00e9 Ignacio Peralta S\u00e1nchez ,usted siga Avante y que Dios nos proteja a todos<\/p>\n\n\n\n<p class=\"wp-block-paragraph\">&nbsp;\u00b7 Responder \u00b7 7 h<\/p>\n\n\n\n<p class=\"wp-block-paragraph\">Gabriela Gutierrez Larios<\/p>\n\n\n\n<p class=\"wp-block-paragraph\">A seguir trabajando mi Gobernador y no hacer caso de \u00e9stos distractores&#8230;.. Saludos<\/p>\n\n\n\n<p class=\"wp-block-paragraph\">&nbsp;\u00b7 Responder \u00b7 5 h<\/p>\n\n\n\n<p class=\"wp-block-paragraph\">Blankyss Rhubio<\/p>\n\n\n\n<p class=\"wp-block-paragraph\">A seguir adelante siempre trabajando x Colima Gobernador saludos<\/p>\n\n\n\n<p class=\"wp-block-paragraph\">&nbsp;\u00b7 Responder \u00b7 12 h<\/p>\n\n\n\n<p class=\"wp-block-paragraph\">Perla Torres<\/p>\n\n\n\n<p class=\"wp-block-paragraph\">Gobernador, esa es la actitud.<\/p>\n\n\n\n<p class=\"wp-block-paragraph\">&nbsp;\u00b7 Responder \u00b7 8 h<\/p>\n\n\n\n<p class=\"wp-block-paragraph\">Mario C\u00e1rdenas<\/p>\n\n\n\n<p class=\"wp-block-paragraph\">Nacho, deja que los perros ladren<\/p>\n\n\n\n<p class=\"wp-block-paragraph\">&nbsp;\u00b7 Responder \u00b7 4 h<\/p>\n\n\n\n<p class=\"wp-block-paragraph\">Betzi Ochoa<\/p>\n\n\n\n<p class=\"wp-block-paragraph\">Ni distraernos, a seguir trabajando!<\/p>\n\n\n\n<p class=\"wp-block-paragraph\">COMENTARIOS EN CONTRA<\/p>\n\n\n\n<p class=\"wp-block-paragraph\">Emiliano ZQ:<\/p>\n\n\n\n<p class=\"wp-block-paragraph\">Hay 3 j\u00f3venes hoy asesinados encontrados en fosas, salga a dar la cara se\u00f1or gobernador.<\/p>\n\n\n\n<p class=\"wp-block-paragraph\">Paty Peregrina:<\/p>\n\n\n\n<p class=\"wp-block-paragraph\">\u00a1Por \u00e9so nom\u00e1s no avanzamos!<\/p>\n\n\n\n<p class=\"wp-block-paragraph\">La zalamer\u00eda es un gran riesgo para que cualquier empleado como el gobernador o de cualquier nivel sepa que la ciudadan\u00eda no es tonta y sabemos que no ha funcionado. Ni estamos felices ni seguros ni mucho menos llega el dinero a los m\u00e1s pobres necesitados de vivienda y otras necesidades b\u00e1sicas a pesar de que tambi\u00e9n pagan impuestos como todos y desde donde se les paga los excesivos sueldos. Ay no!<\/p>\n\n\n\n<p class=\"wp-block-paragraph\">Cu\u00e1nta gente ciega e indolente<\/p>\n\n\n\n<p class=\"wp-block-paragraph\">&nbsp;\u00b7 Responder \u00b7 11 h<\/p>\n\n\n\n<p class=\"wp-block-paragraph\">SG Alan:<\/p>\n\n\n\n<p class=\"wp-block-paragraph\">Salga a dar la cara por todos los asesinatos que hay a diario en el Estado.<\/p>\n\n\n\n<p class=\"wp-block-paragraph\">&nbsp;\u00b7 Responder \u00b7 10 h<\/p>\n\n\n\n<p class=\"wp-block-paragraph\">Lorena G\u00f3mez Jim\u00e9nez:<\/p>\n\n\n\n<p class=\"wp-block-paragraph\">Paguele a los del c5 no se haga a y todavia les dicen que como no tienen contrato no les pueden hacer nada, a ver si se ponen en huelga en NO contestar las llamadas de emergencias que de por si no hay, Colima se vuelve un caos!! \ud83d\ude44\ud83e\udd37\ud83c\udffd\u200d\u2640\ufe0f<\/p>\n\n\n\n<p class=\"wp-block-paragraph\">&nbsp;\u00b7 Responder \u00b7 11 h \u00b7 Editado<\/p>\n\n\n\n<p class=\"wp-block-paragraph\">Jaime IglesBri:<\/p>\n\n\n\n<p class=\"wp-block-paragraph\">Quien es usted y por que deber\u00eda interesarle a alguien lo que digan o dejen de decir de usted?<\/p>\n\n\n\n<p class=\"wp-block-paragraph\">&nbsp;\u00b7 Responder \u00b7 8 h<\/p>\n\n\n\n<p class=\"wp-block-paragraph\">Tere Mascorro Ch\u00e0vez:<\/p>\n\n\n\n<p class=\"wp-block-paragraph\">A 5 A\u00d1OS DE SU GOBIERNO D\u00d3NDE NO VIVIMOS NI FELICES NI SEGUROS A\u00daN SIGO ESPERANDO AUDIENCIA&#8230;.!!! QUE TIENE&#8230;. QUE TIENE QUE &#8220;&#8221;HABLEN MAL O LO CALUMNIEN&#8221;&#8221; USTED TODO SE PASA POR EL ARCO DEL TRIUNFO&#8230;.YA QUEDA POCO TIEMPO PARA QUE &#8220;&#8221;DESOCUPE&#8221;&#8221; LA CASA DE GOBIERNO QUE EL PUEBLO COLIMENSE LE A CONFERIDO &#8220;&#8221;HABITAR&#8221;&#8221; Y QUE HA HECHO .. ??? PURAS SINVERG\u00dcENZADAS&#8230;.!!<\/p>\n\n\n\n<p class=\"wp-block-paragraph\">Arturo Sotelo:<\/p>\n\n\n\n<p class=\"wp-block-paragraph\">Poquita verg\u00fcenza, oiga<\/p>\n\n\n\n<p class=\"wp-block-paragraph\">&nbsp;\u00b7 Responder \u00b7 9 h<\/p>\n\n\n\n<p class=\"wp-block-paragraph\">Luna de Plata:<\/p>\n\n\n\n<p class=\"wp-block-paragraph\">si&#8230; sali\u00f3 una noticia, donde dicen que usted es:<\/p>\n\n\n\n<p class=\"wp-block-paragraph\">*UNA PERSONA HONESTA Y LEAL*,<\/p>\n\n\n\n<p class=\"wp-block-paragraph\">estuve a punto de creermela, pero &#8220;GRACIAS POR DESMENTIR&#8221;.<\/p>\n\n\n\n<p class=\"wp-block-paragraph\">Lupita Rinc\u00f3n D\u00e1valos:<\/p>\n\n\n\n<p class=\"wp-block-paragraph\">Luna de Plata \ud83d\ude02\ud83d\ude02\ud83d\ude02 si pues a de ser esa pero eso ya se sabe!!<\/p>\n\n\n\n<p class=\"wp-block-paragraph\">&nbsp;\u00b7 Responder \u00b7 10 h<\/p>\n\n\n\n<p class=\"wp-block-paragraph\">Diana Rangel:<\/p>\n\n\n\n<p class=\"wp-block-paragraph\">TODAV\u00cdA NO NOS PAGAN LAS BECAS A LOS ALUMNOS DE MOVILIDAD 2019!!!!! Es NUESTRO DERECHO recibirla y recibir tambi\u00e9n una respuesta.. tenemos m\u00e1s de un a\u00f1o pidi\u00e9ndola. NO HAGAN CASO OMISO!!!!!<\/p>\n\n\n\n<p class=\"wp-block-paragraph\">&nbsp;\u00b7 Responder \u00b7 9 h<\/p>\n\n\n\n<p class=\"wp-block-paragraph\">Luis Martinez:<\/p>\n\n\n\n<p class=\"wp-block-paragraph\">\u00c9chale ganas Nacho!! Igual en unos 10 o 15 a\u00f1os m\u00e1s en el puesto regresa la seguridad en el estado<\/p>\n\n\n\n<p class=\"wp-block-paragraph\">&nbsp;\u00b7 Responder \u00b7 11 h<\/p>\n\n\n\n<p class=\"wp-block-paragraph\">Massy Hernandez:<\/p>\n\n\n\n<p class=\"wp-block-paragraph\">Ya no le aconsejen que ignore y haga de oidos sordos, definitivamente es lo que mejor hizo durante su gobierno \ud83d\ude05\ud83d\ude05<\/p>\n\n\n\n<p class=\"wp-block-paragraph\">&nbsp;\u00b7 Responder \u00b7 3 h<\/p>\n\n\n\n<p class=\"wp-block-paragraph\">Jonathan Suarez:<\/p>\n\n\n\n<p class=\"wp-block-paragraph\">Deme una beca y le creo<\/p>\n\n\n\n<p class=\"wp-block-paragraph\">&nbsp;\u00b7 Responder \u00b7 11 h<\/p>\n\n\n\n<p class=\"wp-block-paragraph\">Yithzan C\u00e1rdenas:<\/p>\n\n\n\n<p class=\"wp-block-paragraph\">Por la noticia de ayer, yo no publicar\u00eda nada.<\/p>\n\n\n\n<p class=\"wp-block-paragraph\">&nbsp;\u00b7 Responder \u00b7 10 h<\/p>\n\n\n\n<p class=\"wp-block-paragraph\">Chente Joel Marquez:<\/p>\n\n\n\n<p class=\"wp-block-paragraph\">Que al america le quitaron 3 puntos ? Sr gobernador ?<\/p>\n\n\n\n<p class=\"wp-block-paragraph\">&nbsp;\u00b7 Responder \u00b7 10 h<\/p>\n\n\n\n<p class=\"wp-block-paragraph\">Carlos Bravo:<\/p>\n\n\n\n<p class=\"wp-block-paragraph\">Ya me ten\u00eda con el Jes\u00fas en la boca&#8230;.. Todo bien?<\/p>\n\n\n\n<p class=\"wp-block-paragraph\">&nbsp;\u00b7 Responder<\/p>\n\n\n\n<p class=\"wp-block-paragraph\">Madrimemes Madrid:<\/p>\n\n\n\n<p class=\"wp-block-paragraph\">Apoco a estado trabajando?? Estar\u00eda mejor colima sin usted la neta!!<\/p>\n\n\n\n<p class=\"wp-block-paragraph\">&nbsp;\u00b7 Responder \u00b7 11 h<\/p>\n\n\n\n<p class=\"wp-block-paragraph\">Sina\u00ed Vega:<\/p>\n\n\n\n<p class=\"wp-block-paragraph\">Los que hablan bien del &#8220;gober&#8221; son famila? Les pagan? O son pendejes?<\/p>\n\n\n\n<p class=\"wp-block-paragraph\">&nbsp;\u00b7 Responder \u00b7 10 h<\/p>\n\n\n\n<p class=\"wp-block-paragraph\">Luis Angel Garcia:<\/p>\n\n\n\n<p class=\"wp-block-paragraph\">Jos\u00e9 Ignacio Peralta S\u00e1nchez como va la investigaci\u00f3n de los 3 j\u00f3venes que encontraron hace 1 d\u00eda en la fosa clandestina de la carretera colima-jalisco ? Van a a hacer algo al respecto? o no van a hacer nada como siempre ?<\/p>\n\n\n\n<p class=\"wp-block-paragraph\">Alex GT:<\/p>\n\n\n\n<p class=\"wp-block-paragraph\">Hay gobernador en Colima? \ud83e\udd14<\/p>\n\n\n\n<p class=\"wp-block-paragraph\">&nbsp;\u00b7 Responder \u00b7 6 h<\/p>\n\n\n\n<p class=\"wp-block-paragraph\">Rigo Ochoa:<\/p>\n\n\n\n<p class=\"wp-block-paragraph\">Sigo esperando mi beca rural.\ud83d\ude2a<\/p>\n\n\n\n<p class=\"wp-block-paragraph\">&nbsp;\u00b7 Responder \u00b7 11 h<\/p>\n\n\n\n<p class=\"wp-block-paragraph\">Jairo Contreras:<\/p>\n\n\n\n<p class=\"wp-block-paragraph\">La noticia &#8220;falsa&#8221; es que &#8220;SIGUE TRABAJANDO A TOPE POR COLIMA&#8221;? \ud83d\ude02\ud83d\ude02<\/p>\n\n\n\n<p class=\"wp-block-paragraph\">&nbsp;\u00b7 Responder \u00b7 8 h<\/p>\n\n\n\n<p class=\"wp-block-paragraph\">Angel Ruelas Jaimes:<\/p>\n\n\n\n<p class=\"wp-block-paragraph\">Nacho Nacho nachin.<\/p>\n\n\n\n<p class=\"wp-block-paragraph\">Canyin.. jajaj<\/p>\n\n\n\n<p class=\"wp-block-paragraph\">&nbsp;\u00b7 Responder \u00b7 7 h<\/p>\n\n\n\n<p class=\"wp-block-paragraph\">Tania Rodr\u00edguez:<\/p>\n\n\n\n<p class=\"wp-block-paragraph\">Le est\u00e1 sangrando la boca<\/p>\n\n\n\n<p class=\"wp-block-paragraph\">Mi gober.<\/p>\n\n\n\n<p class=\"wp-block-paragraph\"><\/p>\n<div class=\"fb-background-color\">\n\t\t\t  <div \n\t\t\t  \tclass = \"fb-comments\" \n\t\t\t  \tdata-href = \"https:\/\/diarioavanzada.com.mx\/?p=20314\"\n\t\t\t  \tdata-numposts = \"10\"\n\t\t\t  \tdata-lazy = \"true\"\n\t\t\t\tdata-colorscheme = \"light\"\n\t\t\t\tdata-order-by = \"social\"\n\t\t\t\tdata-mobile=true>\n\t\t\t  <\/div><\/div>\n\t\t  <style>\n\t\t    .fb-background-color {\n\t\t\t\tbackground:  !important;\n\t\t\t}\n\t\t\t.fb_iframe_widget_fluid_desktop iframe {\n\t\t\t    width: 100% !important;\n\t\t\t}\n\t\t  <\/style>\n\t\t  ","protected":false},"excerpt":{"rendered":"<p>Colima, M\u00e9xico, Avanzada (25\/02\/2021).- La propagaci\u00f3n, durante la ma\u00f1ana de este mi\u00e9rcoles 24, de un rumor sobre la presunta petici\u00f3n de desafuero de la Fiscal\u00eda General de la Rep\u00fablica (FGR) contra el gobernador de Colima, Jos\u00e9 Ignacio Peralta S\u00e1nchez, provoc\u00f3 un desmentido del propio mandatario en su p\u00e1gina oficial de Facebook, que a la vez [&hellip;]<\/p>\n","protected":false},"author":7,"featured_media":20315,"comment_status":"closed","ping_status":"closed","sticky":false,"template":"","format":"standard","meta":{"_coblocks_attr":"","_coblocks_dimensions":"","_coblocks_responsive_height":"","_coblocks_accordion_ie_support":"","_crdt_document":"","advanced_seo_description":"","jetpack_seo_html_title":"","jetpack_seo_noindex":false,"_jetpack_memberships_contains_paid_content":false,"footnotes":""},"categories":[19],"tags":[332,210],"class_list":["post-20314","post","type-post","status-publish","format-standard","has-post-thumbnail","hentry","category-colima","tag-corrupcion-2","tag-portada"],"jetpack_featured_media_url":"https:\/\/diarioavanzada.com.mx\/wp-content\/uploads\/2021\/02\/GOBER.png","jetpack-related-posts":[],"jetpack_sharing_enabled":true,"amp_enabled":true,"_links":{"self":[{"href":"https:\/\/diarioavanzada.com.mx\/index.php?rest_route=\/wp\/v2\/posts\/20314","targetHints":{"allow":["GET"]}}],"collection":[{"href":"https:\/\/diarioavanzada.com.mx\/index.php?rest_route=\/wp\/v2\/posts"}],"about":[{"href":"https:\/\/diarioavanzada.com.mx\/index.php?rest_route=\/wp\/v2\/types\/post"}],"author":[{"embeddable":true,"href":"https:\/\/diarioavanzada.com.mx\/index.php?rest_route=\/wp\/v2\/users\/7"}],"replies":[{"embeddable":true,"href":"https:\/\/diarioavanzada.com.mx\/index.php?rest_route=%2Fwp%2Fv2%2Fcomments&post=20314"}],"version-history":[{"count":0,"href":"https:\/\/diarioavanzada.com.mx\/index.php?rest_route=\/wp\/v2\/posts\/20314\/revisions"}],"wp:featuredmedia":[{"embeddable":true,"href":"https:\/\/diarioavanzada.com.mx\/index.php?rest_route=\/wp\/v2\/media\/20315"}],"wp:attachment":[{"href":"https:\/\/diarioavanzada.com.mx\/index.php?rest_route=%2Fwp%2Fv2%2Fmedia&parent=20314"}],"wp:term":[{"taxonomy":"category","embeddable":true,"href":"https:\/\/diarioavanzada.com.mx\/index.php?rest_route=%2Fwp%2Fv2%2Fcategories&post=20314"},{"taxonomy":"post_tag","embeddable":true,"href":"https:\/\/diarioavanzada.com.mx\/index.php?rest_route=%2Fwp%2Fv2%2Ftags&post=20314"}],"curies":[{"name":"wp","href":"https:\/\/api.w.org\/{rel}","templated":true}]}}