{"id":20104,"date":"2021-02-18T11:53:00","date_gmt":"2021-02-18T17:53:00","guid":{"rendered":"https:\/\/diarioavanzada.com.mx\/?p=20104"},"modified":"2021-02-18T14:37:30","modified_gmt":"2021-02-18T20:37:30","slug":"realizan-voluntariado-y-estancia-infantil-fiesta-charrotaurina-en-linea","status":"publish","type":"post","link":"https:\/\/diarioavanzada.com.mx\/?p=20104","title":{"rendered":"Realizan Voluntariado y Estancia Infantil fiesta charrotaurina en l\u00ednea"},"content":{"rendered":"\n<p class=\"wp-block-paragraph\">Colima, M\u00e9xico, Comunicado (18\/02\/2021).- Esta semana, en la modalidad en l\u00ednea, la Estancia Infantil y el Voluntariado de la Universidad de Colima realizaron un evento para seguir manteniendo vivas las Fiestas Charrotaurinas de Villa de \u00c1lvarez, con el apoyo del Museo de Artes Populares de esta casa de estudios.&nbsp;<\/p>\n\n\n\n<p class=\"wp-block-paragraph\">El evento fue presidido por Blanca Liliana D\u00edaz de Torres Ortiz, presidenta del Voluntariado.<\/p>\n\n\n\n<p class=\"wp-block-paragraph\">Para este festejo, las ni\u00f1as y ni\u00f1os inscritos en la Estancia, junto con sus familias, se conectaron desde casa para disfrutar de la develaci\u00f3n de mojigangos, de una cabalgata, de bailes y de la actuaci\u00f3n de los payasos.&nbsp;<\/p>\n\n\n\n<p class=\"wp-block-paragraph\">Destaca, en esta ocasi\u00f3n, el apoyo de las mam\u00e1s para conectar a los ni\u00f1os y vestirlos acorde con la celebraci\u00f3n, as\u00ed como el apoyo de personal del Museo de Artes Populares, quienes explicaron el significado de este festejo popular.&nbsp;<\/p>\n\n\n\n<p class=\"wp-block-paragraph\">Blanca D\u00edaz dijo que \u201ces un orgullo que la Estancia infantil preserve las costumbres y tradiciones de Colima ya que, con este tipo de actividades virtuales, adem\u00e1s de aprender sobre la cultura de nuestra comunidad, los ni\u00f1os y ni\u00f1as tienen la oportunidad de divertirse y sentirse acompa\u00f1ados emocionalmente desde la distancia\u201d.<\/p>\n\n\n\n<figure class=\"wp-block-gallery columns-1 is-cropped wp-block-gallery-1 is-layout-flex wp-block-gallery-is-layout-flex\"><ul class=\"blocks-gallery-grid\"><li class=\"blocks-gallery-item\"><figure><img loading=\"lazy\" decoding=\"async\" width=\"951\" height=\"661\" src=\"https:\/\/diarioavanzada.com.mx\/wp-content\/uploads\/2021\/02\/Realizan-fiestas-charrotaurinas-en-Estancia-Infantil_b.jpg\" alt=\"\" data-id=\"20106\" data-full-url=\"https:\/\/diarioavanzada.com.mx\/wp-content\/uploads\/2021\/02\/Realizan-fiestas-charrotaurinas-en-Estancia-Infantil_b.jpg\" data-link=\"https:\/\/diarioavanzada.com.mx\/?attachment_id=20106\" class=\"wp-image-20106\" srcset=\"https:\/\/diarioavanzada.com.mx\/wp-content\/uploads\/2021\/02\/Realizan-fiestas-charrotaurinas-en-Estancia-Infantil_b.jpg 951w, https:\/\/diarioavanzada.com.mx\/wp-content\/uploads\/2021\/02\/Realizan-fiestas-charrotaurinas-en-Estancia-Infantil_b-300x209.jpg 300w, https:\/\/diarioavanzada.com.mx\/wp-content\/uploads\/2021\/02\/Realizan-fiestas-charrotaurinas-en-Estancia-Infantil_b-768x534.jpg 768w\" sizes=\"auto, (max-width: 951px) 100vw, 951px\" \/><\/figure><\/li><li class=\"blocks-gallery-item\"><figure><img loading=\"lazy\" decoding=\"async\" width=\"1024\" height=\"659\" src=\"https:\/\/diarioavanzada.com.mx\/wp-content\/uploads\/2021\/02\/Realizan-fiestas-charrotaurinas-en-Estancia-Infantil_c-1024x659.jpg\" alt=\"\" data-id=\"20108\" data-full-url=\"https:\/\/diarioavanzada.com.mx\/wp-content\/uploads\/2021\/02\/Realizan-fiestas-charrotaurinas-en-Estancia-Infantil_c.jpg\" data-link=\"https:\/\/diarioavanzada.com.mx\/?attachment_id=20108\" class=\"wp-image-20108\" srcset=\"https:\/\/diarioavanzada.com.mx\/wp-content\/uploads\/2021\/02\/Realizan-fiestas-charrotaurinas-en-Estancia-Infantil_c-1024x659.jpg 1024w, https:\/\/diarioavanzada.com.mx\/wp-content\/uploads\/2021\/02\/Realizan-fiestas-charrotaurinas-en-Estancia-Infantil_c-300x193.jpg 300w, https:\/\/diarioavanzada.com.mx\/wp-content\/uploads\/2021\/02\/Realizan-fiestas-charrotaurinas-en-Estancia-Infantil_c-768x494.jpg 768w, https:\/\/diarioavanzada.com.mx\/wp-content\/uploads\/2021\/02\/Realizan-fiestas-charrotaurinas-en-Estancia-Infantil_c.jpg 1027w\" sizes=\"auto, (max-width: 1024px) 100vw, 1024px\" \/><\/figure><\/li><li class=\"blocks-gallery-item\"><figure><img loading=\"lazy\" decoding=\"async\" width=\"960\" height=\"659\" src=\"https:\/\/diarioavanzada.com.mx\/wp-content\/uploads\/2021\/02\/Realizan-fiestas-charrotaurinas-en-Estancia-Infantil_d.jpg\" alt=\"\" data-id=\"20109\" data-full-url=\"https:\/\/diarioavanzada.com.mx\/wp-content\/uploads\/2021\/02\/Realizan-fiestas-charrotaurinas-en-Estancia-Infantil_d.jpg\" data-link=\"https:\/\/diarioavanzada.com.mx\/?attachment_id=20109\" class=\"wp-image-20109\" srcset=\"https:\/\/diarioavanzada.com.mx\/wp-content\/uploads\/2021\/02\/Realizan-fiestas-charrotaurinas-en-Estancia-Infantil_d.jpg 960w, https:\/\/diarioavanzada.com.mx\/wp-content\/uploads\/2021\/02\/Realizan-fiestas-charrotaurinas-en-Estancia-Infantil_d-300x206.jpg 300w, https:\/\/diarioavanzada.com.mx\/wp-content\/uploads\/2021\/02\/Realizan-fiestas-charrotaurinas-en-Estancia-Infantil_d-768x527.jpg 768w\" sizes=\"auto, (max-width: 960px) 100vw, 960px\" \/><\/figure><\/li><li class=\"blocks-gallery-item\"><figure><img loading=\"lazy\" decoding=\"async\" width=\"941\" height=\"658\" src=\"https:\/\/diarioavanzada.com.mx\/wp-content\/uploads\/2021\/02\/Realizan-fiestas-charrotaurinas-en-Estancia-Infantil_e.jpg\" alt=\"\" data-id=\"20110\" data-full-url=\"https:\/\/diarioavanzada.com.mx\/wp-content\/uploads\/2021\/02\/Realizan-fiestas-charrotaurinas-en-Estancia-Infantil_e.jpg\" data-link=\"https:\/\/diarioavanzada.com.mx\/?attachment_id=20110\" class=\"wp-image-20110\" srcset=\"https:\/\/diarioavanzada.com.mx\/wp-content\/uploads\/2021\/02\/Realizan-fiestas-charrotaurinas-en-Estancia-Infantil_e.jpg 941w, https:\/\/diarioavanzada.com.mx\/wp-content\/uploads\/2021\/02\/Realizan-fiestas-charrotaurinas-en-Estancia-Infantil_e-300x210.jpg 300w, https:\/\/diarioavanzada.com.mx\/wp-content\/uploads\/2021\/02\/Realizan-fiestas-charrotaurinas-en-Estancia-Infantil_e-768x537.jpg 768w\" sizes=\"auto, (max-width: 941px) 100vw, 941px\" \/><\/figure><\/li><li class=\"blocks-gallery-item\"><figure><img loading=\"lazy\" decoding=\"async\" width=\"926\" height=\"531\" src=\"https:\/\/diarioavanzada.com.mx\/wp-content\/uploads\/2021\/02\/Realizan-fiestas-charrotaurinas-en-Estancia-Infantil.jpg\" alt=\"\" data-id=\"20111\" data-full-url=\"https:\/\/diarioavanzada.com.mx\/wp-content\/uploads\/2021\/02\/Realizan-fiestas-charrotaurinas-en-Estancia-Infantil.jpg\" data-link=\"https:\/\/diarioavanzada.com.mx\/?attachment_id=20111\" class=\"wp-image-20111\" srcset=\"https:\/\/diarioavanzada.com.mx\/wp-content\/uploads\/2021\/02\/Realizan-fiestas-charrotaurinas-en-Estancia-Infantil.jpg 926w, https:\/\/diarioavanzada.com.mx\/wp-content\/uploads\/2021\/02\/Realizan-fiestas-charrotaurinas-en-Estancia-Infantil-300x172.jpg 300w, https:\/\/diarioavanzada.com.mx\/wp-content\/uploads\/2021\/02\/Realizan-fiestas-charrotaurinas-en-Estancia-Infantil-768x440.jpg 768w\" sizes=\"auto, (max-width: 926px) 100vw, 926px\" \/><\/figure><\/li><\/ul><\/figure>\n\n\n\n<p class=\"wp-block-paragraph\"><\/p>\n<div class=\"fb-background-color\">\n\t\t\t  <div \n\t\t\t  \tclass = \"fb-comments\" \n\t\t\t  \tdata-href = \"https:\/\/diarioavanzada.com.mx\/?p=20104\"\n\t\t\t  \tdata-numposts = \"10\"\n\t\t\t  \tdata-lazy = \"true\"\n\t\t\t\tdata-colorscheme = \"light\"\n\t\t\t\tdata-order-by = \"social\"\n\t\t\t\tdata-mobile=true>\n\t\t\t  <\/div><\/div>\n\t\t  <style>\n\t\t    .fb-background-color {\n\t\t\t\tbackground:  !important;\n\t\t\t}\n\t\t\t.fb_iframe_widget_fluid_desktop iframe {\n\t\t\t    width: 100% !important;\n\t\t\t}\n\t\t  <\/style>\n\t\t  ","protected":false},"excerpt":{"rendered":"<p>Colima, M\u00e9xico, Comunicado (18\/02\/2021).- Esta semana, en la modalidad en l\u00ednea, la Estancia Infantil y el Voluntariado de la Universidad de Colima realizaron un evento para seguir manteniendo vivas las Fiestas Charrotaurinas de Villa de \u00c1lvarez, con el apoyo del Museo de Artes Populares de esta casa de estudios.&nbsp; El evento fue presidido por Blanca [&hellip;]<\/p>\n","protected":false},"author":7,"featured_media":20105,"comment_status":"closed","ping_status":"closed","sticky":false,"template":"","format":"standard","meta":{"_coblocks_attr":"","_coblocks_dimensions":"","_coblocks_responsive_height":"","_coblocks_accordion_ie_support":"","_crdt_document":"","advanced_seo_description":"","jetpack_seo_html_title":"","jetpack_seo_noindex":false,"_jetpack_memberships_contains_paid_content":false,"footnotes":""},"categories":[7],"tags":[],"class_list":["post-20104","post","type-post","status-publish","format-standard","has-post-thumbnail","hentry","category-noticias"],"jetpack_featured_media_url":"https:\/\/diarioavanzada.com.mx\/wp-content\/uploads\/2021\/02\/Realizan-fiestas-charrotaurinas-en-Estancia-Infantil_a.jpg","jetpack-related-posts":[],"jetpack_sharing_enabled":true,"amp_enabled":true,"_links":{"self":[{"href":"https:\/\/diarioavanzada.com.mx\/index.php?rest_route=\/wp\/v2\/posts\/20104","targetHints":{"allow":["GET"]}}],"collection":[{"href":"https:\/\/diarioavanzada.com.mx\/index.php?rest_route=\/wp\/v2\/posts"}],"about":[{"href":"https:\/\/diarioavanzada.com.mx\/index.php?rest_route=\/wp\/v2\/types\/post"}],"author":[{"embeddable":true,"href":"https:\/\/diarioavanzada.com.mx\/index.php?rest_route=\/wp\/v2\/users\/7"}],"replies":[{"embeddable":true,"href":"https:\/\/diarioavanzada.com.mx\/index.php?rest_route=%2Fwp%2Fv2%2Fcomments&post=20104"}],"version-history":[{"count":0,"href":"https:\/\/diarioavanzada.com.mx\/index.php?rest_route=\/wp\/v2\/posts\/20104\/revisions"}],"wp:featuredmedia":[{"embeddable":true,"href":"https:\/\/diarioavanzada.com.mx\/index.php?rest_route=\/wp\/v2\/media\/20105"}],"wp:attachment":[{"href":"https:\/\/diarioavanzada.com.mx\/index.php?rest_route=%2Fwp%2Fv2%2Fmedia&parent=20104"}],"wp:term":[{"taxonomy":"category","embeddable":true,"href":"https:\/\/diarioavanzada.com.mx\/index.php?rest_route=%2Fwp%2Fv2%2Fcategories&post=20104"},{"taxonomy":"post_tag","embeddable":true,"href":"https:\/\/diarioavanzada.com.mx\/index.php?rest_route=%2Fwp%2Fv2%2Ftags&post=20104"}],"curies":[{"name":"wp","href":"https:\/\/api.w.org\/{rel}","templated":true}]}}