{"id":19985,"date":"2021-02-15T13:52:32","date_gmt":"2021-02-15T19:52:32","guid":{"rendered":"https:\/\/diarioavanzada.com.mx\/?p=19985"},"modified":"2021-02-15T13:52:37","modified_gmt":"2021-02-15T19:52:37","slug":"preside-griselda-martinez-ceremonia-conmemorativa-por-el-190-aniversario-luctuoso-del-general-vicente-guerrero","status":"publish","type":"post","link":"https:\/\/diarioavanzada.com.mx\/?p=19985","title":{"rendered":"Preside Griselda Mart\u00ednez ceremonia conmemorativa por el 190 aniversario luctuoso del General Vicente Guerrero"},"content":{"rendered":"\n<p class=\"wp-block-paragraph\">Manzanillo, M\u00e9xico, Comunicado (15\/02\/2021).- La Presidenta Municipal de Manzanillo, Griselda Mart\u00ednez, encabez\u00f3 la ceremonia c\u00edvica conmemorativa por el 190\u00b0 aniversario luctuoso del General Vicente Guerrero, acompa\u00f1ada por autoridades federales, alumnos, Padres de familia y profesores de la Escuela Primaria \u201cVicente Guerreo\u201d, ubicada en la zona Centro del municipio.&nbsp;<\/p>\n\n\n\n<p class=\"wp-block-paragraph\">Durante esta ceremonia, la alcaldesa se dijo muy emocionada de visitar su alma m\u00e1ter, \u201cen esta escuela estudi\u00e9 y el ejemplo de Vicente Guerrero me sirvi\u00f3 de inspiraci\u00f3n y ejemplo, la poes\u00eda que habla de sus ideales, siempre me qued\u00f3 en el alma y en el coraz\u00f3n. Y precisamente ese tema es el que hoy nos convoca a avanzar en la transformaci\u00f3n que el pa\u00eds necesita para recuperar la Patria\u201d.&nbsp;<\/p>\n\n\n\n<p class=\"wp-block-paragraph\">En su emotivo mensaje, Griselda Mart\u00ednez detall\u00f3 que \u201cEn nuestro pa\u00eds ha habido tres grandes transformaciones y estamos viviendo la cuarta gran transformaci\u00f3n. Refiri\u00f3 que la primera fue la lucha de Independencia que llevaron a cabo Don Miguel Hidalgo, Josefa Ortiz de Dom\u00ednguez, Allende, Aldama, Morelos y Vicente Guerrero, entre muchos h\u00e9roes nacionales m\u00e1s; ese fue un movimiento armado donde muri\u00f3 mucha gente para liberar al pa\u00eds. La segunda transformaci\u00f3n fue abanderada por Don Benito Ju\u00e1rez y se le conoce como \u201cLa Reforma\u201d -lucha entre liberales y conservadores- donde como en todas las luchas surgieron traidores que asesinaron y persiguieron a quienes buscaban implementar en el pa\u00eds un modelo liberal. La tercera transformaci\u00f3n fue la Revoluci\u00f3n Mexicana, que no se puede entender sin la participaci\u00f3n de los Hermanos Flores Mag\u00f3n, Madero, Zapata, Pancho Villa. En cada una de estas tres transformaciones hemos tenido miles de p\u00e9rdidas de vidas de mexicanos para avanzar hasta el pa\u00eds que hoy tenemos.\u201d&nbsp;<\/p>\n\n\n\n<p class=\"wp-block-paragraph\">La presidenta manzanillense se\u00f1al\u00f3 que \u201cM\u00e9xico est\u00e1 viviendo una etapa hist\u00f3rica y se sigue avanzando para lograr la Cuarta Transformaci\u00f3n; movimiento nacional que surge de la imperiosa necesidad que tenemos millones de mexicanos de transformar la vida p\u00fablica y social de nuestro pa\u00eds, y sus principales prop\u00f3sitos son los de terminar con la corrupci\u00f3n, con la impunidad y con los privilegios. En esta Cuarta Transformaci\u00f3n cada quien se pondr\u00e1 en la trinchera que le corresponde -habr\u00e1 traidores como en todas las transformaciones y habr\u00e1 gente que pierda la vida- pero es necesario transformar este pa\u00eds, para que nuestros ni\u00f1os tengan patria\u201d, concluy\u00f3\u201d<\/p>\n\n\n\n<p class=\"wp-block-paragraph\">En el marco de la ceremonia c\u00edvica, la directora del plantel, Gloria Mar\u00eda D\u00edaz Zamorano, hizo un especial reconocimiento a Griselda Mart\u00ednez. \u201cLa presidenta cumpli\u00f3 su palabra como lo hiciera Vicente Guerrero. Hace un a\u00f1o le pedimos que nos apoyara para que nuestros ni\u00f1os y ni\u00f1as tuvieran una techumbre en el patio c\u00edvico de su escuela y no titube\u00f3. Gracias sinceramente porque los ni\u00f1os podr\u00e1n realizar sus actividades en la sombrita, sin que los angustie el sol o la lluvia, se\u00f1ora presidente muchas gracias, mi gratitud y respeto para usted\u201d.&nbsp;<\/p>\n\n\n\n<p class=\"wp-block-paragraph\">Concluy\u00f3 la ceremonia con una guardia de honor y ofrenda floral al pie del busto de Vicente Guerrero y finalmente, la directora de la escuela invit\u00f3 a la presidenta a hacer un recorrido por las instalaciones del plantel, en donde \u2013 una vez que los ni\u00f1os regresen a clases presenciales- podr\u00e1n disfrutar de la techumbre y jugar\u00e1n felices durante el recreo.\u00a0<\/p>\n\n\n\n<figure class=\"wp-block-image size-large\"><img loading=\"lazy\" decoding=\"async\" width=\"680\" height=\"358\" src=\"https:\/\/diarioavanzada.com.mx\/wp-content\/uploads\/2021\/02\/image-66.png\" alt=\"\" class=\"wp-image-19987\" srcset=\"https:\/\/diarioavanzada.com.mx\/wp-content\/uploads\/2021\/02\/image-66.png 680w, https:\/\/diarioavanzada.com.mx\/wp-content\/uploads\/2021\/02\/image-66-300x158.png 300w\" sizes=\"auto, (max-width: 680px) 100vw, 680px\" \/><\/figure>\n\n\n\n<figure class=\"wp-block-image size-large\"><img loading=\"lazy\" decoding=\"async\" width=\"680\" height=\"285\" src=\"https:\/\/diarioavanzada.com.mx\/wp-content\/uploads\/2021\/02\/image-67.png\" alt=\"\" class=\"wp-image-19988\" srcset=\"https:\/\/diarioavanzada.com.mx\/wp-content\/uploads\/2021\/02\/image-67.png 680w, https:\/\/diarioavanzada.com.mx\/wp-content\/uploads\/2021\/02\/image-67-300x126.png 300w\" sizes=\"auto, (max-width: 680px) 100vw, 680px\" \/><\/figure>\n\n\n\n<figure class=\"wp-block-image size-large\"><img loading=\"lazy\" decoding=\"async\" width=\"680\" height=\"242\" src=\"https:\/\/diarioavanzada.com.mx\/wp-content\/uploads\/2021\/02\/image-68.png\" alt=\"\" class=\"wp-image-19989\" srcset=\"https:\/\/diarioavanzada.com.mx\/wp-content\/uploads\/2021\/02\/image-68.png 680w, https:\/\/diarioavanzada.com.mx\/wp-content\/uploads\/2021\/02\/image-68-300x107.png 300w\" sizes=\"auto, (max-width: 680px) 100vw, 680px\" \/><\/figure>\n\n\n\n<figure class=\"wp-block-image size-large\"><img loading=\"lazy\" decoding=\"async\" width=\"680\" height=\"421\" src=\"https:\/\/diarioavanzada.com.mx\/wp-content\/uploads\/2021\/02\/image-69.png\" alt=\"\" class=\"wp-image-19990\" srcset=\"https:\/\/diarioavanzada.com.mx\/wp-content\/uploads\/2021\/02\/image-69.png 680w, https:\/\/diarioavanzada.com.mx\/wp-content\/uploads\/2021\/02\/image-69-300x186.png 300w\" sizes=\"auto, (max-width: 680px) 100vw, 680px\" \/><\/figure>\n\n\n\n<figure class=\"wp-block-image size-large\"><img loading=\"lazy\" decoding=\"async\" width=\"315\" height=\"680\" src=\"https:\/\/diarioavanzada.com.mx\/wp-content\/uploads\/2021\/02\/image-70.png\" alt=\"\" class=\"wp-image-19991\" srcset=\"https:\/\/diarioavanzada.com.mx\/wp-content\/uploads\/2021\/02\/image-70.png 315w, https:\/\/diarioavanzada.com.mx\/wp-content\/uploads\/2021\/02\/image-70-139x300.png 139w\" sizes=\"auto, (max-width: 315px) 100vw, 315px\" \/><\/figure>\n\n\n\n<figure class=\"wp-block-image size-large\"><img loading=\"lazy\" decoding=\"async\" width=\"680\" height=\"458\" src=\"https:\/\/diarioavanzada.com.mx\/wp-content\/uploads\/2021\/02\/image-71.png\" alt=\"\" class=\"wp-image-19992\" srcset=\"https:\/\/diarioavanzada.com.mx\/wp-content\/uploads\/2021\/02\/image-71.png 680w, https:\/\/diarioavanzada.com.mx\/wp-content\/uploads\/2021\/02\/image-71-300x202.png 300w\" sizes=\"auto, (max-width: 680px) 100vw, 680px\" \/><\/figure>\n\n\n\n<figure class=\"wp-block-image size-large\"><img loading=\"lazy\" decoding=\"async\" width=\"442\" height=\"680\" src=\"https:\/\/diarioavanzada.com.mx\/wp-content\/uploads\/2021\/02\/image-72.png\" alt=\"\" class=\"wp-image-19993\" srcset=\"https:\/\/diarioavanzada.com.mx\/wp-content\/uploads\/2021\/02\/image-72.png 442w, https:\/\/diarioavanzada.com.mx\/wp-content\/uploads\/2021\/02\/image-72-195x300.png 195w\" sizes=\"auto, (max-width: 442px) 100vw, 442px\" \/><\/figure>\n\n\n\n<figure class=\"wp-block-image size-large\"><img loading=\"lazy\" decoding=\"async\" width=\"394\" height=\"680\" src=\"https:\/\/diarioavanzada.com.mx\/wp-content\/uploads\/2021\/02\/image-73.png\" alt=\"\" class=\"wp-image-19994\" srcset=\"https:\/\/diarioavanzada.com.mx\/wp-content\/uploads\/2021\/02\/image-73.png 394w, https:\/\/diarioavanzada.com.mx\/wp-content\/uploads\/2021\/02\/image-73-174x300.png 174w\" sizes=\"auto, (max-width: 394px) 100vw, 394px\" \/><\/figure>\n<div class=\"fb-background-color\">\n\t\t\t  <div \n\t\t\t  \tclass = \"fb-comments\" \n\t\t\t  \tdata-href = \"https:\/\/diarioavanzada.com.mx\/?p=19985\"\n\t\t\t  \tdata-numposts = \"10\"\n\t\t\t  \tdata-lazy = \"true\"\n\t\t\t\tdata-colorscheme = \"light\"\n\t\t\t\tdata-order-by = \"social\"\n\t\t\t\tdata-mobile=true>\n\t\t\t  <\/div><\/div>\n\t\t  <style>\n\t\t    .fb-background-color {\n\t\t\t\tbackground:  !important;\n\t\t\t}\n\t\t\t.fb_iframe_widget_fluid_desktop iframe {\n\t\t\t    width: 100% !important;\n\t\t\t}\n\t\t  <\/style>\n\t\t  ","protected":false},"excerpt":{"rendered":"<p>Manzanillo, M\u00e9xico, Comunicado (15\/02\/2021).- La Presidenta Municipal de Manzanillo, Griselda Mart\u00ednez, encabez\u00f3 la ceremonia c\u00edvica conmemorativa por el 190\u00b0 aniversario luctuoso del General Vicente Guerrero, acompa\u00f1ada por autoridades federales, alumnos, Padres de familia y profesores de la Escuela Primaria \u201cVicente Guerreo\u201d, ubicada en la zona Centro del municipio.&nbsp; Durante esta ceremonia, la alcaldesa se dijo [&hellip;]<\/p>\n","protected":false},"author":7,"featured_media":19986,"comment_status":"closed","ping_status":"closed","sticky":false,"template":"","format":"standard","meta":{"_coblocks_attr":"","_coblocks_dimensions":"","_coblocks_responsive_height":"","_coblocks_accordion_ie_support":"","_crdt_document":"","advanced_seo_description":"","jetpack_seo_html_title":"","jetpack_seo_noindex":false,"_jetpack_memberships_contains_paid_content":false,"footnotes":""},"categories":[20],"tags":[],"class_list":["post-19985","post","type-post","status-publish","format-standard","has-post-thumbnail","hentry","category-manzanillo"],"jetpack_featured_media_url":"https:\/\/diarioavanzada.com.mx\/wp-content\/uploads\/2021\/02\/image-65.png","jetpack-related-posts":[],"jetpack_sharing_enabled":true,"amp_enabled":true,"_links":{"self":[{"href":"https:\/\/diarioavanzada.com.mx\/index.php?rest_route=\/wp\/v2\/posts\/19985","targetHints":{"allow":["GET"]}}],"collection":[{"href":"https:\/\/diarioavanzada.com.mx\/index.php?rest_route=\/wp\/v2\/posts"}],"about":[{"href":"https:\/\/diarioavanzada.com.mx\/index.php?rest_route=\/wp\/v2\/types\/post"}],"author":[{"embeddable":true,"href":"https:\/\/diarioavanzada.com.mx\/index.php?rest_route=\/wp\/v2\/users\/7"}],"replies":[{"embeddable":true,"href":"https:\/\/diarioavanzada.com.mx\/index.php?rest_route=%2Fwp%2Fv2%2Fcomments&post=19985"}],"version-history":[{"count":0,"href":"https:\/\/diarioavanzada.com.mx\/index.php?rest_route=\/wp\/v2\/posts\/19985\/revisions"}],"wp:featuredmedia":[{"embeddable":true,"href":"https:\/\/diarioavanzada.com.mx\/index.php?rest_route=\/wp\/v2\/media\/19986"}],"wp:attachment":[{"href":"https:\/\/diarioavanzada.com.mx\/index.php?rest_route=%2Fwp%2Fv2%2Fmedia&parent=19985"}],"wp:term":[{"taxonomy":"category","embeddable":true,"href":"https:\/\/diarioavanzada.com.mx\/index.php?rest_route=%2Fwp%2Fv2%2Fcategories&post=19985"},{"taxonomy":"post_tag","embeddable":true,"href":"https:\/\/diarioavanzada.com.mx\/index.php?rest_route=%2Fwp%2Fv2%2Ftags&post=19985"}],"curies":[{"name":"wp","href":"https:\/\/api.w.org\/{rel}","templated":true}]}}