{"id":19983,"date":"2021-02-15T08:15:12","date_gmt":"2021-02-15T14:15:12","guid":{"rendered":"https:\/\/diarioavanzada.com.mx\/?p=19983"},"modified":"2021-02-15T08:15:15","modified_gmt":"2021-02-15T14:15:15","slug":"salud-reporta-solo-18-nuevos-casos-de-cancer-infantil-por-ano","status":"publish","type":"post","link":"https:\/\/diarioavanzada.com.mx\/?p=19983","title":{"rendered":"Salud reporta s\u00f3lo 18 nuevos casos de c\u00e1ncer infantil por a\u00f1o"},"content":{"rendered":"\n<p class=\"wp-block-paragraph\">Colima, M\u00e9xico, Avanzada (15\/02\/2021).- En los \u00faltimos tres lustros, 265 menores de edad en Colima fueron diagnosticados con alg\u00fan tipo de c\u00e1ncer, de acuerdo a la informaci\u00f3n de la Secretar\u00eda de Salud, quien adem\u00e1s, revel\u00f3 que cada a\u00f1o se detectan 18 nuevos casos en promedio.<\/p>\n\n\n\n<p class=\"wp-block-paragraph\">El 60 por ciento de los pacientes diagnosticados se ubican entre 0 y 9 a\u00f1os de edad, mientras que un 40 por ciento de los casos tienen de 10 a 18 a\u00f1os de edad, seg\u00fan las estad\u00edsticas del Instituto Estatal de Cancerolog\u00eda.<\/p>\n\n\n\n<p class=\"wp-block-paragraph\">La secretar\u00eda de Salud&nbsp;mencion\u00f3 que en los \u00faltimos 15 a\u00f1os, se atendieron a 6 menores de un a\u00f1o de edad, 83 ni\u00f1os de 1 a 4 a\u00f1os y a 75 de 5 a 9 a\u00f1os, as\u00ed como a 56, de 10 a 14 a\u00f1os y, a 45, de 15 a 18 a\u00f1os.<\/p>\n\n\n\n<p class=\"wp-block-paragraph\">La secretar\u00eda de Salud tambi\u00e9n revel\u00f3 que en promedio pronostica y atiende 18 casos de c\u00e1ncer infantil cada a\u00f1o, de los cuales, el 53% se presenta en ni\u00f1os y el restante 47% en ni\u00f1as.<\/p>\n\n\n\n<p class=\"wp-block-paragraph\">Mientras que el Instituto de Cancerolog\u00eda inform\u00f3 que las neoplasias malignas en los ni\u00f1os y adolescentes son la leucemia con 102 casos, representan el 38.9 por ciento;&nbsp;linfomas y neoplasias con 45 casos, equivalente a 17.1 por ciento, &nbsp;y neoplasias del sistema nervioso central y diversas neoplasias del cr\u00e1neo con 42 que representan un 16 por ciento.<\/p>\n\n\n\n<p class=\"wp-block-paragraph\">Los otros dos son los tumores de c\u00e9lulas germinales con 26 casos&nbsp;y sarcomas de tejidos blandos con 10.<\/p>\n\n\n\n<p class=\"wp-block-paragraph\">El c\u00e1ncer infantil es considerado un problema de salud p\u00fablica porque representa la principal causa de muerte por enfermedad entre los menores de 5 y 14 a\u00f1os de edad.<\/p>\n<div class=\"fb-background-color\">\n\t\t\t  <div \n\t\t\t  \tclass = \"fb-comments\" \n\t\t\t  \tdata-href = \"https:\/\/diarioavanzada.com.mx\/?p=19983\"\n\t\t\t  \tdata-numposts = \"10\"\n\t\t\t  \tdata-lazy = \"true\"\n\t\t\t\tdata-colorscheme = \"light\"\n\t\t\t\tdata-order-by = \"social\"\n\t\t\t\tdata-mobile=true>\n\t\t\t  <\/div><\/div>\n\t\t  <style>\n\t\t    .fb-background-color {\n\t\t\t\tbackground:  !important;\n\t\t\t}\n\t\t\t.fb_iframe_widget_fluid_desktop iframe {\n\t\t\t    width: 100% !important;\n\t\t\t}\n\t\t  <\/style>\n\t\t  ","protected":false},"excerpt":{"rendered":"<p>Colima, M\u00e9xico, Avanzada (15\/02\/2021).- En los \u00faltimos tres lustros, 265 menores de edad en Colima fueron diagnosticados con alg\u00fan tipo de c\u00e1ncer, de acuerdo a la informaci\u00f3n de la Secretar\u00eda de Salud, quien adem\u00e1s, revel\u00f3 que cada a\u00f1o se detectan 18 nuevos casos en promedio. El 60 por ciento de los pacientes diagnosticados se ubican [&hellip;]<\/p>\n","protected":false},"author":7,"featured_media":12823,"comment_status":"closed","ping_status":"closed","sticky":false,"template":"","format":"standard","meta":{"_coblocks_attr":"","_coblocks_dimensions":"","_coblocks_responsive_height":"","_coblocks_accordion_ie_support":"","_crdt_document":"","advanced_seo_description":"","jetpack_seo_html_title":"","jetpack_seo_noindex":false,"_jetpack_memberships_contains_paid_content":false,"footnotes":""},"categories":[19],"tags":[304,210],"class_list":["post-19983","post","type-post","status-publish","format-standard","has-post-thumbnail","hentry","category-colima","tag-cancer","tag-portada"],"jetpack_featured_media_url":"https:\/\/diarioavanzada.com.mx\/wp-content\/uploads\/2020\/05\/Cancerologi\u0301a.png","jetpack-related-posts":[],"jetpack_sharing_enabled":true,"amp_enabled":true,"_links":{"self":[{"href":"https:\/\/diarioavanzada.com.mx\/index.php?rest_route=\/wp\/v2\/posts\/19983","targetHints":{"allow":["GET"]}}],"collection":[{"href":"https:\/\/diarioavanzada.com.mx\/index.php?rest_route=\/wp\/v2\/posts"}],"about":[{"href":"https:\/\/diarioavanzada.com.mx\/index.php?rest_route=\/wp\/v2\/types\/post"}],"author":[{"embeddable":true,"href":"https:\/\/diarioavanzada.com.mx\/index.php?rest_route=\/wp\/v2\/users\/7"}],"replies":[{"embeddable":true,"href":"https:\/\/diarioavanzada.com.mx\/index.php?rest_route=%2Fwp%2Fv2%2Fcomments&post=19983"}],"version-history":[{"count":0,"href":"https:\/\/diarioavanzada.com.mx\/index.php?rest_route=\/wp\/v2\/posts\/19983\/revisions"}],"wp:featuredmedia":[{"embeddable":true,"href":"https:\/\/diarioavanzada.com.mx\/index.php?rest_route=\/wp\/v2\/media\/12823"}],"wp:attachment":[{"href":"https:\/\/diarioavanzada.com.mx\/index.php?rest_route=%2Fwp%2Fv2%2Fmedia&parent=19983"}],"wp:term":[{"taxonomy":"category","embeddable":true,"href":"https:\/\/diarioavanzada.com.mx\/index.php?rest_route=%2Fwp%2Fv2%2Fcategories&post=19983"},{"taxonomy":"post_tag","embeddable":true,"href":"https:\/\/diarioavanzada.com.mx\/index.php?rest_route=%2Fwp%2Fv2%2Ftags&post=19983"}],"curies":[{"name":"wp","href":"https:\/\/api.w.org\/{rel}","templated":true}]}}