{"id":19451,"date":"2021-01-31T07:29:12","date_gmt":"2021-01-31T13:29:12","guid":{"rendered":"https:\/\/diarioavanzada.com.mx\/?p=19451"},"modified":"2021-01-31T07:29:14","modified_gmt":"2021-01-31T13:29:14","slug":"arranco-en-el-colomo-la-1a-jornada-de-justicia-civica-itinerante","status":"publish","type":"post","link":"https:\/\/diarioavanzada.com.mx\/?p=19451","title":{"rendered":"Arranc\u00f3 en El Colomo la 1\u00aa Jornada de Justicia C\u00edvica Itinerante"},"content":{"rendered":"\n<p class=\"wp-block-paragraph\">Manzanillo, M\u00e9xico, Comunicado (31\/01\/2021).- Con la finalidad de acercar los servicios del Juzgado C\u00edvico a las colonias y comunidades m\u00e1s alejadas del municipio, la Presidenta de Manzanillo, Griselda Mart\u00ednez, gir\u00f3 instrucciones para la realizaci\u00f3n de la Primera Jornada de Justicia C\u00edvica Itinerante, por lo que la poblaci\u00f3n de El Colomo fue la primera en ser visitada.<\/p>\n\n\n\n<p class=\"wp-block-paragraph\">El Juez C\u00edvico Municipal Edwin Ram\u00f3n Le\u00f3n Delgado, la Coordinadora del Sistema Municipal de Justicia C\u00edvica, Isamar Ram\u00edrez Rodr\u00edguez, la facilitadora Kenia Paola G\u00f3mez Mej\u00eda, as\u00ed como personal de la Direcci\u00f3n de Participaci\u00f3n Ciudadana y Desarrollo Comunitario, atendieron a los ciudadanos con la orientaci\u00f3n necesaria para manejar los conflictos vecinales, sociales y comunitarios, y encontrar resoluciones a trav\u00e9s de mecanismos pac\u00edficos.<\/p>\n\n\n\n<p class=\"wp-block-paragraph\">Finalmente, la alcaldesa se\u00f1al\u00f3 que esta administraci\u00f3n es la primera en implementar esta modalidad de Justicia C\u00edvica itinerante e hizo un llamado a la poblaci\u00f3n a participar en esta actividad que se estar\u00e1 llevando de manera permanente en las localidades y colonias del municipio.<\/p>\n<div class=\"fb-background-color\">\n\t\t\t  <div \n\t\t\t  \tclass = \"fb-comments\" \n\t\t\t  \tdata-href = \"https:\/\/diarioavanzada.com.mx\/?p=19451\"\n\t\t\t  \tdata-numposts = \"10\"\n\t\t\t  \tdata-lazy = \"true\"\n\t\t\t\tdata-colorscheme = \"light\"\n\t\t\t\tdata-order-by = \"social\"\n\t\t\t\tdata-mobile=true>\n\t\t\t  <\/div><\/div>\n\t\t  <style>\n\t\t    .fb-background-color {\n\t\t\t\tbackground:  !important;\n\t\t\t}\n\t\t\t.fb_iframe_widget_fluid_desktop iframe {\n\t\t\t    width: 100% !important;\n\t\t\t}\n\t\t  <\/style>\n\t\t  ","protected":false},"excerpt":{"rendered":"<p>Manzanillo, M\u00e9xico, Comunicado (31\/01\/2021).- Con la finalidad de acercar los servicios del Juzgado C\u00edvico a las colonias y comunidades m\u00e1s alejadas del municipio, la Presidenta de Manzanillo, Griselda Mart\u00ednez, gir\u00f3 instrucciones para la realizaci\u00f3n de la Primera Jornada de Justicia C\u00edvica Itinerante, por lo que la poblaci\u00f3n de El Colomo fue la primera en ser [&hellip;]<\/p>\n","protected":false},"author":7,"featured_media":19452,"comment_status":"closed","ping_status":"closed","sticky":false,"template":"","format":"standard","meta":{"_coblocks_attr":"","_coblocks_dimensions":"","_coblocks_responsive_height":"","_coblocks_accordion_ie_support":"","_crdt_document":"","advanced_seo_description":"","jetpack_seo_html_title":"","jetpack_seo_noindex":false,"_jetpack_memberships_contains_paid_content":false,"footnotes":""},"categories":[20],"tags":[],"class_list":["post-19451","post","type-post","status-publish","format-standard","has-post-thumbnail","hentry","category-manzanillo"],"jetpack_featured_media_url":"https:\/\/diarioavanzada.com.mx\/wp-content\/uploads\/2021\/01\/justicia-civica-itinerante-2.jpeg","jetpack-related-posts":[],"jetpack_sharing_enabled":true,"amp_enabled":true,"_links":{"self":[{"href":"https:\/\/diarioavanzada.com.mx\/index.php?rest_route=\/wp\/v2\/posts\/19451","targetHints":{"allow":["GET"]}}],"collection":[{"href":"https:\/\/diarioavanzada.com.mx\/index.php?rest_route=\/wp\/v2\/posts"}],"about":[{"href":"https:\/\/diarioavanzada.com.mx\/index.php?rest_route=\/wp\/v2\/types\/post"}],"author":[{"embeddable":true,"href":"https:\/\/diarioavanzada.com.mx\/index.php?rest_route=\/wp\/v2\/users\/7"}],"replies":[{"embeddable":true,"href":"https:\/\/diarioavanzada.com.mx\/index.php?rest_route=%2Fwp%2Fv2%2Fcomments&post=19451"}],"version-history":[{"count":0,"href":"https:\/\/diarioavanzada.com.mx\/index.php?rest_route=\/wp\/v2\/posts\/19451\/revisions"}],"wp:featuredmedia":[{"embeddable":true,"href":"https:\/\/diarioavanzada.com.mx\/index.php?rest_route=\/wp\/v2\/media\/19452"}],"wp:attachment":[{"href":"https:\/\/diarioavanzada.com.mx\/index.php?rest_route=%2Fwp%2Fv2%2Fmedia&parent=19451"}],"wp:term":[{"taxonomy":"category","embeddable":true,"href":"https:\/\/diarioavanzada.com.mx\/index.php?rest_route=%2Fwp%2Fv2%2Fcategories&post=19451"},{"taxonomy":"post_tag","embeddable":true,"href":"https:\/\/diarioavanzada.com.mx\/index.php?rest_route=%2Fwp%2Fv2%2Ftags&post=19451"}],"curies":[{"name":"wp","href":"https:\/\/api.w.org\/{rel}","templated":true}]}}