{"id":19322,"date":"2021-01-26T11:12:34","date_gmt":"2021-01-26T17:12:34","guid":{"rendered":"https:\/\/diarioavanzada.com.mx\/?p=19322"},"modified":"2021-01-26T11:12:36","modified_gmt":"2021-01-26T17:12:36","slug":"inaugura-udec-jornadas-academicas-para-mejorar-capacitacion-digital-de-docentes","status":"publish","type":"post","link":"https:\/\/diarioavanzada.com.mx\/?p=19322","title":{"rendered":"Inaugura UdeC Jornadas Acad\u00e9micas para mejorar capacitaci\u00f3n digital de docentes"},"content":{"rendered":"\n<p class=\"wp-block-paragraph\">Colima, M\u00e9xico, Comunicado (26\/01\/2021).- Al inaugurar las Jornadas Acad\u00e9micas 2021, el coordinador general de Docencia de la Universidad de Colima, Carlos Eduardo Monroy Galindo, en representaci\u00f3n del rector Jos\u00e9 Eduardo Hern\u00e1ndez Nava, dijo que a m\u00e1s de 300 d\u00edas de suspensi\u00f3n de las actividades acad\u00e9micas presenciales por la pandemia, \u201csi vemos que todos los procesos han cambiado, entonces algo que tambi\u00e9n deber\u00eda cambiar son nuestras formas de aproximarnos a la ense\u00f1anza, a la educaci\u00f3n y a lo que hacemos como profesores y directivos de las escuelas y facultades\u201d.<\/p>\n\n\n\n<p class=\"wp-block-paragraph\">Las Jornadas Acad\u00e9micas 2021, dirigidas a profesores y profesoras de la UdeC, se estar\u00e1n realizando desde este lunes 25 y hasta el pr\u00f3ximo 5 de febrero. Llevan por tema \u201cLa pr\u00e1ctica docente en ambientes virtuales de aprendizaje\u201d.<\/p>\n\n\n\n<p class=\"wp-block-paragraph\">En la inauguraci\u00f3n, Monroy Galindo coment\u00f3 que no es posible decir que nada m\u00e1s se pas\u00f3 del sal\u00f3n de clases a la computadora, \u201ceso ser\u00eda irreal, il\u00f3gico; hemos visto que nuestra vida ha sido tocada en todos los niveles, en todas las esferas, lo que significa que no podemos dar ese paso en autom\u00e1tico. No es s\u00f3lo un asunto de adaptaci\u00f3n tecnol\u00f3gica, de procesos, estructuras, servicios o de equipamiento, sino tambi\u00e9n un proceso de desarrollo personal, de adecuaci\u00f3n personal, emocional, social y familiar\u201d.<\/p>\n\n\n\n<p class=\"wp-block-paragraph\">En este sentido, destac\u00f3, las Jornadas Acad\u00e9micas se prepararon para acompa\u00f1ar a las y los profesores y seguir avanzado en el proceso de desarrollo y de mejora continua.<\/p>\n\n\n\n<p class=\"wp-block-paragraph\">Carlos Eduardo Monroy resalt\u00f3 que, durante estos m\u00e1s de 300 d\u00edas, \u201clos docentes han podido demostrar que son una comunidad activa, pujante, comprometida, responsable, y que buscan las formas de hacer cada vez mejor las cosas; por eso estamos aqu\u00ed en estas jornadas. No es algo sencillo; hay d\u00edas en que flaqueamos, pero precisamente si nos damos cuenta que estamos juntos, podemos tambi\u00e9n avanzar juntos\u201d.<\/p>\n\n\n\n<p class=\"wp-block-paragraph\">Por su parte, Martha Eugenia Ch\u00e1vez Gonz\u00e1lez, directora general de Desarrollo del Personal Acad\u00e9mico de la UdeC, se\u00f1al\u00f3 que para quienes trabajan como docentes ha sido un reto modificar la organizaci\u00f3n de los programas de asignatura, luego reorganizarse con sus compa\u00f1eros de semestre y despu\u00e9s elegir las estrategias de ense\u00f1anza para trabajar mediante las tecnolog\u00edas, adem\u00e1s de replantearse las actividades familiares para conciliar familia y trabajo.<\/p>\n\n\n\n<p class=\"wp-block-paragraph\">Coment\u00f3 que la tecnolog\u00eda pone un sin fin de posibilidades al alcance para ofrecer a las y los estudiantes videos, podcast, juegos e infogr\u00e1ficos, \u201cy ese tipo de competencias se les demandar\u00e1 pronto a todos los profesores, por eso la ANUIES ya trabaja en la definici\u00f3n de criterios para evaluarlas\u201d.<\/p>\n\n\n\n<p class=\"wp-block-paragraph\">Por \u00faltimo, Martha Ch\u00e1vez manifest\u00f3 que, en este ciclo de capacitaci\u00f3n, se pretende reforzar las habilidades digitales, tratar de entender los aspectos emocionales y armonizar el trabajo en casa y la salud de profesores, coordinadores acad\u00e9micos, asesores pedag\u00f3gicos y trabajadores universitarios, \u201cque hoy son tambi\u00e9n maestros en casa.<\/p>\n\n\n\n<p class=\"wp-block-paragraph\">Como parte de las jornadas habr\u00e1 dos seminarios: \u201cDise\u00f1o de la pr\u00e1ctica docente en ambientes virtuales de aprendizaje\u201d y \u201cHabilidades y recursos docentes en ambientes virtuales de aprendizaje\u201d, as\u00ed como m\u00e1s de veinte cursos, cursos-talleres y el ciclo de cine \u201cReflexi\u00f3n de la pr\u00e1ctica docente\u201d.<\/p>\n\n\n\n<p class=\"wp-block-paragraph\">Tambi\u00e9n habr\u00e1 un espacio nuevo titulado \u201cTecnopills (tecno-p\u00edldoras), eventos autogestionables\u201d, a trav\u00e9s de la plataforma EDUC, donde se abordar\u00e1n temas como la Etiqueta digital para el aula, Evaluaci\u00f3n con juguetes digitales y Reportes din\u00e1micos para la pr\u00e1ctica docente.<\/p>\n\n\n\n<p class=\"wp-block-paragraph\">Todos los eventos se realizar\u00e1n en l\u00ednea a trav\u00e9s de las plataformas Zoom, EVUC, Classroom, CENAT y Google Meet.<\/p>\n\n\n\n<figure class=\"wp-block-gallery columns-1 is-cropped wp-block-gallery-1 is-layout-flex wp-block-gallery-is-layout-flex\"><ul class=\"blocks-gallery-grid\"><li class=\"blocks-gallery-item\"><figure><img loading=\"lazy\" decoding=\"async\" width=\"1024\" height=\"573\" src=\"https:\/\/diarioavanzada.com.mx\/wp-content\/uploads\/2021\/01\/Inauguran-Jornadas-Acade\u0301micas-de-la-UdeC_Eduardo-Monroy-1024x573.jpg\" alt=\"\" data-id=\"19323\" data-full-url=\"https:\/\/diarioavanzada.com.mx\/wp-content\/uploads\/2021\/01\/Inauguran-Jornadas-Acade\u0301micas-de-la-UdeC_Eduardo-Monroy.jpg\" data-link=\"https:\/\/diarioavanzada.com.mx\/?attachment_id=19323\" class=\"wp-image-19323\" srcset=\"https:\/\/diarioavanzada.com.mx\/wp-content\/uploads\/2021\/01\/Inauguran-Jornadas-Acade\u0301micas-de-la-UdeC_Eduardo-Monroy-1024x573.jpg 1024w, https:\/\/diarioavanzada.com.mx\/wp-content\/uploads\/2021\/01\/Inauguran-Jornadas-Acade\u0301micas-de-la-UdeC_Eduardo-Monroy-300x168.jpg 300w, https:\/\/diarioavanzada.com.mx\/wp-content\/uploads\/2021\/01\/Inauguran-Jornadas-Acade\u0301micas-de-la-UdeC_Eduardo-Monroy-768x430.jpg 768w, https:\/\/diarioavanzada.com.mx\/wp-content\/uploads\/2021\/01\/Inauguran-Jornadas-Acade\u0301micas-de-la-UdeC_Eduardo-Monroy.jpg 1450w\" sizes=\"auto, (max-width: 1024px) 100vw, 1024px\" \/><\/figure><\/li><\/ul><\/figure>\n<div class=\"fb-background-color\">\n\t\t\t  <div \n\t\t\t  \tclass = \"fb-comments\" \n\t\t\t  \tdata-href = \"https:\/\/diarioavanzada.com.mx\/?p=19322\"\n\t\t\t  \tdata-numposts = \"10\"\n\t\t\t  \tdata-lazy = \"true\"\n\t\t\t\tdata-colorscheme = \"light\"\n\t\t\t\tdata-order-by = \"social\"\n\t\t\t\tdata-mobile=true>\n\t\t\t  <\/div><\/div>\n\t\t  <style>\n\t\t    .fb-background-color {\n\t\t\t\tbackground:  !important;\n\t\t\t}\n\t\t\t.fb_iframe_widget_fluid_desktop iframe {\n\t\t\t    width: 100% !important;\n\t\t\t}\n\t\t  <\/style>\n\t\t  ","protected":false},"excerpt":{"rendered":"<p>Colima, M\u00e9xico, Comunicado (26\/01\/2021).- Al inaugurar las Jornadas Acad\u00e9micas 2021, el coordinador general de Docencia de la Universidad de Colima, Carlos Eduardo Monroy Galindo, en representaci\u00f3n del rector Jos\u00e9 Eduardo Hern\u00e1ndez Nava, dijo que a m\u00e1s de 300 d\u00edas de suspensi\u00f3n de las actividades acad\u00e9micas presenciales por la pandemia, \u201csi vemos que todos los procesos [&hellip;]<\/p>\n","protected":false},"author":7,"featured_media":19324,"comment_status":"closed","ping_status":"closed","sticky":false,"template":"","format":"standard","meta":{"_coblocks_attr":"","_coblocks_dimensions":"","_coblocks_responsive_height":"","_coblocks_accordion_ie_support":"","_crdt_document":"","advanced_seo_description":"","jetpack_seo_html_title":"","jetpack_seo_noindex":false,"_jetpack_memberships_contains_paid_content":false,"footnotes":""},"categories":[7],"tags":[],"class_list":["post-19322","post","type-post","status-publish","format-standard","has-post-thumbnail","hentry","category-noticias"],"jetpack_featured_media_url":"https:\/\/diarioavanzada.com.mx\/wp-content\/uploads\/2021\/01\/Inauguran-Jornadas-Acade\u0301micas-de-la-UdeC_Martha-Cha\u0301vez.jpg","jetpack-related-posts":[],"jetpack_sharing_enabled":true,"amp_enabled":true,"_links":{"self":[{"href":"https:\/\/diarioavanzada.com.mx\/index.php?rest_route=\/wp\/v2\/posts\/19322","targetHints":{"allow":["GET"]}}],"collection":[{"href":"https:\/\/diarioavanzada.com.mx\/index.php?rest_route=\/wp\/v2\/posts"}],"about":[{"href":"https:\/\/diarioavanzada.com.mx\/index.php?rest_route=\/wp\/v2\/types\/post"}],"author":[{"embeddable":true,"href":"https:\/\/diarioavanzada.com.mx\/index.php?rest_route=\/wp\/v2\/users\/7"}],"replies":[{"embeddable":true,"href":"https:\/\/diarioavanzada.com.mx\/index.php?rest_route=%2Fwp%2Fv2%2Fcomments&post=19322"}],"version-history":[{"count":0,"href":"https:\/\/diarioavanzada.com.mx\/index.php?rest_route=\/wp\/v2\/posts\/19322\/revisions"}],"wp:featuredmedia":[{"embeddable":true,"href":"https:\/\/diarioavanzada.com.mx\/index.php?rest_route=\/wp\/v2\/media\/19324"}],"wp:attachment":[{"href":"https:\/\/diarioavanzada.com.mx\/index.php?rest_route=%2Fwp%2Fv2%2Fmedia&parent=19322"}],"wp:term":[{"taxonomy":"category","embeddable":true,"href":"https:\/\/diarioavanzada.com.mx\/index.php?rest_route=%2Fwp%2Fv2%2Fcategories&post=19322"},{"taxonomy":"post_tag","embeddable":true,"href":"https:\/\/diarioavanzada.com.mx\/index.php?rest_route=%2Fwp%2Fv2%2Ftags&post=19322"}],"curies":[{"name":"wp","href":"https:\/\/api.w.org\/{rel}","templated":true}]}}