{"id":19316,"date":"2021-01-26T11:08:59","date_gmt":"2021-01-26T17:08:59","guid":{"rendered":"https:\/\/diarioavanzada.com.mx\/?p=19316"},"modified":"2021-01-26T11:09:01","modified_gmt":"2021-01-26T17:09:01","slug":"entrega-rector-de-la-udec-reconocimientos-del-ceneval-al-desempeno-academico","status":"publish","type":"post","link":"https:\/\/diarioavanzada.com.mx\/?p=19316","title":{"rendered":"Entrega rector de la UdeC reconocimientos del CENEVAL al desempe\u00f1o acad\u00e9mico"},"content":{"rendered":"\n<p class=\"wp-block-paragraph\">Colima, M\u00e9xico, Comunicado (26\/01\/2021).- En evento realizado este lunes en la sala de juntas de rector\u00eda, 16 egresados de la Universidad de Colima recibieron de manos del rector, Jos\u00e9 Eduardo Hern\u00e1ndez Nava, el Premio CENEVAL al Desempe\u00f1o de Excelencia en el Examen General para el Egreso de la Licenciatura (EGEL), por sus notas sobresalientes en esta prueba.<\/p>\n\n\n\n<p class=\"wp-block-paragraph\">Este logro, dijo el rector, \u201csignifica no s\u00f3lo entrar al selecto grupo de universitarios destacados a nivel institucional, sino formar parte de un reducido n\u00famero de sustentantes de poco m\u00e1s del dos por ciento del total nacional, pues de 126 mil 440 sustentantes que hubo este a\u00f1o, s\u00f3lo&nbsp; 2 mil 649 obtuvieron reconocimiento\u201d.<\/p>\n\n\n\n<p class=\"wp-block-paragraph\">Al hablar ante los j\u00f3venes reconocidos, Hern\u00e1ndez Nava coment\u00f3 que \u201cla b\u00fasqueda de la excelencia educativa ha sido un elemento fundamental en la estrategia de educaci\u00f3n con responsabilidad social de mi administraci\u00f3n, de ah\u00ed la importancia de someterse a una evaluaci\u00f3n por instancias externas, ya que esto pone en perspectiva el lugar donde nos situamos en el contexto educativo\u201d.&nbsp;<\/p>\n\n\n\n<p class=\"wp-block-paragraph\">De las y los 16 egresados premiados de la UdeC, uno pertenece a la Facultad de Medicina, uno a la de Medicina Veterinaria y Zootecnia, seis al programa de Enfermer\u00eda y ocho a la licenciatura en Derecho; \u201cestos logros acad\u00e9micos son de suma relevancia, ya que se trata de resultados consistentes a lo largo de ocho a\u00f1os, como se muestra tambi\u00e9n en los programas que han ingresado al padr\u00f3n de excelencia del CENEVAL o en la cantidad de programas acreditados ante organismos externos como CIEES o COPAES\u201d, dijo el rector.&nbsp;<\/p>\n\n\n\n<p class=\"wp-block-paragraph\">Felicit\u00f3 a las y los j\u00f3venes y agreg\u00f3 que \u201cdeben sentirse muy satisfechos por su esfuerzo, como parte del cuadro de honor de universitarios destacados, porque son parte del orgullo universitario y reflejo del trabajo que se lleva a cabo en la instituci\u00f3n, por lo que nunca bajaremos la guardia y seguiremos pugnando para que en nuestra alma mater siga prevaleciendo la excelencia acad\u00e9mica como pol\u00edtica institucional\u201d.&nbsp;<\/p>\n\n\n\n<p class=\"wp-block-paragraph\">Luego de recibir el reconocimiento al Desempe\u00f1o de Excelencia del EGEL, Nancy Yadira Abarca Vargas, egresada de la Facultad de Enfermer\u00eda, dirigi\u00f3 unas palabras en nombre de sus compa\u00f1eros, a quienes dijo que este logro \u201ces fruto del esfuerzo de a\u00f1os de estudio, desvelos, estr\u00e9s e incluso l\u00e1grimas, pero tambi\u00e9n de alegr\u00edas y satisfacciones\u201d.<\/p>\n\n\n\n<p class=\"wp-block-paragraph\">\u201cEn mi caso \u2013agreg\u00f3\u2013, pude formarme en una de las profesiones m\u00e1s nobles, la enfermer\u00eda, y servir con humildad y amor al m\u00e1s necesitado y vulnerable, especialmente en estos tiempos tan dif\u00edciles que estamos viviendo con la pandemia\u201d.<\/p>\n\n\n\n<p class=\"wp-block-paragraph\">De manera especial, Nancy Abarca&nbsp; agradeci\u00f3 al rector \u201cpor abrirnos sus puertas a la que se convertir\u00eda en nuestra segunda casa, donde profesores y compa\u00f1eros formaron nuestra familia, que sin duda extra\u00f1aremos d\u00eda a d\u00eda. En nuestra Universidad recibimos las mejores herramientas, que se consolidar\u00e1n a lo largo de nuestra vida profesional, laboral y personal\u201d.&nbsp;<\/p>\n\n\n\n<p class=\"wp-block-paragraph\">De igual forma agradeci\u00f3 a sus profesores, padres y familiares; \u201caunque parece que este premio es s\u00edmbolo del final de una gran etapa, en realidad es el inicio de nuevos objetivos, metas y proyectos de vida. Sin duda puedo decir que todos estos a\u00f1os han sido los mejores de nuestra vida\u201d.<\/p>\n\n\n\n<p class=\"wp-block-paragraph\">Acompa\u00f1aron al rector en el presidium Juan Carlos Vargas, secretario general de la instituci\u00f3n; Eduardo Monroy, coordinador general de Docencia y Susana Aurelia Preciado, directora general de Educaci\u00f3n Superior.<\/p>\n\n\n\n<figure class=\"wp-block-gallery columns-1 is-cropped wp-block-gallery-1 is-layout-flex wp-block-gallery-is-layout-flex\"><ul class=\"blocks-gallery-grid\"><li class=\"blocks-gallery-item\"><figure><img loading=\"lazy\" decoding=\"async\" width=\"1024\" height=\"686\" src=\"https:\/\/diarioavanzada.com.mx\/wp-content\/uploads\/2021\/01\/Entrega-rector-Reconocimientos-al-premio-CENEVAL_b-1024x686.jpg\" alt=\"\" data-id=\"19317\" data-full-url=\"https:\/\/diarioavanzada.com.mx\/wp-content\/uploads\/2021\/01\/Entrega-rector-Reconocimientos-al-premio-CENEVAL_b.jpg\" data-link=\"https:\/\/diarioavanzada.com.mx\/?attachment_id=19317\" class=\"wp-image-19317\" srcset=\"https:\/\/diarioavanzada.com.mx\/wp-content\/uploads\/2021\/01\/Entrega-rector-Reconocimientos-al-premio-CENEVAL_b-1024x686.jpg 1024w, https:\/\/diarioavanzada.com.mx\/wp-content\/uploads\/2021\/01\/Entrega-rector-Reconocimientos-al-premio-CENEVAL_b-300x201.jpg 300w, https:\/\/diarioavanzada.com.mx\/wp-content\/uploads\/2021\/01\/Entrega-rector-Reconocimientos-al-premio-CENEVAL_b-768x514.jpg 768w, https:\/\/diarioavanzada.com.mx\/wp-content\/uploads\/2021\/01\/Entrega-rector-Reconocimientos-al-premio-CENEVAL_b-1536x1029.jpg 1536w, https:\/\/diarioavanzada.com.mx\/wp-content\/uploads\/2021\/01\/Entrega-rector-Reconocimientos-al-premio-CENEVAL_b-2048x1372.jpg 2048w\" sizes=\"auto, (max-width: 1024px) 100vw, 1024px\" \/><\/figure><\/li><\/ul><\/figure>\n\n\n\n<figure class=\"wp-block-gallery columns-1 is-cropped wp-block-gallery-2 is-layout-flex wp-block-gallery-is-layout-flex\"><ul class=\"blocks-gallery-grid\"><li class=\"blocks-gallery-item\"><figure><img loading=\"lazy\" decoding=\"async\" width=\"1024\" height=\"668\" src=\"https:\/\/diarioavanzada.com.mx\/wp-content\/uploads\/2021\/01\/Entrega-rector-Reconocimientos-al-premio-CENEVAL_c-1-1024x668.jpg\" alt=\"\" data-id=\"19319\" data-full-url=\"https:\/\/diarioavanzada.com.mx\/wp-content\/uploads\/2021\/01\/Entrega-rector-Reconocimientos-al-premio-CENEVAL_c-1.jpg\" data-link=\"https:\/\/diarioavanzada.com.mx\/?attachment_id=19319\" class=\"wp-image-19319\" srcset=\"https:\/\/diarioavanzada.com.mx\/wp-content\/uploads\/2021\/01\/Entrega-rector-Reconocimientos-al-premio-CENEVAL_c-1-1024x668.jpg 1024w, https:\/\/diarioavanzada.com.mx\/wp-content\/uploads\/2021\/01\/Entrega-rector-Reconocimientos-al-premio-CENEVAL_c-1-300x196.jpg 300w, https:\/\/diarioavanzada.com.mx\/wp-content\/uploads\/2021\/01\/Entrega-rector-Reconocimientos-al-premio-CENEVAL_c-1-768x501.jpg 768w, https:\/\/diarioavanzada.com.mx\/wp-content\/uploads\/2021\/01\/Entrega-rector-Reconocimientos-al-premio-CENEVAL_c-1-1536x1001.jpg 1536w, https:\/\/diarioavanzada.com.mx\/wp-content\/uploads\/2021\/01\/Entrega-rector-Reconocimientos-al-premio-CENEVAL_c-1-2048x1335.jpg 2048w\" sizes=\"auto, (max-width: 1024px) 100vw, 1024px\" \/><\/figure><\/li><\/ul><\/figure>\n<div class=\"fb-background-color\">\n\t\t\t  <div \n\t\t\t  \tclass = \"fb-comments\" \n\t\t\t  \tdata-href = \"https:\/\/diarioavanzada.com.mx\/?p=19316\"\n\t\t\t  \tdata-numposts = \"10\"\n\t\t\t  \tdata-lazy = \"true\"\n\t\t\t\tdata-colorscheme = \"light\"\n\t\t\t\tdata-order-by = \"social\"\n\t\t\t\tdata-mobile=true>\n\t\t\t  <\/div><\/div>\n\t\t  <style>\n\t\t    .fb-background-color {\n\t\t\t\tbackground:  !important;\n\t\t\t}\n\t\t\t.fb_iframe_widget_fluid_desktop iframe {\n\t\t\t    width: 100% !important;\n\t\t\t}\n\t\t  <\/style>\n\t\t  ","protected":false},"excerpt":{"rendered":"<p>Colima, M\u00e9xico, Comunicado (26\/01\/2021).- En evento realizado este lunes en la sala de juntas de rector\u00eda, 16 egresados de la Universidad de Colima recibieron de manos del rector, Jos\u00e9 Eduardo Hern\u00e1ndez Nava, el Premio CENEVAL al Desempe\u00f1o de Excelencia en el Examen General para el Egreso de la Licenciatura (EGEL), por sus notas sobresalientes en [&hellip;]<\/p>\n","protected":false},"author":7,"featured_media":19320,"comment_status":"closed","ping_status":"closed","sticky":false,"template":"","format":"standard","meta":{"_coblocks_attr":"","_coblocks_dimensions":"","_coblocks_responsive_height":"","_coblocks_accordion_ie_support":"","_crdt_document":"","advanced_seo_description":"","jetpack_seo_html_title":"","jetpack_seo_noindex":false,"_jetpack_memberships_contains_paid_content":false,"footnotes":""},"categories":[7],"tags":[],"class_list":["post-19316","post","type-post","status-publish","format-standard","has-post-thumbnail","hentry","category-noticias"],"jetpack_featured_media_url":"https:\/\/diarioavanzada.com.mx\/wp-content\/uploads\/2021\/01\/image-139.png","jetpack-related-posts":[],"jetpack_sharing_enabled":true,"amp_enabled":true,"_links":{"self":[{"href":"https:\/\/diarioavanzada.com.mx\/index.php?rest_route=\/wp\/v2\/posts\/19316","targetHints":{"allow":["GET"]}}],"collection":[{"href":"https:\/\/diarioavanzada.com.mx\/index.php?rest_route=\/wp\/v2\/posts"}],"about":[{"href":"https:\/\/diarioavanzada.com.mx\/index.php?rest_route=\/wp\/v2\/types\/post"}],"author":[{"embeddable":true,"href":"https:\/\/diarioavanzada.com.mx\/index.php?rest_route=\/wp\/v2\/users\/7"}],"replies":[{"embeddable":true,"href":"https:\/\/diarioavanzada.com.mx\/index.php?rest_route=%2Fwp%2Fv2%2Fcomments&post=19316"}],"version-history":[{"count":0,"href":"https:\/\/diarioavanzada.com.mx\/index.php?rest_route=\/wp\/v2\/posts\/19316\/revisions"}],"wp:featuredmedia":[{"embeddable":true,"href":"https:\/\/diarioavanzada.com.mx\/index.php?rest_route=\/wp\/v2\/media\/19320"}],"wp:attachment":[{"href":"https:\/\/diarioavanzada.com.mx\/index.php?rest_route=%2Fwp%2Fv2%2Fmedia&parent=19316"}],"wp:term":[{"taxonomy":"category","embeddable":true,"href":"https:\/\/diarioavanzada.com.mx\/index.php?rest_route=%2Fwp%2Fv2%2Fcategories&post=19316"},{"taxonomy":"post_tag","embeddable":true,"href":"https:\/\/diarioavanzada.com.mx\/index.php?rest_route=%2Fwp%2Fv2%2Ftags&post=19316"}],"curies":[{"name":"wp","href":"https:\/\/api.w.org\/{rel}","templated":true}]}}