{"id":19274,"date":"2021-01-24T16:12:45","date_gmt":"2021-01-24T22:12:45","guid":{"rendered":"https:\/\/diarioavanzada.com.mx\/?p=19274"},"modified":"2021-01-24T16:15:52","modified_gmt":"2021-01-24T22:15:52","slug":"cinco-personas-murieron-en-accidentes-de-transito-en-colima","status":"publish","type":"post","link":"https:\/\/diarioavanzada.com.mx\/?p=19274","title":{"rendered":"Cinco personas murieron en accidentes de tr\u00e1nsito en Colima"},"content":{"rendered":"\n<p class=\"wp-block-paragraph\">Colima, M\u00e9xico, Avanzada (24\/01\/2021).- Cinco personas perdieron la vida con motivo de accidentes automovil\u00edsticos, en distintos hechos.<\/p>\n\n\n\n<p class=\"wp-block-paragraph\">Un motociclista perdi\u00f3 la vida al chocar con un veh\u00edculo tipo Tsuru. Elementos policiales llegaron a la zona y acordonaron el lugar del accidente. Param\u00e9dicos que arribaron al lugar confirmaron que ya no contaba con signos vitales. &nbsp;<\/p>\n\n\n\n<p class=\"wp-block-paragraph\">El tr\u00e1gico suceso se registr\u00f3 en la carretera Cerro de Ortega, rumbo a Tecom\u00e1n, cerca del rancho \u201cLas Dos Rositas\u201d el d\u00eda 17 de enero del presente a\u00f1o.<\/p>\n\n\n\n<p class=\"wp-block-paragraph\">Una mujer perdi\u00f3 la vida luego de sufrir un accidente de tr\u00e1nsito, su veh\u00edculo marca Versa se volte\u00f3, lo que le provoc\u00f3 una lesi\u00f3n en la cabeza.&nbsp;<\/p>\n\n\n\n<p class=\"wp-block-paragraph\">El incidente se registr\u00f3 en el \u201ccrucero de la muerte\u201d por la carretera rumbo a Jiquilpan a la altura de un Kiosko en Colima, el d\u00eda 20 de enero del presente a\u00f1o.<\/p>\n\n\n\n<p class=\"wp-block-paragraph\">En otro hecho, un hombre que viajaba en motocicleta muri\u00f3 atropellado por un autom\u00f3vil, el conductor se dio a la fuga. Seg\u00fan los informes el cuerpo fue atropellado varias veces por distintos autom\u00f3viles que transitaban por el lugar.<\/p>\n\n\n\n<p class=\"wp-block-paragraph\">Los hechos se registraron el 19 de enero del presente, en la carretera Cerro de Ortega, a escasos kil\u00f3metros del crucero de esa arteria con la comunidad de San Miguel de Ojo de Agua.<\/p>\n\n\n\n<p class=\"wp-block-paragraph\">Un hombre falleci\u00f3 despu\u00e9s de que el veh\u00edculo que conduc\u00eda se volcara y cayera 30 metros de altura. Los hechos sucedieron a la altura del kil\u00f3metro 45, a la altura del rio Armer\u00eda sobre la carretera Armer\u00eda-Tecom\u00e1n. <\/p>\n\n\n\n<p class=\"wp-block-paragraph\">Elementos del servicio m\u00e9dico forense arribaron al lugar para hacer el levantamiento del cuerpo. Los hechos se registraron el 17 de enero del presente a\u00f1o.<\/p>\n\n\n\n<p class=\"wp-block-paragraph\">Una ni\u00f1a de dos a\u00f1os de edad muri\u00f3 al ser atropellada por una camioneta que se dio a la fuga. Los hechos se registraron en la colonia La Haciendita, en el municipio de Villa de \u00c1lvarez, la noche de ayer s\u00e1bado. Param\u00e9dicos arribaron al lugar y alcanzaron a llevar con vida a un hospital a la menor, en donde fue imposible salvarla debido a las lesiones.<\/p>\n\n\n\n<p class=\"wp-block-paragraph\"><em>*Fotograf\u00eda ilustrativa.<\/em> <em>Tomada de la red social de la Cruz Roja Mexicana.<\/em><\/p>\n<div class=\"fb-background-color\">\n\t\t\t  <div \n\t\t\t  \tclass = \"fb-comments\" \n\t\t\t  \tdata-href = \"https:\/\/diarioavanzada.com.mx\/?p=19274\"\n\t\t\t  \tdata-numposts = \"10\"\n\t\t\t  \tdata-lazy = \"true\"\n\t\t\t\tdata-colorscheme = \"light\"\n\t\t\t\tdata-order-by = \"social\"\n\t\t\t\tdata-mobile=true>\n\t\t\t  <\/div><\/div>\n\t\t  <style>\n\t\t    .fb-background-color {\n\t\t\t\tbackground:  !important;\n\t\t\t}\n\t\t\t.fb_iframe_widget_fluid_desktop iframe {\n\t\t\t    width: 100% !important;\n\t\t\t}\n\t\t  <\/style>\n\t\t  ","protected":false},"excerpt":{"rendered":"<p>Colima, M\u00e9xico, Avanzada (24\/01\/2021).- Cinco personas perdieron la vida con motivo de accidentes automovil\u00edsticos, en distintos hechos. Un motociclista perdi\u00f3 la vida al chocar con un veh\u00edculo tipo Tsuru. Elementos policiales llegaron a la zona y acordonaron el lugar del accidente. Param\u00e9dicos que arribaron al lugar confirmaron que ya no contaba con signos vitales. &nbsp; [&hellip;]<\/p>\n","protected":false},"author":7,"featured_media":19275,"comment_status":"closed","ping_status":"closed","sticky":false,"template":"","format":"standard","meta":{"_coblocks_attr":"","_coblocks_dimensions":"","_coblocks_responsive_height":"","_coblocks_accordion_ie_support":"","_crdt_document":"","advanced_seo_description":"","jetpack_seo_html_title":"","jetpack_seo_noindex":false,"_jetpack_memberships_contains_paid_content":false,"footnotes":""},"categories":[19,231],"tags":[210],"class_list":["post-19274","post","type-post","status-publish","format-standard","has-post-thumbnail","hentry","category-colima","category-seguridad","tag-portada"],"jetpack_featured_media_url":"https:\/\/diarioavanzada.com.mx\/wp-content\/uploads\/2021\/01\/Cruz-Roja.jpg","jetpack-related-posts":[],"jetpack_sharing_enabled":true,"amp_enabled":true,"_links":{"self":[{"href":"https:\/\/diarioavanzada.com.mx\/index.php?rest_route=\/wp\/v2\/posts\/19274","targetHints":{"allow":["GET"]}}],"collection":[{"href":"https:\/\/diarioavanzada.com.mx\/index.php?rest_route=\/wp\/v2\/posts"}],"about":[{"href":"https:\/\/diarioavanzada.com.mx\/index.php?rest_route=\/wp\/v2\/types\/post"}],"author":[{"embeddable":true,"href":"https:\/\/diarioavanzada.com.mx\/index.php?rest_route=\/wp\/v2\/users\/7"}],"replies":[{"embeddable":true,"href":"https:\/\/diarioavanzada.com.mx\/index.php?rest_route=%2Fwp%2Fv2%2Fcomments&post=19274"}],"version-history":[{"count":0,"href":"https:\/\/diarioavanzada.com.mx\/index.php?rest_route=\/wp\/v2\/posts\/19274\/revisions"}],"wp:featuredmedia":[{"embeddable":true,"href":"https:\/\/diarioavanzada.com.mx\/index.php?rest_route=\/wp\/v2\/media\/19275"}],"wp:attachment":[{"href":"https:\/\/diarioavanzada.com.mx\/index.php?rest_route=%2Fwp%2Fv2%2Fmedia&parent=19274"}],"wp:term":[{"taxonomy":"category","embeddable":true,"href":"https:\/\/diarioavanzada.com.mx\/index.php?rest_route=%2Fwp%2Fv2%2Fcategories&post=19274"},{"taxonomy":"post_tag","embeddable":true,"href":"https:\/\/diarioavanzada.com.mx\/index.php?rest_route=%2Fwp%2Fv2%2Ftags&post=19274"}],"curies":[{"name":"wp","href":"https:\/\/api.w.org\/{rel}","templated":true}]}}