{"id":19059,"date":"2021-01-20T15:16:37","date_gmt":"2021-01-20T21:16:37","guid":{"rendered":"https:\/\/diarioavanzada.com.mx\/?p=19059"},"modified":"2021-01-20T15:16:40","modified_gmt":"2021-01-20T21:16:40","slug":"proponen-garantizar-manutencion-y-se-conozca-el-origen-biologico","status":"publish","type":"post","link":"https:\/\/diarioavanzada.com.mx\/?p=19059","title":{"rendered":"Proponen garantizar manutenci\u00f3n y se conozca el origen biol\u00f3gico"},"content":{"rendered":"\n<p class=\"wp-block-paragraph\">Colima, M\u00e9xico, Comunicado (20\/01\/2021).- Con las reformas que se proponen al C\u00f3digo Civil para el Estado de Colima, en materia de identidad de la persona, por parte de la Diputada Mar\u00eda Isabel Mart\u00ednez Flores, se busca que se pueda conocer el origen biol\u00f3gico de los reci\u00e9n nacidos y se garantice su manutenci\u00f3n como lo establece la Ley.<\/p>\n\n\n\n<p class=\"wp-block-paragraph\">Con ello, la Legisladora expres\u00f3 que se pretende subsanar algunos vicios legales y normar algunas situaciones de hecho de la identidad de las personas, y que vendr\u00e1n a simplificar procesos complejos en beneficio de la poblaci\u00f3n, para solucionarse en el corto tiempo y con mayor agilidad.<\/p>\n\n\n\n<p class=\"wp-block-paragraph\">A nombre del Grupo Parlamentario \u201cJuntos por Colima\u201d, conformado por el Diputado Guillermo Toscano Reyes, la Legisladora Mar\u00eda Isabel Mart\u00ednez Flores, present\u00f3 la Iniciativa con proyecto de Decreto para reformar el art\u00edculo 51; los p\u00e1rrafos primero y segundo del art\u00edculo 58; la fracci\u00f3n III del primer p\u00e1rrafo y los incisos b) y c) del segundo p\u00e1rrafo del art\u00edculo 134 Bis; asimismo, se adiciona un segundo p\u00e1rrafo al art\u00edculo 78; el inciso d) del segundo p\u00e1rrafo al art\u00edculo 134 Bis; del C\u00f3digo Civil para el Estado de Colima.<\/p>\n\n\n\n<p class=\"wp-block-paragraph\">Explic\u00f3 que con esta iniciativa de reforma \u201cestamos flexibilizando el reconocimiento de la paternidad en acto posterior al registro de nacimiento, para incluir una modalidad flexible al reconocimiento, cuando el reconocedor no quiera ejercer el derecho a la paternidad, en el acta quede acreditada la identidad del reconocedor, sin que el apellido de \u00e9ste, afecte los apellidos del reconocido, siempre y cuando se cuente con la autorizaci\u00f3n de quien deba otorgarla en t\u00e9rminos del art\u00edculo 78 del C\u00f3digo Civil del Estado\u201d.<\/p>\n\n\n\n<p class=\"wp-block-paragraph\">Manifest\u00f3 que se garantizar\u00e1 que el reconocido conozca su origen biol\u00f3gico y, al identificar al reconocedor, se garantiza el acceso al pago de alimentos, que es un derecho inalienable de la persona.<\/p>\n\n\n\n<p class=\"wp-block-paragraph\">Agreg\u00f3 que de esta manera se generar\u00e1 una normatividad que puede permitir el reconocimiento de la paternidad sin que se cambien los apellidos del reconocido \u201ccuando el reconocedor decida no ejercer su derecho a la paternidad, no lo excluye del cumplimiento de las dem\u00e1s obligaciones alimenticias previstas en el C\u00f3digo Civil\u201d.&nbsp;<\/p>\n\n\n\n<p class=\"wp-block-paragraph\">Mart\u00ednez Flores dijo que esta reforma tiene una finalidad social e incluyente, ya que se ha dado el caso de que existe el reconocimiento, pero el reconocedor no ejerce sus derechos a la paternidad, lo que trae como consecuencia que en el futuro la hija o hijo decida promover juicio de rectificaci\u00f3n del nombre o desconocimiento de paternidad para quitar de su identidad el apellido paterno.<\/p>\n\n\n\n<p class=\"wp-block-paragraph\">Indic\u00f3 que el tema relativo al orden de los apellidos ha sido muy controvertido y que la Suprema Corte ha fijado jurisprudencia de que es un derecho de los padres acordar el orden de los apellidos de sus hijos.&nbsp;<\/p>\n\n\n\n<p class=\"wp-block-paragraph\">En Colima el orden de los apellidos lo acuerdan los padres y aplica para el primer hijo de una misma pareja, por lo que, en el acto del registro de nacimiento del reci\u00e9n nacido, es muy com\u00fan, que los padres, quieran cambiar el orden de sus apellidos en sus hijas o hijos, pretendiendo que el segundo apellido se ponga en primer lugar.<\/p>\n\n\n\n<p class=\"wp-block-paragraph\">La diputada Mar\u00eda Isabel Mart\u00ednez Flores mencion\u00f3 que dicha reforma busca eliminar esas confusiones que pueda generar la norma que regula el orden de los apellidos, para dejar en claro, que el orden de los apellidos del registrado se acuerda por los padres en relaci\u00f3n con el primer apellido de cada uno de \u00e9stos, y no sobre el segundo apellido.<\/p>\n\n\n\n<p class=\"wp-block-paragraph\">La iniciativa se turn\u00f3, para su estudio y an\u00e1lisis, a la Comisi\u00f3n de Estudios Legislativos y Puntos Constitucionales.<\/p>\n<div class=\"fb-background-color\">\n\t\t\t  <div \n\t\t\t  \tclass = \"fb-comments\" \n\t\t\t  \tdata-href = \"https:\/\/diarioavanzada.com.mx\/?p=19059\"\n\t\t\t  \tdata-numposts = \"10\"\n\t\t\t  \tdata-lazy = \"true\"\n\t\t\t\tdata-colorscheme = \"light\"\n\t\t\t\tdata-order-by = \"social\"\n\t\t\t\tdata-mobile=true>\n\t\t\t  <\/div><\/div>\n\t\t  <style>\n\t\t    .fb-background-color {\n\t\t\t\tbackground:  !important;\n\t\t\t}\n\t\t\t.fb_iframe_widget_fluid_desktop iframe {\n\t\t\t    width: 100% !important;\n\t\t\t}\n\t\t  <\/style>\n\t\t  ","protected":false},"excerpt":{"rendered":"<p>Colima, M\u00e9xico, Comunicado (20\/01\/2021).- Con las reformas que se proponen al C\u00f3digo Civil para el Estado de Colima, en materia de identidad de la persona, por parte de la Diputada Mar\u00eda Isabel Mart\u00ednez Flores, se busca que se pueda conocer el origen biol\u00f3gico de los reci\u00e9n nacidos y se garantice su manutenci\u00f3n como lo establece [&hellip;]<\/p>\n","protected":false},"author":7,"featured_media":19060,"comment_status":"closed","ping_status":"closed","sticky":false,"template":"","format":"standard","meta":{"_coblocks_attr":"","_coblocks_dimensions":"","_coblocks_responsive_height":"","_coblocks_accordion_ie_support":"","_crdt_document":"","advanced_seo_description":"","jetpack_seo_html_title":"","jetpack_seo_noindex":false,"_jetpack_memberships_contains_paid_content":false,"footnotes":""},"categories":[19,29],"tags":[],"class_list":["post-19059","post","type-post","status-publish","format-standard","has-post-thumbnail","hentry","category-colima","category-sociedad"],"jetpack_featured_media_url":"https:\/\/diarioavanzada.com.mx\/wp-content\/uploads\/2021\/01\/image-113.png","jetpack-related-posts":[],"jetpack_sharing_enabled":true,"amp_enabled":true,"_links":{"self":[{"href":"https:\/\/diarioavanzada.com.mx\/index.php?rest_route=\/wp\/v2\/posts\/19059","targetHints":{"allow":["GET"]}}],"collection":[{"href":"https:\/\/diarioavanzada.com.mx\/index.php?rest_route=\/wp\/v2\/posts"}],"about":[{"href":"https:\/\/diarioavanzada.com.mx\/index.php?rest_route=\/wp\/v2\/types\/post"}],"author":[{"embeddable":true,"href":"https:\/\/diarioavanzada.com.mx\/index.php?rest_route=\/wp\/v2\/users\/7"}],"replies":[{"embeddable":true,"href":"https:\/\/diarioavanzada.com.mx\/index.php?rest_route=%2Fwp%2Fv2%2Fcomments&post=19059"}],"version-history":[{"count":0,"href":"https:\/\/diarioavanzada.com.mx\/index.php?rest_route=\/wp\/v2\/posts\/19059\/revisions"}],"wp:featuredmedia":[{"embeddable":true,"href":"https:\/\/diarioavanzada.com.mx\/index.php?rest_route=\/wp\/v2\/media\/19060"}],"wp:attachment":[{"href":"https:\/\/diarioavanzada.com.mx\/index.php?rest_route=%2Fwp%2Fv2%2Fmedia&parent=19059"}],"wp:term":[{"taxonomy":"category","embeddable":true,"href":"https:\/\/diarioavanzada.com.mx\/index.php?rest_route=%2Fwp%2Fv2%2Fcategories&post=19059"},{"taxonomy":"post_tag","embeddable":true,"href":"https:\/\/diarioavanzada.com.mx\/index.php?rest_route=%2Fwp%2Fv2%2Ftags&post=19059"}],"curies":[{"name":"wp","href":"https:\/\/api.w.org\/{rel}","templated":true}]}}