{"id":19049,"date":"2021-01-20T12:04:09","date_gmt":"2021-01-20T18:04:09","guid":{"rendered":"https:\/\/diarioavanzada.com.mx\/?p=19049"},"modified":"2021-01-20T12:04:11","modified_gmt":"2021-01-20T18:04:11","slug":"se-pospone-comparecencia-de-la-titular-de-la-comision-de-busqueda-de-personas-en-colima","status":"publish","type":"post","link":"https:\/\/diarioavanzada.com.mx\/?p=19049","title":{"rendered":"Se pospone comparecencia de la Titular de la Comisi\u00f3n de B\u00fasqueda de Personas en Colima"},"content":{"rendered":"\n<p class=\"wp-block-paragraph\">Colima, M\u00e9xico, Comunicado (20\/01\/2021).- La titular de la Comisi\u00f3n de B\u00fasqueda de Personas en Colima, Rosa Evelia P\u00e9rez Valdivia, quien habr\u00eda de comparecer en reuni\u00f3n de trabajo ante las y los legisladores de la LIX Legislatura, decidi\u00f3 retirarse del Congreso del Estado, luego de argumentar que no hab\u00eda condiciones para poder responder a los cuestionamientos que le ser\u00edan vertidos.<\/p>\n\n\n\n<p class=\"wp-block-paragraph\">El pasado lunes 11 de enero, se present\u00f3 un punto de acuerdo, donde se solicit\u00f3 la comparecencia de la funcionaria estatal para el martes 19 de enero, a las 10:00 horas, a fin de que explicara las acciones que viene realizando en la entidad.<\/p>\n\n\n\n<p class=\"wp-block-paragraph\">El presidente del Congreso del Estado, el diputado Luis Rogelio Salinas S\u00e1nchez, luego de trasladar la reuni\u00f3n de la Sala de Juntas &#8220;Gral. Francisco J. M\u00fagica&#8221; al pleno cameral, enter\u00f3 a las y los diputados presentes, as\u00ed como tambi\u00e9n a algunos de los integrantes del colectivo Red de Desaparecidos de Colima, que la funcionaria citada, entreg\u00f3 un oficio de pu\u00f1o y letra, al que dio lectura: \u201cal ingresar a la Sala indicada, me percato que en su interior se encuentran ciudadanas y ciudadanos, quienes pertenecen a uno de los colectivos formados en nuestro Estado, quienes han vertido un sinf\u00edn de acusaciones hacia m\u00ed como titular de la Comisi\u00f3n de B\u00fasqueda de Personas del Estado de Colima\u201d.<\/p>\n\n\n\n<p class=\"wp-block-paragraph\">El legislador, prosigui\u00f3: \u201cpor lo que, al querernos enfrentar frente a ustedes, considero que no abona para sumar y trabajar por esta causa, por lo que amablemente les solicito que se me aclare qu\u00e9 informaci\u00f3n es la que se me requiere para presentarla por escrito ante la presidencia de ustedes, que son los representantes del pueblo\u201d.<\/p>\n\n\n\n<p class=\"wp-block-paragraph\">En su mensaje, el presidente del Congreso del Estado, diputado Luis Rogelio Salinas, dijo que se acord\u00f3 con las legisladoras sobre la importancia de escuchar a las personas en ese dolor y en ese sentimiento de tener a un familiar desaparecido, y que lamentablemente no se logr\u00f3 concretar, pero que se volver\u00e1 a citar para dar cauce a tan sensible tema.<\/p>\n\n\n\n<p class=\"wp-block-paragraph\">Por su parte el presidente de la Comisi\u00f3n de Gobierno Interno y Acuerdos Parlamentarios, Guillermo Toscano Reyes, mencion\u00f3 que se trat\u00f3 de generar un acercamiento propositivo con la titular de la Comisi\u00f3n de B\u00fasqueda de Personas en Colima para conocer sus labores y tambi\u00e9n sus limitaciones respecto a los recursos econ\u00f3micos y herramientas para el cumplimiento de sus objetivos, \u201cen la pr\u00f3xima sesi\u00f3n se fijar\u00e1 nuevamente la cita a comparecer sobre las funciones de dicha comisi\u00f3n\u201d.<\/p>\n\n\n\n<p class=\"wp-block-paragraph\">En su oportunidad, la diputada Blanca Livier Rodr\u00edguez, expres\u00f3 que el haberse retirado la titular de la Comisi\u00f3n de B\u00fasqueda de Personas en Colima, Rosa Evelia P\u00e9rez Valdivia, no solo es insensible, sino un tema de capricho, que consider\u00f3 como desacato, por ello, dijo que se tendr\u00e1 que llamar a comparecer al Secretario General de Gobierno, Rub\u00e9n P\u00e9rez Anguiano, por ser el encargado de esa Comisi\u00f3n y al Gobernador Jos\u00e9 Ignacio Peralta S\u00e1nchez, \u201cpues tiene la responsabilidad de decirnos porque ha permitido que las cosas sigan hasta este punto\u201d. Tal postura fue apoyada por las diputadas, Araceli Garc\u00eda Muro y Claudia Aguirre Luna, as\u00ed como por el diputado Vladimir Parra Barrag\u00e1n.<\/p>\n\n\n\n<p class=\"wp-block-paragraph\">Finalmente, Carmen Sep\u00falveda G\u00f3mez, presidenta de la Red Desaparecidos de Colima, hizo una relator\u00eda de la falta de apoyo por parte de la titular de la Comisi\u00f3n de B\u00fasqueda de Personas en Colima, Rosa Evelia P\u00e9rez Valdivia, adem\u00e1s de aclarar que no buscan politizar esta situaci\u00f3n, porque \u201clo \u00fanico que queremos son a nuestros hijos desaparecidos\u201d.<\/p>\n\n\n\n<p class=\"wp-block-paragraph\">En tal evento, estuvieron presentes tambi\u00e9n las diputadas Ma. Remedios Olivera Orozco, Mar\u00eda Guadalupe Berver Corona y Mar\u00eda Isabel Mart\u00ednez Flores, as\u00ed como el Diputado Manuel Cervera Garc\u00eda.<\/p>\n\n\n\n<figure class=\"wp-block-gallery columns-1 is-cropped wp-block-gallery-1 is-layout-flex wp-block-gallery-is-layout-flex\"><ul class=\"blocks-gallery-grid\"><li class=\"blocks-gallery-item\"><figure><img loading=\"lazy\" decoding=\"async\" width=\"1024\" height=\"470\" src=\"https:\/\/diarioavanzada.com.mx\/wp-content\/uploads\/2021\/01\/WhatsApp-Image-2021-01-19-at-3.13.22-PM-1024x470.jpeg\" alt=\"\" data-id=\"19050\" data-full-url=\"https:\/\/diarioavanzada.com.mx\/wp-content\/uploads\/2021\/01\/WhatsApp-Image-2021-01-19-at-3.13.22-PM.jpeg\" data-link=\"https:\/\/diarioavanzada.com.mx\/?attachment_id=19050\" class=\"wp-image-19050\" srcset=\"https:\/\/diarioavanzada.com.mx\/wp-content\/uploads\/2021\/01\/WhatsApp-Image-2021-01-19-at-3.13.22-PM-1024x470.jpeg 1024w, https:\/\/diarioavanzada.com.mx\/wp-content\/uploads\/2021\/01\/WhatsApp-Image-2021-01-19-at-3.13.22-PM-300x138.jpeg 300w, https:\/\/diarioavanzada.com.mx\/wp-content\/uploads\/2021\/01\/WhatsApp-Image-2021-01-19-at-3.13.22-PM-768x353.jpeg 768w, https:\/\/diarioavanzada.com.mx\/wp-content\/uploads\/2021\/01\/WhatsApp-Image-2021-01-19-at-3.13.22-PM.jpeg 1280w\" sizes=\"auto, (max-width: 1024px) 100vw, 1024px\" \/><\/figure><\/li><\/ul><\/figure>\n\n\n\n<figure class=\"wp-block-image size-large\"><img loading=\"lazy\" decoding=\"async\" width=\"1016\" height=\"538\" src=\"https:\/\/diarioavanzada.com.mx\/wp-content\/uploads\/2021\/01\/WhatsApp-Image-2021-01-19-at-3.14.48-PM-1.jpeg\" alt=\"\" class=\"wp-image-19053\" srcset=\"https:\/\/diarioavanzada.com.mx\/wp-content\/uploads\/2021\/01\/WhatsApp-Image-2021-01-19-at-3.14.48-PM-1.jpeg 1016w, https:\/\/diarioavanzada.com.mx\/wp-content\/uploads\/2021\/01\/WhatsApp-Image-2021-01-19-at-3.14.48-PM-1-300x159.jpeg 300w, https:\/\/diarioavanzada.com.mx\/wp-content\/uploads\/2021\/01\/WhatsApp-Image-2021-01-19-at-3.14.48-PM-1-768x407.jpeg 768w\" sizes=\"auto, (max-width: 1016px) 100vw, 1016px\" \/><\/figure>\n\n\n\n<p class=\"wp-block-paragraph\"><\/p>\n<div class=\"fb-background-color\">\n\t\t\t  <div \n\t\t\t  \tclass = \"fb-comments\" \n\t\t\t  \tdata-href = \"https:\/\/diarioavanzada.com.mx\/?p=19049\"\n\t\t\t  \tdata-numposts = \"10\"\n\t\t\t  \tdata-lazy = \"true\"\n\t\t\t\tdata-colorscheme = \"light\"\n\t\t\t\tdata-order-by = \"social\"\n\t\t\t\tdata-mobile=true>\n\t\t\t  <\/div><\/div>\n\t\t  <style>\n\t\t    .fb-background-color {\n\t\t\t\tbackground:  !important;\n\t\t\t}\n\t\t\t.fb_iframe_widget_fluid_desktop iframe {\n\t\t\t    width: 100% !important;\n\t\t\t}\n\t\t  <\/style>\n\t\t  ","protected":false},"excerpt":{"rendered":"<p>Colima, M\u00e9xico, Comunicado (20\/01\/2021).- La titular de la Comisi\u00f3n de B\u00fasqueda de Personas en Colima, Rosa Evelia P\u00e9rez Valdivia, quien habr\u00eda de comparecer en reuni\u00f3n de trabajo ante las y los legisladores de la LIX Legislatura, decidi\u00f3 retirarse del Congreso del Estado, luego de argumentar que no hab\u00eda condiciones para poder responder a los cuestionamientos [&hellip;]<\/p>\n","protected":false},"author":7,"featured_media":19052,"comment_status":"closed","ping_status":"closed","sticky":false,"template":"","format":"standard","meta":{"_coblocks_attr":"","_coblocks_dimensions":"","_coblocks_responsive_height":"","_coblocks_accordion_ie_support":"","_crdt_document":"","advanced_seo_description":"","jetpack_seo_html_title":"","jetpack_seo_noindex":false,"_jetpack_memberships_contains_paid_content":false,"footnotes":""},"categories":[7],"tags":[],"class_list":["post-19049","post","type-post","status-publish","format-standard","has-post-thumbnail","hentry","category-noticias"],"jetpack_featured_media_url":"https:\/\/diarioavanzada.com.mx\/wp-content\/uploads\/2021\/01\/WhatsApp-Image-2021-01-19-at-3.16.10-PM.jpeg","jetpack-related-posts":[],"jetpack_sharing_enabled":true,"amp_enabled":true,"_links":{"self":[{"href":"https:\/\/diarioavanzada.com.mx\/index.php?rest_route=\/wp\/v2\/posts\/19049","targetHints":{"allow":["GET"]}}],"collection":[{"href":"https:\/\/diarioavanzada.com.mx\/index.php?rest_route=\/wp\/v2\/posts"}],"about":[{"href":"https:\/\/diarioavanzada.com.mx\/index.php?rest_route=\/wp\/v2\/types\/post"}],"author":[{"embeddable":true,"href":"https:\/\/diarioavanzada.com.mx\/index.php?rest_route=\/wp\/v2\/users\/7"}],"replies":[{"embeddable":true,"href":"https:\/\/diarioavanzada.com.mx\/index.php?rest_route=%2Fwp%2Fv2%2Fcomments&post=19049"}],"version-history":[{"count":0,"href":"https:\/\/diarioavanzada.com.mx\/index.php?rest_route=\/wp\/v2\/posts\/19049\/revisions"}],"wp:featuredmedia":[{"embeddable":true,"href":"https:\/\/diarioavanzada.com.mx\/index.php?rest_route=\/wp\/v2\/media\/19052"}],"wp:attachment":[{"href":"https:\/\/diarioavanzada.com.mx\/index.php?rest_route=%2Fwp%2Fv2%2Fmedia&parent=19049"}],"wp:term":[{"taxonomy":"category","embeddable":true,"href":"https:\/\/diarioavanzada.com.mx\/index.php?rest_route=%2Fwp%2Fv2%2Fcategories&post=19049"},{"taxonomy":"post_tag","embeddable":true,"href":"https:\/\/diarioavanzada.com.mx\/index.php?rest_route=%2Fwp%2Fv2%2Ftags&post=19049"}],"curies":[{"name":"wp","href":"https:\/\/api.w.org\/{rel}","templated":true}]}}