{"id":19020,"date":"2021-01-20T09:40:36","date_gmt":"2021-01-20T15:40:36","guid":{"rendered":"https:\/\/diarioavanzada.com.mx\/?p=19020"},"modified":"2021-01-20T09:40:44","modified_gmt":"2021-01-20T15:40:44","slug":"o-tiempos-perfectos-o-tiempos-precisos","status":"publish","type":"post","link":"https:\/\/diarioavanzada.com.mx\/?p=19020","title":{"rendered":"O tiempos perfectos o tiempos precisos"},"content":{"rendered":"\n<p class=\"wp-block-paragraph\"><strong>Dios tiene un plan perfecto&nbsp; para m\u00ed, suele decir la gente que tiene una fe inquebrantable<\/strong> y basa su felicidad en esa fe a prueba de todo sufrimiento, porque su fe construye tiempos y planes perfectos.<\/p>\n\n\n\n<p class=\"wp-block-paragraph\">Admiro a esas personas que tiene su fe firme y piensan en planes y tiempos perfectos para resistir a la adversidad; sin embargo, existe gente diametralmente opuesta a este comportamiento moral: <strong>son los pol\u00edticos, que solo est\u00e1n pensando en los tiempos precisos<\/strong>.<\/p>\n\n\n\n<p class=\"wp-block-paragraph\">En Colima se est\u00e1n dando los tiempos precisos de los pol\u00edticos. En las pr\u00f3ximas elecciones a la gubernatura no habr\u00e1 cabida para los ciudadanos libres pues todas las candidatura a la gubernatura estar\u00e1n ocupadas por los corruptos, unos m\u00e1s otros menos, pero todos marcados por el estigma de la corrupci\u00f3n, y lo peor, con la consigna de perpetuar la corrupci\u00f3n a ultranza.<\/p>\n\n\n\n<p class=\"wp-block-paragraph\">Este fen\u00f3meno de Colima es muy similar en otros estados de la rep\u00fablica: Quer\u00e9taro, San Luis Potos\u00ed, Nuevo Le\u00f3n, Guerrero, Baja California, entre otros estados, estar\u00e1n marcados por este s\u00edndrome del <strong>dominio de la partidocracia que se niega a morir.<\/strong><\/p>\n\n\n\n<p class=\"wp-block-paragraph\">Clara Luz Flores Carrales \u2013candidata por Morena-, en Nuevo Le\u00f3n, est\u00e1 empezando a imponer a sus priistas aliados en los principales municipios del estado y lo mismo ocurrir\u00e1 con los dem\u00e1s estados conforma avance el proceso electoral. <strong>La cultura priista de corrupci\u00f3n avanzar\u00e1 inexorablemente: el priismo se extingue pero su cultura pervive en la partidocracia.<\/strong><\/p>\n\n\n\n<p class=\"wp-block-paragraph\"><strong>Con la renuncia de Rafael Mendoza a participar, electoralmente, para conquistar la gubernatura de Colima, por la v\u00eda independiente, los beneficiarios de esta decisi\u00f3n judicial guardar\u00e1n silencio porque en el fondo son los promotores<\/strong>. El primer beneficiario es Jos\u00e9 Ignacio Peralta S\u00e1nchez y su alianza <strong>S\u00ed por Colima<\/strong> (PRI, PAN y PRD) con la complacencia de la alianza <strong>\u201cJuntos por un Colima mejor\u201d<\/strong> (PT y Verde) y el benepl\u00e1cito de Morena-Panal. Algo as\u00ed como todos los partidos unidos por la corrupci\u00f3n nos est\u00e1 pasando en Colima.<\/p>\n\n\n\n<p class=\"wp-block-paragraph\">Los tiempos judiciales est\u00e1n siendo usados seg\u00fan los intereses de los pol\u00edticos partidarios de la impunidad y el continuismo. Para Rafael Mendoza los tiempos se acabaron, pues con 30 mil firmas de ciudadanos en la bolsa, se estaba convirtiendo en una seria amenaza para los partidos corruptos y, entre ellos, decidieron unir fuerzas para cerrarle el camino de la participaci\u00f3n pol\u00edtico-electoral. La mafia del poder en Colima goza de mucha fortaleza y esplendida salud.<\/p>\n\n\n\n<p class=\"wp-block-paragraph\">Diferente son los tiempos para la candidata de Morena, pues para ella, los tiempos judiciales se ampl\u00edan o se reducen -seg\u00fan las necesidades de los pol\u00edticos en el poder-. <strong>Para la candidata de Morena los tiempos judiciales ser\u00e1n tan amplios como sean necesarios para que compita en la elecci\u00f3n constitucional y ser\u00e1n muy cortos si no cumple con su compromiso de garantizar impunidad a Peralta S\u00e1nchez<\/strong> y a todos los pol\u00edticos del r\u00e9gimen priista, en v\u00eda de extinci\u00f3n, pero que requiere todav\u00eda de la impunidad propia de los pactos de la partidocracia que tan hartos nos tiene a los ciudadanos &nbsp;<\/p>\n\n\n\n<p class=\"wp-block-paragraph\">En la boleta de candidatos a la gubernatura de Colima veremos los emblemas de los partidos de las coaliciones: <strong>S\u00ed por Colima <\/strong>(PRI, PAN y PRD), cuya candidata representa la mafia del poder y su objetivo ser\u00e1 continuar saqueando a Colima y proteger a Peralta S\u00e1nchez; <strong>\u201cJuntos por un Colima mejor\u201d<\/strong> (PT y Verde) su candidato representa a los sat\u00e9lites aliados secularmente al PRI y su objetivo es seguir recibiendo&nbsp; los dineros del pueblo y proteger la salida impune de Peralta S\u00e1nchez y; Morena-Panal y su candidata representan una traici\u00f3n a los votantes de la Cuarta Transformaci\u00f3n, la b\u00fasqueda del gobierno del estado como un bot\u00edn y finalmente brindarle impunidad a los ex gobernadores, Peralta S\u00e1nchez y Anguiano Moreno, como pago por no haber sido procesada por el caso de Altozano.<\/p>\n\n\n\n<p class=\"wp-block-paragraph\">No habr\u00e1 un solo candidato honesto ni limpio de sospecha de corrupci\u00f3n. In\u00e9dito.<\/p>\n\n\n\n<p class=\"wp-block-paragraph\">Usted amable lector podr\u00e1 decir que eso es un asunto de pol\u00edticos y que poco nos afecta a los ciudadanos, nada m\u00e1s alejado de la realidad.<\/p>\n\n\n\n<p class=\"wp-block-paragraph\">El actual gobierno y sus antecesores han endeudado a Colima a niveles cr\u00edticos que, invariablemente, el que llegue a la gubernatura tendr\u00e1 que obtener los recursos para cubrir los pasivos que estos&nbsp; ex gobernadores saquearon del erario. Y efectivamente, usted adivin\u00f3, nosotros los ciudadanos tendremos que cubrir estos faltantes y seguir pagando los caprichos de estos gobernantes fr\u00edvolos y ladrones porque ninguno someter\u00e1 a juicio a los ex gobernadores ni recuperar\u00e1 los recursos robados del erario.<\/p>\n\n\n\n<p class=\"wp-block-paragraph\">Dios tiene un plan y tiempo perfectos para los hombres de fe.<\/p>\n\n\n\n<p class=\"wp-block-paragraph\">Los pol\u00edticos corruptos tienen sus tiempos precios para manejar la justicia y la siguen manejando para hacer su voluntad pol\u00edtica, es decir, apropiarse de los recursos p\u00fablicos.<\/p>\n\n\n\n<p class=\"wp-block-paragraph\">En la boleta usted y yo encontraremos puros corruptos: la mafia del poder unida contra los ciudadanos.<\/p>\n\n\n\n<p class=\"wp-block-paragraph\">Hay diferencia abismal entre planes perfectos de Dios y los planes precisos de los ladrones.<\/p>\n<div class=\"fb-background-color\">\n\t\t\t  <div \n\t\t\t  \tclass = \"fb-comments\" \n\t\t\t  \tdata-href = \"https:\/\/diarioavanzada.com.mx\/?p=19020\"\n\t\t\t  \tdata-numposts = \"10\"\n\t\t\t  \tdata-lazy = \"true\"\n\t\t\t\tdata-colorscheme = \"light\"\n\t\t\t\tdata-order-by = \"social\"\n\t\t\t\tdata-mobile=true>\n\t\t\t  <\/div><\/div>\n\t\t  <style>\n\t\t    .fb-background-color {\n\t\t\t\tbackground:  !important;\n\t\t\t}\n\t\t\t.fb_iframe_widget_fluid_desktop iframe {\n\t\t\t    width: 100% !important;\n\t\t\t}\n\t\t  <\/style>\n\t\t  ","protected":false},"excerpt":{"rendered":"<p>Dios tiene un plan perfecto&nbsp; para m\u00ed, suele decir la gente que tiene una fe inquebrantable y basa su felicidad en esa fe a prueba de todo sufrimiento, porque su fe construye tiempos y planes perfectos. Admiro a esas personas que tiene su fe firme y piensan en planes y tiempos perfectos para resistir a [&hellip;]<\/p>\n","protected":false},"author":9,"featured_media":15766,"comment_status":"closed","ping_status":"closed","sticky":false,"template":"","format":"standard","meta":{"_coblocks_attr":"","_coblocks_dimensions":"","_coblocks_responsive_height":"","_coblocks_accordion_ie_support":"","advanced_seo_description":"","jetpack_seo_html_title":"","jetpack_seo_noindex":false,"jetpack_seo_schema_type":"","_jetpack_newsletter_access":"","_jetpack_dont_email_post_to_subs":false,"_jetpack_newsletter_tier_id":0,"_jetpack_memberships_contains_paywalled_content":false,"_wpcom_ai_launchpad_first_post":false,"_jetpack_feature_clip_id":0,"_jetpack_memberships_contains_paid_content":false,"footnotes":"","jetpack_post_was_ever_published":false},"categories":[19,24],"tags":[332,220,210],"class_list":["post-19020","post","type-post","status-publish","format-standard","has-post-thumbnail","hentry","category-colima","category-opinion","tag-corrupcion-2","tag-opinion","tag-portada"],"jetpack-related-posts":[],"jetpack_sharing_enabled":true,"amp_enabled":true,"jetpack_featured_media_url":"https:\/\/diarioavanzada.com.mx\/wp-content\/uploads\/2020\/09\/Indira-V-S-1.png","_links":{"self":[{"href":"https:\/\/diarioavanzada.com.mx\/index.php?rest_route=\/wp\/v2\/posts\/19020","targetHints":{"allow":["GET"]}}],"collection":[{"href":"https:\/\/diarioavanzada.com.mx\/index.php?rest_route=\/wp\/v2\/posts"}],"about":[{"href":"https:\/\/diarioavanzada.com.mx\/index.php?rest_route=\/wp\/v2\/types\/post"}],"author":[{"embeddable":true,"href":"https:\/\/diarioavanzada.com.mx\/index.php?rest_route=\/wp\/v2\/users\/9"}],"replies":[{"embeddable":true,"href":"https:\/\/diarioavanzada.com.mx\/index.php?rest_route=%2Fwp%2Fv2%2Fcomments&post=19020"}],"version-history":[{"count":0,"href":"https:\/\/diarioavanzada.com.mx\/index.php?rest_route=\/wp\/v2\/posts\/19020\/revisions"}],"wp:featuredmedia":[{"embeddable":true,"href":"https:\/\/diarioavanzada.com.mx\/index.php?rest_route=\/wp\/v2\/media\/15766"}],"wp:attachment":[{"href":"https:\/\/diarioavanzada.com.mx\/index.php?rest_route=%2Fwp%2Fv2%2Fmedia&parent=19020"}],"wp:term":[{"taxonomy":"category","embeddable":true,"href":"https:\/\/diarioavanzada.com.mx\/index.php?rest_route=%2Fwp%2Fv2%2Fcategories&post=19020"},{"taxonomy":"post_tag","embeddable":true,"href":"https:\/\/diarioavanzada.com.mx\/index.php?rest_route=%2Fwp%2Fv2%2Ftags&post=19020"}],"curies":[{"name":"wp","href":"https:\/\/api.w.org\/{rel}","templated":true}]}}