{"id":18961,"date":"2021-01-17T20:50:42","date_gmt":"2021-01-18T02:50:42","guid":{"rendered":"https:\/\/diarioavanzada.com.mx\/?p=18961"},"modified":"2021-01-17T20:50:44","modified_gmt":"2021-01-18T02:50:44","slug":"entrega-rector-buenas-cuentas-a-la-sociedad-margarita-ochoa","status":"publish","type":"post","link":"https:\/\/diarioavanzada.com.mx\/?p=18961","title":{"rendered":"Entrega rector buenas cuentas a la sociedad: Margarita Ochoa"},"content":{"rendered":"\n<p class=\"wp-block-paragraph\">Colima, M\u00e9xico, Comunicado (17\/01\/2021).- Margarita Ochoa Vargas, directora de Educaci\u00f3n Media Superior y Superior del Estado de Colima, luego de asistir al IV informe de labores del rector Eduardo Hern\u00e1ndez Nava, dijo que \u201centrega buenas cuentas a la sociedad en ambos periodos rectorales, pues expresa el crecimiento que se dio en las diferentes \u00e1reas de la Universidad de Colima\u201d.<\/p>\n\n\n\n<p class=\"wp-block-paragraph\">La representante del secretario de Educaci\u00f3n en el estado, Jaime Flores Merlo, destac\u00f3 el incremento de j\u00f3venes que ingresan a los niveles medio y superior, as\u00ed como la responsabilidad social de la UdeC y su renovado modelo educativo.<\/p>\n\n\n\n<p class=\"wp-block-paragraph\">Asimismo, dijo que Jaime Flores tambi\u00e9n agradece el trabajo realizado por Eduardo Hern\u00e1ndez Nava, \u201csobre todo el trabajo conjunto y el esmero de cada trabajador de esta casa de estudios\u201d.<\/p>\n\n\n\n<p class=\"wp-block-paragraph\">Tambi\u00e9n coment\u00f3 que el rector Eduardo Hern\u00e1ndez Nava \u201centrega una instituci\u00f3n fortalecida en sus estad\u00edsticas y en sus programas reconocidos, que redundan en la calidad de la educaci\u00f3n superior\u201d.<\/p>\n\n\n\n<p class=\"wp-block-paragraph\">Por \u00faltimo, les pidi\u00f3 a las y los estudiantes universitarios que \u201csigan trabajando, pues lo \u00fanico que nos puede cambiar y hacer que evolucionemos es la educaci\u00f3n, as\u00ed que a ustedes y a los trabajadores, mi agradecimiento infinito\u201d.<\/p>\n<div class=\"fb-background-color\">\n\t\t\t  <div \n\t\t\t  \tclass = \"fb-comments\" \n\t\t\t  \tdata-href = \"https:\/\/diarioavanzada.com.mx\/?p=18961\"\n\t\t\t  \tdata-numposts = \"10\"\n\t\t\t  \tdata-lazy = \"true\"\n\t\t\t\tdata-colorscheme = \"light\"\n\t\t\t\tdata-order-by = \"social\"\n\t\t\t\tdata-mobile=true>\n\t\t\t  <\/div><\/div>\n\t\t  <style>\n\t\t    .fb-background-color {\n\t\t\t\tbackground:  !important;\n\t\t\t}\n\t\t\t.fb_iframe_widget_fluid_desktop iframe {\n\t\t\t    width: 100% !important;\n\t\t\t}\n\t\t  <\/style>\n\t\t  ","protected":false},"excerpt":{"rendered":"<p>Colima, M\u00e9xico, Comunicado (17\/01\/2021).- Margarita Ochoa Vargas, directora de Educaci\u00f3n Media Superior y Superior del Estado de Colima, luego de asistir al IV informe de labores del rector Eduardo Hern\u00e1ndez Nava, dijo que \u201centrega buenas cuentas a la sociedad en ambos periodos rectorales, pues expresa el crecimiento que se dio en las diferentes \u00e1reas de [&hellip;]<\/p>\n","protected":false},"author":7,"featured_media":18962,"comment_status":"closed","ping_status":"closed","sticky":false,"template":"","format":"standard","meta":{"_coblocks_attr":"","_coblocks_dimensions":"","_coblocks_responsive_height":"","_coblocks_accordion_ie_support":"","_crdt_document":"","advanced_seo_description":"","jetpack_seo_html_title":"","jetpack_seo_noindex":false,"_jetpack_memberships_contains_paid_content":false,"footnotes":""},"categories":[7],"tags":[],"class_list":["post-18961","post","type-post","status-publish","format-standard","has-post-thumbnail","hentry","category-noticias"],"jetpack_featured_media_url":"https:\/\/diarioavanzada.com.mx\/wp-content\/uploads\/2021\/01\/image-106.png","jetpack-related-posts":[],"jetpack_sharing_enabled":true,"amp_enabled":true,"_links":{"self":[{"href":"https:\/\/diarioavanzada.com.mx\/index.php?rest_route=\/wp\/v2\/posts\/18961","targetHints":{"allow":["GET"]}}],"collection":[{"href":"https:\/\/diarioavanzada.com.mx\/index.php?rest_route=\/wp\/v2\/posts"}],"about":[{"href":"https:\/\/diarioavanzada.com.mx\/index.php?rest_route=\/wp\/v2\/types\/post"}],"author":[{"embeddable":true,"href":"https:\/\/diarioavanzada.com.mx\/index.php?rest_route=\/wp\/v2\/users\/7"}],"replies":[{"embeddable":true,"href":"https:\/\/diarioavanzada.com.mx\/index.php?rest_route=%2Fwp%2Fv2%2Fcomments&post=18961"}],"version-history":[{"count":0,"href":"https:\/\/diarioavanzada.com.mx\/index.php?rest_route=\/wp\/v2\/posts\/18961\/revisions"}],"wp:featuredmedia":[{"embeddable":true,"href":"https:\/\/diarioavanzada.com.mx\/index.php?rest_route=\/wp\/v2\/media\/18962"}],"wp:attachment":[{"href":"https:\/\/diarioavanzada.com.mx\/index.php?rest_route=%2Fwp%2Fv2%2Fmedia&parent=18961"}],"wp:term":[{"taxonomy":"category","embeddable":true,"href":"https:\/\/diarioavanzada.com.mx\/index.php?rest_route=%2Fwp%2Fv2%2Fcategories&post=18961"},{"taxonomy":"post_tag","embeddable":true,"href":"https:\/\/diarioavanzada.com.mx\/index.php?rest_route=%2Fwp%2Fv2%2Ftags&post=18961"}],"curies":[{"name":"wp","href":"https:\/\/api.w.org\/{rel}","templated":true}]}}