{"id":18523,"date":"2020-12-29T14:02:18","date_gmt":"2020-12-29T20:02:18","guid":{"rendered":"https:\/\/diarioavanzada.com.mx\/?p=18523"},"modified":"2020-12-29T14:03:00","modified_gmt":"2020-12-29T20:03:00","slug":"congreso-de-colima-premia-a-ciudadanos-destacados-por-su-trabajo-a-favor-de-la-discapacidad","status":"publish","type":"post","link":"https:\/\/diarioavanzada.com.mx\/?p=18523","title":{"rendered":"Congreso de Colima premia a ciudadanos destacados por su trabajo a favor de la discapacidad"},"content":{"rendered":"\n<p class=\"wp-block-paragraph\">Colima, M\u00e9xico, Comunicado (29\/12\/2020).- Durante la entrega del Premio Estatal &#8220;Ricardo de Jes\u00fas V\u00e1zquez Lara Centeno&#8221; la presidenta del Congreso del Estado, diputada Rosalva Far\u00edas Larios se\u00f1al\u00f3 que tal reconocimiento no es s\u00f3lo del Poder Legislativo, sino de la sociedad en general, por el trabajo, constancia y dedicaci\u00f3n para mejorar las condiciones de vida de las personas con alguna discapacidad.&nbsp;<\/p>\n\n\n\n<p class=\"wp-block-paragraph\">Luego de hacer la entrega formal del Premio Estatal \u201cRicardo de Jes\u00fas V\u00e1zquez Lara Centeno\u201d, a 6 personas destacadas por sus labores relacionadas con la discapacidad, en la sede del Poder Legislativo y en una transmisi\u00f3n especial, difundida en vivo por las p\u00e1ginas oficiales del Congreso del Estado, para el desarrollo del evento protocolario, el presidente de la Comisi\u00f3n de Gobierno Interno y Acuerdos Parlamentarios, diputado Guillermo Toscano Reyes, asegur\u00f3 que, falta mucho por hacer en el tema de la inclusi\u00f3n, sobre todo para que las personas con discapacidad tengan el libre acceso a todo lo que por ley les corresponde, &#8220;esta vida es un viaje y s\u00f3lo dejaremos como legado lo que hicimos para ayudar a otras personas&#8221;.<\/p>\n\n\n\n<p class=\"wp-block-paragraph\">Por su parte la presidenta de la Comisi\u00f3n de Ni\u00f1ez, Juventud, Adultos Mayores y Discapacidad, la diputada Araceli Garc\u00eda Muro, reconoci\u00f3 la trayectoria de cada uno de los homenajeados por su altruismo, esmero, dedicaci\u00f3n en trabajar a favor de las personas con discapacidad, de la cual dijo, &#8220;la discapacidad limita al ser humano abri\u00e9ndole un sin fin de oportunidades&#8221;.<\/p>\n\n\n\n<p class=\"wp-block-paragraph\">En la categor\u00eda de personas o agrupaciones sociales que, de manera altruista, han realizado acciones destacadas para mejorar las condiciones de vida de las personas con discapacidad en el Estado, se entreg\u00f3 el Premio Estatal \u201cRicardo de Jes\u00fas V\u00e1zquez Lara Centeno\u201d en su edici\u00f3n 2020 a: Mar\u00eda del Rosario Garc\u00eda Garc\u00eda y a Mar\u00eda Guadalupe G\u00f3mez Manzano.<\/p>\n\n\n\n<p class=\"wp-block-paragraph\">Tambi\u00e9n se entreg\u00f3 el Premio, en la categor\u00eda de personas que, teniendo alguna discapacidad, han logrado destacar de manera relevante en el desarrollo de alg\u00fan \u00e1mbito social, a: Adolfo Miguel de la Torre Escobosa y a Eliseo Rosales Esparza.<\/p>\n\n\n\n<p class=\"wp-block-paragraph\">Adem\u00e1s, se hizo entrega de una Nota laudatoria, por sus logros y ser personas destacadas en el \u00e1mbito social de nuestro Estado, a: Efra\u00edn Edgardo Espinoza Urz\u00faa y a V\u00edctor Manuel Villalobos Ch\u00e1vez.<\/p>\n\n\n\n<p class=\"wp-block-paragraph\">En este evento protocolario, tambi\u00e9n estuvo presente la diputada Ma. Remedios Olivera Orozco y algunos familiares de las personas reconocidas con el Premio Estatal \u201cRicardo de Jes\u00fas V\u00e1zquez Lara Centeno\u201d en su edici\u00f3n 2020.<\/p>\n\n\n\n<figure class=\"wp-block-image size-large\"><img loading=\"lazy\" decoding=\"async\" width=\"680\" height=\"454\" src=\"https:\/\/diarioavanzada.com.mx\/wp-content\/uploads\/2020\/12\/image-154.png\" alt=\"\" class=\"wp-image-18525\" srcset=\"https:\/\/diarioavanzada.com.mx\/wp-content\/uploads\/2020\/12\/image-154.png 680w, https:\/\/diarioavanzada.com.mx\/wp-content\/uploads\/2020\/12\/image-154-300x200.png 300w\" sizes=\"auto, (max-width: 680px) 100vw, 680px\" \/><\/figure>\n\n\n\n<figure class=\"wp-block-image size-large\"><img loading=\"lazy\" decoding=\"async\" width=\"680\" height=\"547\" src=\"https:\/\/diarioavanzada.com.mx\/wp-content\/uploads\/2020\/12\/image-155.png\" alt=\"\" class=\"wp-image-18526\" srcset=\"https:\/\/diarioavanzada.com.mx\/wp-content\/uploads\/2020\/12\/image-155.png 680w, https:\/\/diarioavanzada.com.mx\/wp-content\/uploads\/2020\/12\/image-155-300x241.png 300w\" sizes=\"auto, (max-width: 680px) 100vw, 680px\" \/><\/figure>\n\n\n\n<figure class=\"wp-block-image size-large\"><img loading=\"lazy\" decoding=\"async\" width=\"680\" height=\"454\" src=\"https:\/\/diarioavanzada.com.mx\/wp-content\/uploads\/2020\/12\/image-156.png\" alt=\"\" class=\"wp-image-18527\" srcset=\"https:\/\/diarioavanzada.com.mx\/wp-content\/uploads\/2020\/12\/image-156.png 680w, https:\/\/diarioavanzada.com.mx\/wp-content\/uploads\/2020\/12\/image-156-300x200.png 300w\" sizes=\"auto, (max-width: 680px) 100vw, 680px\" \/><\/figure>\n\n\n\n<figure class=\"wp-block-image size-large\"><img loading=\"lazy\" decoding=\"async\" width=\"680\" height=\"454\" src=\"https:\/\/diarioavanzada.com.mx\/wp-content\/uploads\/2020\/12\/image-158.png\" alt=\"\" class=\"wp-image-18529\" srcset=\"https:\/\/diarioavanzada.com.mx\/wp-content\/uploads\/2020\/12\/image-158.png 680w, https:\/\/diarioavanzada.com.mx\/wp-content\/uploads\/2020\/12\/image-158-300x200.png 300w\" sizes=\"auto, (max-width: 680px) 100vw, 680px\" \/><\/figure>\n\n\n\n<figure class=\"wp-block-image size-large\"><img loading=\"lazy\" decoding=\"async\" width=\"680\" height=\"418\" src=\"https:\/\/diarioavanzada.com.mx\/wp-content\/uploads\/2020\/12\/image-157.png\" alt=\"\" class=\"wp-image-18528\" srcset=\"https:\/\/diarioavanzada.com.mx\/wp-content\/uploads\/2020\/12\/image-157.png 680w, https:\/\/diarioavanzada.com.mx\/wp-content\/uploads\/2020\/12\/image-157-300x184.png 300w\" sizes=\"auto, (max-width: 680px) 100vw, 680px\" \/><\/figure>\n<div class=\"fb-background-color\">\n\t\t\t  <div \n\t\t\t  \tclass = \"fb-comments\" \n\t\t\t  \tdata-href = \"https:\/\/diarioavanzada.com.mx\/?p=18523\"\n\t\t\t  \tdata-numposts = \"10\"\n\t\t\t  \tdata-lazy = \"true\"\n\t\t\t\tdata-colorscheme = \"light\"\n\t\t\t\tdata-order-by = \"social\"\n\t\t\t\tdata-mobile=true>\n\t\t\t  <\/div><\/div>\n\t\t  <style>\n\t\t    .fb-background-color {\n\t\t\t\tbackground:  !important;\n\t\t\t}\n\t\t\t.fb_iframe_widget_fluid_desktop iframe {\n\t\t\t    width: 100% !important;\n\t\t\t}\n\t\t  <\/style>\n\t\t  ","protected":false},"excerpt":{"rendered":"<p>Colima, M\u00e9xico, Comunicado (29\/12\/2020).- Durante la entrega del Premio Estatal &#8220;Ricardo de Jes\u00fas V\u00e1zquez Lara Centeno&#8221; la presidenta del Congreso del Estado, diputada Rosalva Far\u00edas Larios se\u00f1al\u00f3 que tal reconocimiento no es s\u00f3lo del Poder Legislativo, sino de la sociedad en general, por el trabajo, constancia y dedicaci\u00f3n para mejorar las condiciones de vida de [&hellip;]<\/p>\n","protected":false},"author":7,"featured_media":18524,"comment_status":"closed","ping_status":"closed","sticky":false,"template":"","format":"standard","meta":{"_coblocks_attr":"","_coblocks_dimensions":"","_coblocks_responsive_height":"","_coblocks_accordion_ie_support":"","_crdt_document":"","advanced_seo_description":"","jetpack_seo_html_title":"","jetpack_seo_noindex":false,"_jetpack_memberships_contains_paid_content":false,"footnotes":""},"categories":[7],"tags":[],"class_list":["post-18523","post","type-post","status-publish","format-standard","has-post-thumbnail","hentry","category-noticias"],"jetpack_featured_media_url":"https:\/\/diarioavanzada.com.mx\/wp-content\/uploads\/2020\/12\/image-153.png","jetpack-related-posts":[],"jetpack_sharing_enabled":true,"amp_enabled":true,"_links":{"self":[{"href":"https:\/\/diarioavanzada.com.mx\/index.php?rest_route=\/wp\/v2\/posts\/18523","targetHints":{"allow":["GET"]}}],"collection":[{"href":"https:\/\/diarioavanzada.com.mx\/index.php?rest_route=\/wp\/v2\/posts"}],"about":[{"href":"https:\/\/diarioavanzada.com.mx\/index.php?rest_route=\/wp\/v2\/types\/post"}],"author":[{"embeddable":true,"href":"https:\/\/diarioavanzada.com.mx\/index.php?rest_route=\/wp\/v2\/users\/7"}],"replies":[{"embeddable":true,"href":"https:\/\/diarioavanzada.com.mx\/index.php?rest_route=%2Fwp%2Fv2%2Fcomments&post=18523"}],"version-history":[{"count":0,"href":"https:\/\/diarioavanzada.com.mx\/index.php?rest_route=\/wp\/v2\/posts\/18523\/revisions"}],"wp:featuredmedia":[{"embeddable":true,"href":"https:\/\/diarioavanzada.com.mx\/index.php?rest_route=\/wp\/v2\/media\/18524"}],"wp:attachment":[{"href":"https:\/\/diarioavanzada.com.mx\/index.php?rest_route=%2Fwp%2Fv2%2Fmedia&parent=18523"}],"wp:term":[{"taxonomy":"category","embeddable":true,"href":"https:\/\/diarioavanzada.com.mx\/index.php?rest_route=%2Fwp%2Fv2%2Fcategories&post=18523"},{"taxonomy":"post_tag","embeddable":true,"href":"https:\/\/diarioavanzada.com.mx\/index.php?rest_route=%2Fwp%2Fv2%2Ftags&post=18523"}],"curies":[{"name":"wp","href":"https:\/\/api.w.org\/{rel}","templated":true}]}}