{"id":18404,"date":"2020-12-21T08:17:29","date_gmt":"2020-12-21T14:17:29","guid":{"rendered":"https:\/\/diarioavanzada.com.mx\/?p=18404"},"modified":"2020-12-21T08:17:31","modified_gmt":"2020-12-21T14:17:31","slug":"pri-vs-pri-o-el-sindrome-de-layin-el-roba-poquito","status":"publish","type":"post","link":"https:\/\/diarioavanzada.com.mx\/?p=18404","title":{"rendered":"PRI vs. PRI: o el s\u00edndrome de Lay\u00edn, el roba poquito"},"content":{"rendered":"\n<p class=\"wp-block-paragraph\">Hilario Ram\u00edrez, el roba poquito, ex alcalde de San Blas, Nayarit, hoy en d\u00eda, est\u00e1 muy presente porque Morena, a nivel nacional, ha decidido integrar entre sus candidatos a gobernadores a ex priistas corruptos que en los mejores de los casos, algunos, padecen el s\u00edndrome de Lay\u00edn, robaron s\u00ed, pero poquito; sin embargo, rateros son y rateros se quedan, aun cuando hayan robado poquito. \u00bfQu\u00e9 tanto es poquito?, cabr\u00eda preguntarse.<\/p>\n\n\n\n<p class=\"wp-block-paragraph\">La sociedad oblig\u00f3 al Prian&nbsp; a manifestarse, con todo su cinismo, sin ning\u00fan pudor, al expulsarlos del gobierno federal en 2018 y la respuesta de Morena, y sus cuadros dirigentes, fue ponerles como competidores, en las pr\u00f3ximas elecciones de 2021 a sus mismos ex compa\u00f1eros; sin embargo, ni ninguno de ellos est\u00e1 siendo purificado porque sencillamente la sociedad decidi\u00f3 que se acabaron los tiempos de purificaci\u00f3n por decreto. No hay m\u00e1s cartas de buena conducta, se acabaron.<\/p>\n\n\n\n<p class=\"wp-block-paragraph\">Morena est\u00e1 convirtiendo las pr\u00f3ximas elecciones en una disputa entre un PRI contra otro PRI; el PRI de los corruptos descarados integrados en la alianza <strong><em>S\u00ed por M\u00e9xico<\/em><\/strong> versus el <strong>PRI de los ex priistas<\/strong>, roba poquito, o Layines que <strong>se est\u00e1n reincorporando a Morena<\/strong>. Para efectos pr\u00e1cticos, para los ciudadanos que apoyan a la Cuarta Transformaci\u00f3n no hay opciones.<\/p>\n\n\n\n<p class=\"wp-block-paragraph\">&nbsp;Morena no entiende que ya no son los tiempos de los dirigentes de los partidos&nbsp; -partidocracia-, eso pas\u00f3 a la historia. Morena no debe comportarse como un partido tradicional porque no lo es. En Morena deben, en sus futuros candidatos, tomar en cuenta su perfil y sus actos consecuentes con los principios y programa del partido. El tamiz para los candidatos de 2021 es la sociedad que es la que manda. De lo contrario Morena ser\u00e1 relevada y otra organizaci\u00f3n ocupar\u00e1 su lugar. Nuevas organizaciones pueden emerger. Al parecer no entiendan lo que est\u00e1 pasando en la sociedad mexicana. Una transformaci\u00f3n est\u00e1 en proceso y los pol\u00edticos siguen actuando como si la vida siguiera igual. Con su doble moral y con sus ambiciones por delante. <strong>Son tiempos \u00e9picos para lanzar grandes proyectos colectivos, donde el protagonista principal sea el pueblo. No son tiempos de proyectos individuales ni de facciones. \u00bfQu\u00e9 es lo que no se entiende?<\/strong><\/p>\n\n\n\n<p class=\"wp-block-paragraph\"><strong>Poco a poco a nivel nacional est\u00e1 emergiendo un sentir fuerte y portentoso de rechazo a los candidatos reciclados del PRI y del PAN<\/strong>. Candidatos s\u00ed, muy conocidos, porque vienen de la inercia del sistema pol\u00edtico actual todav\u00eda incrustado en los puestos de elecci\u00f3n popular y en la alta burocracia federal y mucho m\u00e1s en las burocracias estatales. <strong>Pero sin los perfiles ni la decencia que los tiempos reclaman.<\/strong><\/p>\n\n\n\n<p class=\"wp-block-paragraph\">Baja California, Tlaxcala, Quer\u00e9taro, Guerrero, entre otros estados, est\u00e1n surgiendo expresiones abiertas contra la imposici\u00f3n de los ex panistas y ex priistas en las candidaturas a la gubernatura.<\/p>\n\n\n\n<p class=\"wp-block-paragraph\">Colima es un claro ejemplo del Kramer contra Kramer en todo su esplendor. <strong>S\u00ed por Colima<\/strong> aglutina a todos los rancios y corruptos pol\u00edticos de siempre. Ah\u00ed se sumaron desde Fernando Moreno pasando por Martha Sosa hasta Jorge Luis preciado que se dec\u00edan enemigos ac\u00e9rrimos y hoy vemos que no son tan enemigos \u2013de cerca parecen m\u00e1s amigos-, la corrupci\u00f3n los ata. En el mismo bando se constituy\u00f3 tambi\u00e9n la <strong><em>Alianza por Colima<\/em><\/strong> integrada por el PT y el Partido Verde, all\u00ed est\u00e1n integrados los partidos sat\u00e9lites del PRI y el PAN que est\u00e1n dispuestos a las peores tropel\u00edas con tal de seguir conectados a la ubre de la corrupci\u00f3n, son el bando del PRI de los de siempre, abierta y c\u00ednicamente, defensores de la corrupci\u00f3n y su permanencia como forma de gobierno voraz y depredador. En el bando contrario se ubica lo que te\u00f3ricamente deber\u00edan de ser sus antag\u00f3nicos, Morena. Sin embargo, en Morena se est\u00e1 impulsado como posibles candidatos al gobierno del estado a ex priistas y defensoras de la cultura priista que garantizan m\u00e1s de lo mismo pero con una agravante ser elegidas por la marca Morena que provocar\u00eda el des\u00e1nimo, la p\u00e9rdida de credibilidad en la lucha por transformar a la sociedad y al gobierno. Morena est\u00e1 impulsado las candidaturas de <strong>Claudia Y\u00e1nez, priista de abolengo, Gricelda Valencia priista por asociaci\u00f3n e Indira Vizca\u00edno priista por convicci\u00f3n y por compartir con el actual gobierno fallido de Nacho Peralta programa y visi\u00f3n pol\u00edticos.<\/strong><\/p>\n\n\n\n<p class=\"wp-block-paragraph\">El PRI, aparentemente, va a la segura, gane un&nbsp; bando u otro, ellos tienen garantizada <strong><em>la continuidad y la impunidad. <\/em><\/strong>Esa es su apuesta.<\/p>\n\n\n\n<p class=\"wp-block-paragraph\">Est\u00e1 la partidocracia proponiendo un esquema pol\u00edtico donde se expulsa a los ciudadanos. No quieren, como siempre, la participaci\u00f3n de los ciudadanos en pol\u00edtica y en la vigilancia de los recursos p\u00fablicos. El PRI se est\u00e1 transformando en un PRI corrupto y c\u00ednico representado por la alianza S\u00ed por Colima, por un lado, y, por otro, nos presenta la cara de un aparente PRI <strong>renovado y purificado<\/strong> con Morena y sus ex priistas a la cabeza.<\/p>\n\n\n\n<p class=\"wp-block-paragraph\">La respuesta del pueblo va a ser contundente ni unos ni los otros. Ni c\u00ednicos ni hip\u00f3critas.<\/p>\n\n\n\n<p class=\"wp-block-paragraph\">\u00bfD\u00f3nde est\u00e1n las opciones para los ciudadanos entonces? La respuesta para M\u00e9xico y para Colima es simple. Que Morena lance candidatos que tengan su origen en Morena y su movimiento y miembros de la sociedad que se ajusten, en la pr\u00e1ctica, a los principios de no robar, no mentir y no traicionar. En Colima y en todo el pa\u00eds Morena cuenta con los cuadros suficientes para presentarlos. <strong>Gricelda Mat\u00ednez, alcaldesa de Manzanillo, es una magnifica opci\u00f3n, por ejemplo, en Colima<\/strong>.<\/p>\n\n\n\n<p class=\"wp-block-paragraph\">No plantearse opciones distintas al PRI es pensar como corruptos y ver la administraci\u00f3n estatal como el bot\u00edn pr\u00f3ximo por alcanzar.<\/p>\n\n\n\n<p class=\"wp-block-paragraph\">Otra opci\u00f3n para los ciudadanos son las candidaturas independientes que pueden llegar a consolidarse en la medida que el partido Morena no responda a las expectativas&nbsp; de la sociedad que est\u00e1 \u00e1vida de cambios e instalar en el gobierno pol\u00edticos honestos.<\/p>\n\n\n\n<p class=\"wp-block-paragraph\"><strong>Morena no puede ni debe seguir comportando como un partido tradicional porque no lo es y porque su g\u00e9nesis est\u00e1 en las aspiraciones de la sociedad por transformar a M\u00e9xico en general y a Colima en particular.<\/strong><\/p>\n\n\n\n<p class=\"wp-block-paragraph\">No hacer una buena lectura de lo que est\u00e1 pasando es apostarle por el fracaso. Es pretender meter por la ventana lo que los ciudadanos sacamos por la puerta. Morena comete un error garrafal al dise\u00f1ar unas elecciones de un PRI contra otro PRI. Los rateros, los Layines, as\u00ed hayan robado poquito, no tienen cabida en la conformaci\u00f3n de los nuevos gobiernos locales y la C\u00e1mara de Diputados.&nbsp;<\/p>\n\n\n\n<p class=\"wp-block-paragraph\">No m\u00e1s, PRI versus PRI. As\u00ed lo presenten como una gata revolcada.<\/p>\n\n\n\n<p class=\"wp-block-paragraph\">Los priistas y las ex priistas deben ir a un solo lugar, el basurero de la historia, pero antes, algunos a la c\u00e1rcel. Esos son sus lugares que se ganaron.<\/p>\n<div class=\"fb-background-color\">\n\t\t\t  <div \n\t\t\t  \tclass = \"fb-comments\" \n\t\t\t  \tdata-href = \"https:\/\/diarioavanzada.com.mx\/?p=18404\"\n\t\t\t  \tdata-numposts = \"10\"\n\t\t\t  \tdata-lazy = \"true\"\n\t\t\t\tdata-colorscheme = \"light\"\n\t\t\t\tdata-order-by = \"social\"\n\t\t\t\tdata-mobile=true>\n\t\t\t  <\/div><\/div>\n\t\t  <style>\n\t\t    .fb-background-color {\n\t\t\t\tbackground:  !important;\n\t\t\t}\n\t\t\t.fb_iframe_widget_fluid_desktop iframe {\n\t\t\t    width: 100% !important;\n\t\t\t}\n\t\t  <\/style>\n\t\t  ","protected":false},"excerpt":{"rendered":"<p>Hilario Ram\u00edrez, el roba poquito, ex alcalde de San Blas, Nayarit, hoy en d\u00eda, est\u00e1 muy presente porque Morena, a nivel nacional, ha decidido integrar entre sus candidatos a gobernadores a ex priistas corruptos que en los mejores de los casos, algunos, padecen el s\u00edndrome de Lay\u00edn, robaron s\u00ed, pero poquito; sin embargo, rateros son [&hellip;]<\/p>\n","protected":false},"author":9,"featured_media":18405,"comment_status":"closed","ping_status":"closed","sticky":false,"template":"","format":"standard","meta":{"_coblocks_attr":"","_coblocks_dimensions":"","_coblocks_responsive_height":"","_coblocks_accordion_ie_support":"","advanced_seo_description":"","jetpack_seo_html_title":"","jetpack_seo_noindex":false,"jetpack_seo_schema_type":"","_jetpack_newsletter_access":"","_jetpack_dont_email_post_to_subs":false,"_jetpack_newsletter_tier_id":0,"_jetpack_memberships_contains_paywalled_content":false,"_wpcom_ai_launchpad_first_post":false,"_jetpack_feature_clip_id":0,"_jetpack_memberships_contains_paid_content":false,"footnotes":"","jetpack_post_was_ever_published":false},"categories":[19,24],"tags":[232,220,210],"class_list":["post-18404","post","type-post","status-publish","format-standard","has-post-thumbnail","hentry","category-colima","category-opinion","tag-corrupcion","tag-opinion","tag-portada"],"jetpack-related-posts":[],"jetpack_sharing_enabled":true,"amp_enabled":true,"jetpack_featured_media_url":"https:\/\/diarioavanzada.com.mx\/wp-content\/uploads\/2020\/12\/pri-vs-pri.jpg","_links":{"self":[{"href":"https:\/\/diarioavanzada.com.mx\/index.php?rest_route=\/wp\/v2\/posts\/18404","targetHints":{"allow":["GET"]}}],"collection":[{"href":"https:\/\/diarioavanzada.com.mx\/index.php?rest_route=\/wp\/v2\/posts"}],"about":[{"href":"https:\/\/diarioavanzada.com.mx\/index.php?rest_route=\/wp\/v2\/types\/post"}],"author":[{"embeddable":true,"href":"https:\/\/diarioavanzada.com.mx\/index.php?rest_route=\/wp\/v2\/users\/9"}],"replies":[{"embeddable":true,"href":"https:\/\/diarioavanzada.com.mx\/index.php?rest_route=%2Fwp%2Fv2%2Fcomments&post=18404"}],"version-history":[{"count":0,"href":"https:\/\/diarioavanzada.com.mx\/index.php?rest_route=\/wp\/v2\/posts\/18404\/revisions"}],"wp:featuredmedia":[{"embeddable":true,"href":"https:\/\/diarioavanzada.com.mx\/index.php?rest_route=\/wp\/v2\/media\/18405"}],"wp:attachment":[{"href":"https:\/\/diarioavanzada.com.mx\/index.php?rest_route=%2Fwp%2Fv2%2Fmedia&parent=18404"}],"wp:term":[{"taxonomy":"category","embeddable":true,"href":"https:\/\/diarioavanzada.com.mx\/index.php?rest_route=%2Fwp%2Fv2%2Fcategories&post=18404"},{"taxonomy":"post_tag","embeddable":true,"href":"https:\/\/diarioavanzada.com.mx\/index.php?rest_route=%2Fwp%2Fv2%2Ftags&post=18404"}],"curies":[{"name":"wp","href":"https:\/\/api.w.org\/{rel}","templated":true}]}}