{"id":18387,"date":"2020-12-20T08:03:00","date_gmt":"2020-12-20T14:03:00","guid":{"rendered":"https:\/\/diarioavanzada.com.mx\/?p=18387"},"modified":"2020-12-20T08:06:38","modified_gmt":"2020-12-20T14:06:38","slug":"con-los-ojos-en-la-cara-recuerdos-del-porvenir","status":"publish","type":"post","link":"https:\/\/diarioavanzada.com.mx\/?p=18387","title":{"rendered":"Con los ojos en la cara. Recuerdos del porvenir"},"content":{"rendered":"\n<p class=\"wp-block-paragraph\">Escrito por: Ramiro Cisneros Garc\u00eda.<\/p>\n\n\n\n<p class=\"wp-block-paragraph\">En aquellos tiempos y en su momento, tuve la fortuna de leer un poco de lo que escrib\u00eda don Daniel Cosio Villegas en el peri\u00f3dico Exc\u00e9lsior cuando el director era el se\u00f1or, Julio Scherer Garc\u00eda, quien ten\u00eda un excelente equipo de colaboradores.<\/p>\n\n\n\n<p class=\"wp-block-paragraph\">De don Daniel le\u00ed muchos art\u00edculos y algunos libros entre los que recuerdo: \u201cEl sistema pol\u00edtico mexicano\u201d, \u201cLa sucesi\u00f3n presidencial \u201cy \u201cEl estilo personal de gobernar\u201d.&nbsp; Esos libros, la trilog\u00eda fueron y son para m\u00ed, muy valiosos. Conoc\u00ed, adem\u00e1s, su libro, \u201cMemorias\u201d y alguna vez le\u00ed lo que escribi\u00f3 en la Historia General de M\u00e9xico y algo m\u00e1s acerca de \u00e9l en el libro \u201cLos periodistas\u201d que escribi\u00f3 Vicente Le\u00f1ero despu\u00e9s de que Lu\u00eds Echeverr\u00eda \u00c1lvarez cometiera antes de irse de la presidencia un golpe muy fuerte a la libertad de expresi\u00f3n. Asest\u00f3 otros golpes que quedaron impunes.<\/p>\n\n\n\n<p class=\"wp-block-paragraph\">Don Daniel era un profundo observador de la realidad nacional, anal\u00edtico serio y cr\u00edtico incorruptible de los vaivenes de la pol\u00edtica nacional. Don Daniel no tuvo precio, aunque le enviaron emisarios con jugosos y respetuosos ofrecimientos, que rechaz\u00f3. Por otra parte, Rosario, tambi\u00e9n conocida como \u201cChayo\u201d, no se si ya era la pagadora oficial de la prensa mercenaria, esa que est\u00e1 presta a la adulaci\u00f3n de los gobernantes, as\u00ed pensaran solo&nbsp; en el saqueo.&nbsp; Chayo era la que nombraba lista y pagaba a los puntuales \u201cperiodistas\u201d, alejados de la objetividad y por consiguiente de la verdad. Dicen que se llamaba Chayo y que, quienes iban por su paga, seguramente le dec\u00edan cari\u00f1osamente, Chayito, Chay\u00edn. Hoy, tristemente se habla de Chayote. Son solamente variaciones de las muchas que hay en nuestro idioma, pero no hay ninguna connotaci\u00f3n agresiva.<\/p>\n\n\n\n<p class=\"wp-block-paragraph\">En el libro, El sistema Pol\u00edtico Mexicano, nos ilustra don Daniel acerca del proceso que se segu\u00eda casi como un rito cuando se acercaba la sucesi\u00f3n presidencial. Era en ese tiempo, conocido el ritual fijo, inmutable e inamovible, pero adem\u00e1s criollo, patentado y hecho en M\u00e9xico para llegar a los Pinos. No hab\u00eda otro camino que no fueran la corrupci\u00f3n y la alevos\u00eda<\/p>\n\n\n\n<p class=\"wp-block-paragraph\">Ese libro, lo dec\u00eda l\u00edneas arriba, lo le\u00ed hace ya muchos a\u00f1os y lo rele\u00ed hace como dos a\u00f1os, pero de manera muy superficial y por lo mismo, no recuerdo con precisi\u00f3n los pasos que segu\u00eda un partido que comenz\u00f3 llam\u00e1ndose P.N.R. y que luego fue rebautizado como Revolucionario e Institucional, para que, de esa manera, quienes hicieran una cr\u00edtica fuerte en contra de esa agrupaci\u00f3n, fueran considerados subversivos por tratarse de una instituci\u00f3n pol\u00edtica respetable e intocable.&nbsp; Hacer una cr\u00edtica fundada o no al partido hegem\u00f3nico era casi una traici\u00f3n a la patria, a sus valores y a sus s\u00edmbolos. Todav\u00eda quedan resabios de intolerancia y fanatismo revestido de lealtad, porque decir algo en contra de ese partido, es por muchos, considerada una ofensa personal grave. Esas mismas actitudes se repiten en otros partidos ahora como si no hubi\u00e9ramos aprendido nada de la experiencia de tantos a\u00f1os o como si hubi\u00e9ramos aprendido mucho.&nbsp; Las malas ma\u00f1as tambi\u00e9n se aprenden.<\/p>\n\n\n\n<p class=\"wp-block-paragraph\">Cuando el sexenio ya estaba avanzado se comenzaban a barajar los nombres de los mejores prospectos a dirigir al pa\u00eds los pr\u00f3ximos seis a\u00f1os y una parte del sexto a\u00f1o del que ya estaba a unos meses de irse. Era un proceso de desaparici\u00f3n-aparici\u00f3n. Sonaban y se rumoraban los nombres de los favoritos. Algunos eran solamente se\u00f1uelo. Se organizaban qui\u00f1uelas, se hac\u00edan augurios.<\/p>\n\n\n\n<p class=\"wp-block-paragraph\">Los gallos ya estaban en el anillo del palenque y en el \u00e1nimo de los tricolores de coraz\u00f3n, pero nadie sab\u00eda con certeza quien podr\u00eda ser. Por esa raz\u00f3n, se le llamaba, EL TAPADO y se le representaba como alguien que ten\u00eda un capuch\u00f3n, una especie de m\u00e1scara que le cubr\u00eda la cabeza y el rostro al m\u00e1s puro estilo del Ku Klux Klan, cuyo fundador fue Nathan Bedford Forrest. Don Abel Quezada realiz\u00f3 los mejores cartones y caricaturas de el \u201ctapado\u201d de 1956 a 1987 y recordemos que Excelsior, publicaba los cartones de ese excelente monero;&nbsp; hoy desconocido para las actuales generaciones.<\/p>\n\n\n\n<p class=\"wp-block-paragraph\">El TAPADO, se populariz\u00f3 en la sucesi\u00f3n presidencial de Adolfo Ru\u00edz Cort\u00ednes quien destap\u00f3 a su tocayo, Adolfo L\u00f3pez Mateos, el primer TAPADO de la historia de este pa\u00eds. La gente se preguntaba: \u00bfQui\u00e9n ser\u00e1 el bueno? Todo eran suposiciones, pero los grandes l\u00edderes del pa\u00eds y quienes ten\u00edan la capacidad y autoridad para decidir, siempre eleg\u00edan al mejor hombre. Hab\u00eda nerviosismo\u2026cada grupo ten\u00eda sus favoritos, cada cofrad\u00eda ten\u00eda su mejor prospecto y en \u00e9l, cimbradas las esperanzas de estar cerca&nbsp; del que finalmente ser\u00eda elegido. Mientras tanto, el presidente guardaba \u201cin pectore\u201d y en total secrec\u00eda el nombre m\u00e1gico. Nerviosos los correligionarios, los simpatizantes. Las camarillas pol\u00edticas al borde del colapso. La onicofagia (los comeu\u00f1as) en su apogeo. Sin embargo, un buen o un mal d\u00eda, todo depend\u00eda de como se le viera, se quitaba el velo que cubr\u00eda la cara del TAPADO por obra y gracia del DEDAZO.<\/p>\n\n\n\n<p class=\"wp-block-paragraph\">Alguien o algunos de esos que llamamos, \u201cla c\u00fapula del poder\u201d hab\u00edan se\u00f1alado con el dedo \u00edndice, flam\u00edgero y determinante quien era el hijo bien-amado de la revoluci\u00f3n; el \u00fanico capaz de dar rumbo al pa\u00eds y de llevarnos a buen puerto. Finalmente, por obra y gracia del DEDAZO, del dedo de un semidios o de varios semidioses de pacotilla,&nbsp; el Tapado hab\u00eda sido DESTAPADO con todos los merecimientos porque ese rostro que ya aparec\u00eda n\u00edtido, inmaculado en todos los lugares y medios, era sin duda el \u00fanico y al mismo tiempo, hijo predilecto de este pa\u00eds.&nbsp;<\/p>\n\n\n\n<p class=\"wp-block-paragraph\">\u00c9l y solo \u00e9l nos sacar\u00eda del bache. \u00bfQu\u00e9 m\u00e1s queremos?&#8230; Ya se ha develado el misterio, ya se sabe quien es, pero tambi\u00e9n se sabe que no se pudo tomar una mejor decisi\u00f3n. Es entonces que aparece para la historia vergonzante, la respuesta de un l\u00edder que cuando le preguntan: \u00bfQu\u00e9 opina de quien fue elegido? Su respuesta fue espont\u00e1nea y como pensada de toda la vida: \u201cme leyeron el pensamiento\u201d \u00bfquien m\u00e1s podr\u00eda ser\u201d.! Ah, maravilla de maravillas \u00a1 Alineados, disciplinados, sin una gota de pudor ni verg\u00fcenza ante el poder. Arr\u00e1strense, serpenteen v\u00edboras y culebrones.<\/p>\n\n\n\n<p class=\"wp-block-paragraph\">Entonces, se desborda la CARGADA: hacen fila las fuerzas vivas, los l\u00edderes con lentes oscuros, presagian la oscuridad que vendr\u00e1. Se desbordan el besamanos, la adulaci\u00f3n, el halago. Se comienzan a escuchar palabras soltadas con el coraz\u00f3n en la mano y l\u00e1grimas all\u00ed mero debajo de los ojos. Es Usted el mejor obrero de M\u00e9xico, Es Usted el campesino n\u00famero uno de este pa\u00eds, es Usted el hijo predilecto de la Revoluci\u00f3n. Qui\u00e9n como Usted, nadie como Usted. Es usted el nuevo rey. Mientras tanto el rey viejo se apresta a desaparecer, pero no habr\u00e1 de qu\u00e9 preocuparse porque tendr\u00e1 tambi\u00e9n qui\u00e9n le cubra las espaldas. Un rey agoniza, viva el rey.<\/p>\n\n\n\n<p class=\"wp-block-paragraph\">Tambi\u00e9n se le dice que es el general\u00edsimo, el l\u00edder nato de las fuerzas armadas, el Jefe Supremo y, \u00bfQui\u00e9n mejor que Usted se\u00f1or? Luego, sobrevienen las fotograf\u00edas, los flashes. Todos quieren estar cerca de \u00e9l y mientras m\u00e1s juntito, mejor, no vaya a ser el diablo. Ya estaba cansado, fatigado; ya hab\u00eda sentido todos los olores, pero esto no es todos los d\u00edas, se consolaba. Hubo quienes dijeron: \u201cma\u00f1ana ser\u00e1 otro d\u00eda, necesita descansar, la jornada ha sido larga y emotiva\u2026su familia lo espera\u201d. Afuera del recinto sagrado, atronaban las porras y los que no alcanzaron a entrar se apretujaban. Una noche mala cualquiera la tiene y se alejaban en medio del m\u00e1s profundo de los desconsuelos.<\/p>\n\n\n\n<p class=\"wp-block-paragraph\">Los pragm\u00e1ticos, los que est\u00e1n para los detalles ya est\u00e1n programando lo que van a hacer el siguiente d\u00eda, \u201csiempre y cuando \u00e9l candidato est\u00e9 de acuerdo; lo que se la va a ofrecer es solo tentativo, porque, no olvidemos que la mejor opini\u00f3n en mucho tiempo ser\u00e1 la de \u00e9l\u201d. Todos asienten y los pragm\u00e1ticos tambi\u00e9n. Son pragm\u00e1ticos.<\/p>\n\n\n\n<p class=\"wp-block-paragraph\">No est\u00e1 por dem\u00e1s decir que el pueblo quiere verlo, quiere conocerlo en persona, aunque sea de lejecitos. El mismo necesita darse un ba\u00f1o de pueblo. Ya esta dicho quien ser\u00e1 el jefe de campa\u00f1a: un hombre con visi\u00f3n y que tenga un amplio conocimiento del pa\u00eds para organizar las giras, contactar a los l\u00edderes obreros, campesinos y de todos los sectores incluyendo por supuesto al popular.<\/p>\n\n\n\n<p class=\"wp-block-paragraph\">Ya viene el ACARREO y all\u00e1 en los pueblos, las ciudades, las capitales ya se espera con ansias la visita. Se comienzan a organizar. Ya consiguieron camiones urbanos, trocas, camiones, camionetas. Ya est\u00e1n listas las banderas, las banderitas, las matracas; ya se preparan las porras y si van en versos bien rimados ser\u00e1 mucho mejor. Ya se prepara el grupo de alto impacto mismo que ya est\u00e1 ensayando algunas coreograf\u00edas.<\/p>\n\n\n\n<p class=\"wp-block-paragraph\">Llegan todo tipo de veh\u00edculos a las comunidades y all\u00ed en la plaza est\u00e1n esperando la orden para subirse. Hay algarab\u00eda, la gente est\u00e1 contenta\u2026esto solamente sucede cada seis a\u00f1os. A mi ya me han tocado seis candidatos dice uno con orgullo. Yo es la primera vez, pero es bueno que sepa que estamos con \u00e9l. Si no nos toca nada, por lo menos ya fuimos a pasearnos. No falta el alburero que hace una se\u00f1a obscena mientras dice: \u201cesto te va a tocar\u201d.<\/p>\n\n\n\n<p class=\"wp-block-paragraph\">&nbsp;La concentraci\u00f3n est\u00e1 en grande hay gente de muchos pueblos. Un gent\u00edo de gente, un gentillal. Ah cabr\u00f3n, \u00bfC\u00f3mo cuantos seremos t\u00fa? Qui\u00e9n sabe, porque siguen llegando camiones, es un hilo. All\u00e1 al frente, en la tarima que llaman templete, van llegando los meros, meros. Est\u00e1n probando el sonido\u2026 bueno, bueno, uno, dos, tres, probando, equipo de sonido. Si, dos, dos.<\/p>\n\n\n\n<p class=\"wp-block-paragraph\">En eso, despu\u00e9s de una espera larga, llega el se\u00f1or candidato y aquello es apote\u00f3tico\u2026los m\u00e1s bajitos estiran el pescuezo y se paran de puntitas. Se han roto las expectativas y cuando le dan la palabra sobreviene el silencio. Promete, promete y promete y a cada promesa atruenan los aplausos, alentados por uno que est\u00e1 en el templete. El discurso es breve pero muy sentido logrando que el p\u00fablico se emocione y grite hasta el cansancio. El est\u00e1 satisfecho. Termina el evento y a los que vinieron desde lejos les dan una torta o birria y su refresco. Todos contentos, buscan su transporte para regresar. Platican acerca del candidato, pero el camino es largo y ma\u00f1ana tendr\u00e1n que trabajar. Volver\u00e1n a la rutina.<\/p>\n\n\n\n<p class=\"wp-block-paragraph\">Ya se aproximan las elecciones, ya est\u00e1n listos los dirigentes y dispuestos al MAPACHEO, \u201cdicen que ya est\u00e1n listos los recursos, las despensas y que en cuanto se aproxime la elecci\u00f3n, ya en la nochecita de la v\u00edspera salgamos a ofrecer y que dependiendo de como los veamos, renuentes o no, les soltemos el ca\u00f1onazo. All\u00e1, en la oscuridad, a deshora, los mapaches trabajan, la instrucci\u00f3n es precisa. Por las buenas o por las malas, pero se requiere asegurar. Eso depende solo de nosotros, conf\u00edan en que sabremos convencer.<\/p>\n\n\n\n<p class=\"wp-block-paragraph\">El d\u00eda de la elecci\u00f3n corren de un lado para el otro, gesticulan, sonr\u00eden, no hay nada que temer, pero por las dudas, listos con las urnas. Todo est\u00e1 en regla.<\/p>\n\n\n\n<p class=\"wp-block-paragraph\">Esto es historia. Ahora con el INE todo ha cambiado y ya nada de lo anterior existe, pero todav\u00eda no sabemos quienes van a ser los buenos. Empecemos por el TAPADO.<\/p>\n\n\n\n<p class=\"wp-block-paragraph\">.<\/p>\n<div class=\"fb-background-color\">\n\t\t\t  <div \n\t\t\t  \tclass = \"fb-comments\" \n\t\t\t  \tdata-href = \"https:\/\/diarioavanzada.com.mx\/?p=18387\"\n\t\t\t  \tdata-numposts = \"10\"\n\t\t\t  \tdata-lazy = \"true\"\n\t\t\t\tdata-colorscheme = \"light\"\n\t\t\t\tdata-order-by = \"social\"\n\t\t\t\tdata-mobile=true>\n\t\t\t  <\/div><\/div>\n\t\t  <style>\n\t\t    .fb-background-color {\n\t\t\t\tbackground:  !important;\n\t\t\t}\n\t\t\t.fb_iframe_widget_fluid_desktop iframe {\n\t\t\t    width: 100% !important;\n\t\t\t}\n\t\t  <\/style>\n\t\t  ","protected":false},"excerpt":{"rendered":"<p>Escrito por: Ramiro Cisneros Garc\u00eda. En aquellos tiempos y en su momento, tuve la fortuna de leer un poco de lo que escrib\u00eda don Daniel Cosio Villegas en el peri\u00f3dico Exc\u00e9lsior cuando el director era el se\u00f1or, Julio Scherer Garc\u00eda, quien ten\u00eda un excelente equipo de colaboradores. De don Daniel le\u00ed muchos art\u00edculos y algunos [&hellip;]<\/p>\n","protected":false},"author":7,"featured_media":18388,"comment_status":"closed","ping_status":"closed","sticky":false,"template":"","format":"standard","meta":{"_coblocks_attr":"","_coblocks_dimensions":"","_coblocks_responsive_height":"","_coblocks_accordion_ie_support":"","_crdt_document":"","advanced_seo_description":"","jetpack_seo_html_title":"","jetpack_seo_noindex":false,"_jetpack_memberships_contains_paid_content":false,"footnotes":""},"categories":[19,24],"tags":[210],"class_list":["post-18387","post","type-post","status-publish","format-standard","has-post-thumbnail","hentry","category-colima","category-opinion","tag-portada"],"jetpack_featured_media_url":"https:\/\/diarioavanzada.com.mx\/wp-content\/uploads\/2020\/12\/1978781_1076689712344646_2741094963870750315_n.jpg","jetpack-related-posts":[],"jetpack_sharing_enabled":true,"amp_enabled":true,"_links":{"self":[{"href":"https:\/\/diarioavanzada.com.mx\/index.php?rest_route=\/wp\/v2\/posts\/18387","targetHints":{"allow":["GET"]}}],"collection":[{"href":"https:\/\/diarioavanzada.com.mx\/index.php?rest_route=\/wp\/v2\/posts"}],"about":[{"href":"https:\/\/diarioavanzada.com.mx\/index.php?rest_route=\/wp\/v2\/types\/post"}],"author":[{"embeddable":true,"href":"https:\/\/diarioavanzada.com.mx\/index.php?rest_route=\/wp\/v2\/users\/7"}],"replies":[{"embeddable":true,"href":"https:\/\/diarioavanzada.com.mx\/index.php?rest_route=%2Fwp%2Fv2%2Fcomments&post=18387"}],"version-history":[{"count":0,"href":"https:\/\/diarioavanzada.com.mx\/index.php?rest_route=\/wp\/v2\/posts\/18387\/revisions"}],"wp:featuredmedia":[{"embeddable":true,"href":"https:\/\/diarioavanzada.com.mx\/index.php?rest_route=\/wp\/v2\/media\/18388"}],"wp:attachment":[{"href":"https:\/\/diarioavanzada.com.mx\/index.php?rest_route=%2Fwp%2Fv2%2Fmedia&parent=18387"}],"wp:term":[{"taxonomy":"category","embeddable":true,"href":"https:\/\/diarioavanzada.com.mx\/index.php?rest_route=%2Fwp%2Fv2%2Fcategories&post=18387"},{"taxonomy":"post_tag","embeddable":true,"href":"https:\/\/diarioavanzada.com.mx\/index.php?rest_route=%2Fwp%2Fv2%2Ftags&post=18387"}],"curies":[{"name":"wp","href":"https:\/\/api.w.org\/{rel}","templated":true}]}}