{"id":18327,"date":"2020-12-18T11:38:31","date_gmt":"2020-12-18T17:38:31","guid":{"rendered":"https:\/\/diarioavanzada.com.mx\/?p=18327"},"modified":"2020-12-18T11:38:33","modified_gmt":"2020-12-18T17:38:33","slug":"congreso-autoriza-desincorporar-predio-del-gobierno-estatal-por-adquisicion-de-obra-de-arte-sueno-igneo","status":"publish","type":"post","link":"https:\/\/diarioavanzada.com.mx\/?p=18327","title":{"rendered":"Congreso autoriza desincorporar predio del Gobierno Estatal por adquisici\u00f3n de obra de arte \u201cSue\u00f1o \u00cdgneo\u201d"},"content":{"rendered":"\n<p class=\"wp-block-paragraph\">Colima, M\u00e9xico, Comunicado (18\/12\/2020).- El Congreso del Estado autoriz\u00f3 al titular del Poder Ejecutivo del Estado, la desincorporaci\u00f3n del patrimonio inmobiliario del Gobierno del Estado, del bien inmueble correspondiente a una fracci\u00f3n con una superficie de 1 mil metros cuadrados, ubicado sobre la Avenida Leonardo Bravo S\/N, de la Colonia L\u00e1zaro C\u00e1rdenas, de la ciudad de Colima, por la adquisici\u00f3n de la obra de arte denominada \u201cSue\u00f1o \u00cdgneo\u201d, de la autor\u00eda del artista colimense Jos\u00e9 Tejeda Le\u00f3n.<\/p>\n\n\n\n<p class=\"wp-block-paragraph\">El dictamen que fue le\u00eddo en tribuna por el Diputado Guillermo Toscano Reyes y enseguida por el Diputado Francisco Javier Rodr\u00edguez Garc\u00eda, y aprobado por las y los legisladores, se autoriz\u00f3 al Titular del Poder Ejecutivo del Estado para llevar a cabo la enajenaci\u00f3n del bien inmueble, por la adquisici\u00f3n de la obra de arte denominada &#8220;Sue\u00f1o \u00cdgneo&#8221;, autor\u00eda del artista colimense Jos\u00e9 Tejeda Le\u00f3n, a fin de que esta obra de arte sea expuesta, conservada y protegida en el museo que ocupar\u00e1 las renovadas instalaciones de Palacio de Gobierno.<\/p>\n\n\n\n<p class=\"wp-block-paragraph\">Lo anterior, con el objetivo de generar un beneficio al inter\u00e9s p\u00fablico, y a los derechos culturales de la sociedad colimense.<\/p>\n\n\n\n<p class=\"wp-block-paragraph\">El Diputado Guillermo Toscano dijo que la mencionada obra cuenta con las siguientes caracter\u00edsticas: T\u00e9cnica: Elaborada con M\u00e1rmol de Carrara (esculpido en una sola pieza), Dimensiones: De 100cms de ancho * 220cms de alto * 90cms de grosor, Peso: 3000 kilogramos, Fecha de producci\u00f3n: 2016, Lugar de producci\u00f3n: Laboratorio Artistici Nicoli (Massa Carrara-Toscana, Italia) y Aval\u00fao: 3 millones de pesos.<\/p>\n\n\n\n<p class=\"wp-block-paragraph\">Manifest\u00f3 que se autoriza al Titular del Poder Ejecutivo, al Secretario General de Gobierno, al Consejero Jur\u00eddico del Poder Ejecutivo y al Secretario de Infraestructura y Desarrollo Urbano, para que suscriban la escritura p\u00fablica correspondiente y celebren cualquier otro acto jur\u00eddico necesario para llevar a cabo los tr\u00e1mites correspondientes a los actos jur\u00eddicos ya citados.<\/p>\n\n\n\n<p class=\"wp-block-paragraph\">&nbsp;A su vez, el diputado Francisco Javier Rodr\u00edguez Garc\u00eda, se\u00f1al\u00f3 que la enajenaci\u00f3n del bien inmueble se autoriza con la finalidad de que el artista impulse y promueva actividades culturales de manera permanente en aras de fortalecer el desarrollo de proyectos art\u00edsticos que privilegien a los artistas locales del Estado de Colima.<\/p>\n\n\n\n<p class=\"wp-block-paragraph\">Agreg\u00f3 que con ello se mejora la infraestructura ante la generaci\u00f3n de nuevas modalidades de espacios comunitarios para el desarrollo cultural, implementando el proyecto de adecuar el predio en instalaciones (taller) para el trabajo de piezas de escultura.<\/p>\n\n\n\n<p class=\"wp-block-paragraph\">\u201cAdem\u00e1s se impartan charlas, mesas de an\u00e1lisis sobre temas de arte e inter\u00e9s general; se proyecten pel\u00edculas de cine de autor y documentales; y se lleven a cabo clubes de lectura y presentaciones de libros\u201d.&nbsp;<\/p>\n\n\n\n<p class=\"wp-block-paragraph\">Mencion\u00f3 que ser\u00e1 el Gobierno del Estado, por conducto de la Secretar\u00eda de Cultura, quien verifique el cumplimiento de la finalidad expuesta, otorgando para ello un plazo razonable; pero que, en caso de incumplimiento, quedar\u00e1 sin efecto el acto jur\u00eddico que formaliza la enajenaci\u00f3n, reserv\u00e1ndose las partes las acciones legales procedentes para tal efecto.&nbsp;<\/p>\n\n\n\n<p class=\"wp-block-paragraph\">El legislador se\u00f1al\u00f3 que la entrega material de los bienes, la Secretar\u00eda de Infraestructura y Desarrollo Urbano en coordinaci\u00f3n con la Secretar\u00eda de Cultura, levantar\u00e1n el acta respectiva y se har\u00e1 llegar al Poder Legislativo del Estado de Colima una copia certificada de la misma por el Titular del Poder Ejecutivo, a efecto de que se anexe al Decreto, para constancia de su cumplimiento.<\/p>\n\n\n\n<p class=\"wp-block-paragraph\"><\/p>\n<div class=\"fb-background-color\">\n\t\t\t  <div \n\t\t\t  \tclass = \"fb-comments\" \n\t\t\t  \tdata-href = \"https:\/\/diarioavanzada.com.mx\/?p=18327\"\n\t\t\t  \tdata-numposts = \"10\"\n\t\t\t  \tdata-lazy = \"true\"\n\t\t\t\tdata-colorscheme = \"light\"\n\t\t\t\tdata-order-by = \"social\"\n\t\t\t\tdata-mobile=true>\n\t\t\t  <\/div><\/div>\n\t\t  <style>\n\t\t    .fb-background-color {\n\t\t\t\tbackground:  !important;\n\t\t\t}\n\t\t\t.fb_iframe_widget_fluid_desktop iframe {\n\t\t\t    width: 100% !important;\n\t\t\t}\n\t\t  <\/style>\n\t\t  ","protected":false},"excerpt":{"rendered":"<p>Colima, M\u00e9xico, Comunicado (18\/12\/2020).- El Congreso del Estado autoriz\u00f3 al titular del Poder Ejecutivo del Estado, la desincorporaci\u00f3n del patrimonio inmobiliario del Gobierno del Estado, del bien inmueble correspondiente a una fracci\u00f3n con una superficie de 1 mil metros cuadrados, ubicado sobre la Avenida Leonardo Bravo S\/N, de la Colonia L\u00e1zaro C\u00e1rdenas, de la ciudad [&hellip;]<\/p>\n","protected":false},"author":7,"featured_media":18328,"comment_status":"closed","ping_status":"closed","sticky":false,"template":"","format":"standard","meta":{"_coblocks_attr":"","_coblocks_dimensions":"","_coblocks_responsive_height":"","_coblocks_accordion_ie_support":"","_crdt_document":"","advanced_seo_description":"","jetpack_seo_html_title":"","jetpack_seo_noindex":false,"_jetpack_memberships_contains_paid_content":false,"footnotes":""},"categories":[19],"tags":[],"class_list":["post-18327","post","type-post","status-publish","format-standard","has-post-thumbnail","hentry","category-colima"],"jetpack_featured_media_url":"https:\/\/diarioavanzada.com.mx\/wp-content\/uploads\/2020\/12\/image-101.png","jetpack-related-posts":[],"jetpack_sharing_enabled":true,"amp_enabled":true,"_links":{"self":[{"href":"https:\/\/diarioavanzada.com.mx\/index.php?rest_route=\/wp\/v2\/posts\/18327","targetHints":{"allow":["GET"]}}],"collection":[{"href":"https:\/\/diarioavanzada.com.mx\/index.php?rest_route=\/wp\/v2\/posts"}],"about":[{"href":"https:\/\/diarioavanzada.com.mx\/index.php?rest_route=\/wp\/v2\/types\/post"}],"author":[{"embeddable":true,"href":"https:\/\/diarioavanzada.com.mx\/index.php?rest_route=\/wp\/v2\/users\/7"}],"replies":[{"embeddable":true,"href":"https:\/\/diarioavanzada.com.mx\/index.php?rest_route=%2Fwp%2Fv2%2Fcomments&post=18327"}],"version-history":[{"count":0,"href":"https:\/\/diarioavanzada.com.mx\/index.php?rest_route=\/wp\/v2\/posts\/18327\/revisions"}],"wp:featuredmedia":[{"embeddable":true,"href":"https:\/\/diarioavanzada.com.mx\/index.php?rest_route=\/wp\/v2\/media\/18328"}],"wp:attachment":[{"href":"https:\/\/diarioavanzada.com.mx\/index.php?rest_route=%2Fwp%2Fv2%2Fmedia&parent=18327"}],"wp:term":[{"taxonomy":"category","embeddable":true,"href":"https:\/\/diarioavanzada.com.mx\/index.php?rest_route=%2Fwp%2Fv2%2Fcategories&post=18327"},{"taxonomy":"post_tag","embeddable":true,"href":"https:\/\/diarioavanzada.com.mx\/index.php?rest_route=%2Fwp%2Fv2%2Ftags&post=18327"}],"curies":[{"name":"wp","href":"https:\/\/api.w.org\/{rel}","templated":true}]}}