{"id":18186,"date":"2020-12-15T07:56:23","date_gmt":"2020-12-15T13:56:23","guid":{"rendered":"https:\/\/diarioavanzada.com.mx\/?p=18186"},"modified":"2020-12-15T07:56:25","modified_gmt":"2020-12-15T13:56:25","slug":"entrega-titular-del-osafig-informe-de-labores-2020","status":"publish","type":"post","link":"https:\/\/diarioavanzada.com.mx\/?p=18186","title":{"rendered":"Entrega titular del Osafig Informe de labores 2020"},"content":{"rendered":"\n<p class=\"wp-block-paragraph\">Colima, M\u00e9xico, Comunicado (15\/12\/2020).- En cumplimiento a lo que estipula la Ley, la Auditora Superior del Estado, Indira Isabel Garc\u00eda P\u00e9rez, entreg\u00f3 a la LIX Legislatura, el informe del \u00d3rgano Superior de Auditor\u00eda y Fiscalizaci\u00f3n Gubernamental (Osafig), correspondiente al Ejercicio Fiscal 2020 para su an\u00e1lisis correspondiente.<\/p>\n\n\n\n<p class=\"wp-block-paragraph\">En la Sala de Juntas \u201cGral. Francisco J. M\u00fagica\u201d, el presidente de la Comisi\u00f3n de Hacienda, Presupuesto y Fiscalizaci\u00f3n de los Recursos P\u00fablicos, Diputado Julio Anguiano Urbina y la presidenta de la Mesa Directiva del Poder Legislativo, Diputada Rosalva Far\u00edas Larios, fueron los encargados de recibir el documento en el que se estipulan las metas alcanzadas, los objetivos cumplidos y los avances administrativos en materia de fiscalizaci\u00f3n logrados durante el 2020 por parte de OSAFIG, posicion\u00e1ndolo como un ente fiscalizador a la vanguardia y que cumple cabalmente su labor y responsabilidad mandatada por la ley en la materia.<\/p>\n\n\n\n<p class=\"wp-block-paragraph\">En este sentido, el Diputado Julio Anguiano, presidente de la Comisi\u00f3n de Hacienda, se\u00f1al\u00f3, \u201cnos hizo entrega de su informe anual de actividades y se har\u00e1 p\u00fablico a partir de hoy, a fin de que todos los ciudadanos puedan tener acceso a esta informaci\u00f3n de las actividades que realiza el OSAFIG en materia de fiscalizaci\u00f3n durante este a\u00f1o&#8221;.<\/p>\n\n\n\n<p class=\"wp-block-paragraph\">El legislador tecomense, manifest\u00f3 que con este acto, se cumple correctamente con la responsabilidad que la propia ley en la materia le confiere y mandata a OSAFIG: \u201cestaremos siempre a favor de la rendici\u00f3n de cuentas, en la transparencia y la fiscalizaci\u00f3n en el ejercicio del gasto, por ello el reconocimiento a la Auditora Superior por su destacada gesti\u00f3n al frente de este organismo\u201d.<\/p>\n\n\n\n<p class=\"wp-block-paragraph\">Expres\u00f3 como muy importante, haber recibido la informaci\u00f3n y por supuesto, adelant\u00f3 que se seguir\u00e1 trabajando de la mano con el OSAFIG.<\/p>\n\n\n\n<p class=\"wp-block-paragraph\"><\/p>\n\n\n\n<figure class=\"wp-block-image size-large\"><img loading=\"lazy\" decoding=\"async\" width=\"680\" height=\"400\" src=\"https:\/\/diarioavanzada.com.mx\/wp-content\/uploads\/2020\/12\/image-60.png\" alt=\"\" class=\"wp-image-18187\" srcset=\"https:\/\/diarioavanzada.com.mx\/wp-content\/uploads\/2020\/12\/image-60.png 680w, https:\/\/diarioavanzada.com.mx\/wp-content\/uploads\/2020\/12\/image-60-300x176.png 300w\" sizes=\"auto, (max-width: 680px) 100vw, 680px\" \/><\/figure>\n<div class=\"fb-background-color\">\n\t\t\t  <div \n\t\t\t  \tclass = \"fb-comments\" \n\t\t\t  \tdata-href = \"https:\/\/diarioavanzada.com.mx\/?p=18186\"\n\t\t\t  \tdata-numposts = \"10\"\n\t\t\t  \tdata-lazy = \"true\"\n\t\t\t\tdata-colorscheme = \"light\"\n\t\t\t\tdata-order-by = \"social\"\n\t\t\t\tdata-mobile=true>\n\t\t\t  <\/div><\/div>\n\t\t  <style>\n\t\t    .fb-background-color {\n\t\t\t\tbackground:  !important;\n\t\t\t}\n\t\t\t.fb_iframe_widget_fluid_desktop iframe {\n\t\t\t    width: 100% !important;\n\t\t\t}\n\t\t  <\/style>\n\t\t  ","protected":false},"excerpt":{"rendered":"<p>Colima, M\u00e9xico, Comunicado (15\/12\/2020).- En cumplimiento a lo que estipula la Ley, la Auditora Superior del Estado, Indira Isabel Garc\u00eda P\u00e9rez, entreg\u00f3 a la LIX Legislatura, el informe del \u00d3rgano Superior de Auditor\u00eda y Fiscalizaci\u00f3n Gubernamental (Osafig), correspondiente al Ejercicio Fiscal 2020 para su an\u00e1lisis correspondiente. En la Sala de Juntas \u201cGral. Francisco J. M\u00fagica\u201d, [&hellip;]<\/p>\n","protected":false},"author":7,"featured_media":18187,"comment_status":"closed","ping_status":"closed","sticky":false,"template":"","format":"standard","meta":{"_coblocks_attr":"","_coblocks_dimensions":"","_coblocks_responsive_height":"","_coblocks_accordion_ie_support":"","_crdt_document":"","advanced_seo_description":"","jetpack_seo_html_title":"","jetpack_seo_noindex":false,"_jetpack_memberships_contains_paid_content":false,"footnotes":""},"categories":[7],"tags":[],"class_list":["post-18186","post","type-post","status-publish","format-standard","has-post-thumbnail","hentry","category-noticias"],"jetpack_featured_media_url":"https:\/\/diarioavanzada.com.mx\/wp-content\/uploads\/2020\/12\/image-60.png","jetpack-related-posts":[],"jetpack_sharing_enabled":true,"amp_enabled":true,"_links":{"self":[{"href":"https:\/\/diarioavanzada.com.mx\/index.php?rest_route=\/wp\/v2\/posts\/18186","targetHints":{"allow":["GET"]}}],"collection":[{"href":"https:\/\/diarioavanzada.com.mx\/index.php?rest_route=\/wp\/v2\/posts"}],"about":[{"href":"https:\/\/diarioavanzada.com.mx\/index.php?rest_route=\/wp\/v2\/types\/post"}],"author":[{"embeddable":true,"href":"https:\/\/diarioavanzada.com.mx\/index.php?rest_route=\/wp\/v2\/users\/7"}],"replies":[{"embeddable":true,"href":"https:\/\/diarioavanzada.com.mx\/index.php?rest_route=%2Fwp%2Fv2%2Fcomments&post=18186"}],"version-history":[{"count":0,"href":"https:\/\/diarioavanzada.com.mx\/index.php?rest_route=\/wp\/v2\/posts\/18186\/revisions"}],"wp:featuredmedia":[{"embeddable":true,"href":"https:\/\/diarioavanzada.com.mx\/index.php?rest_route=\/wp\/v2\/media\/18187"}],"wp:attachment":[{"href":"https:\/\/diarioavanzada.com.mx\/index.php?rest_route=%2Fwp%2Fv2%2Fmedia&parent=18186"}],"wp:term":[{"taxonomy":"category","embeddable":true,"href":"https:\/\/diarioavanzada.com.mx\/index.php?rest_route=%2Fwp%2Fv2%2Fcategories&post=18186"},{"taxonomy":"post_tag","embeddable":true,"href":"https:\/\/diarioavanzada.com.mx\/index.php?rest_route=%2Fwp%2Fv2%2Ftags&post=18186"}],"curies":[{"name":"wp","href":"https:\/\/api.w.org\/{rel}","templated":true}]}}