{"id":18178,"date":"2020-12-15T07:22:08","date_gmt":"2020-12-15T13:22:08","guid":{"rendered":"https:\/\/diarioavanzada.com.mx\/?p=18178"},"modified":"2020-12-15T07:22:47","modified_gmt":"2020-12-15T13:22:47","slug":"se-perdieron-2-mil-243-empleos-formales-en-colima-durante-2020","status":"publish","type":"post","link":"https:\/\/diarioavanzada.com.mx\/?p=18178","title":{"rendered":"Se perdieron 2 mil 243 empleos formales en Colima durante 2020"},"content":{"rendered":"\n<p class=\"wp-block-paragraph\">Colima, M\u00e9xico, Avanzada (15\/12\/2020).- En lo que va del presente a\u00f1o, del 1 de enero al 30 de noviembre, se han perdido 2 mil 243 empleos formales en el estado de Colima, de acuerdo con datos de los registros laborales del Instituto Mexicano del Seguro Social (IMSS).<\/p>\n\n\n\n<p class=\"wp-block-paragraph\">En este periodo s\u00f3lo siete entidades federativas registraron un aumento en el n\u00famero de nuevos empleos: Baja California (47,703), Chihuahua (22,584), Tabasco (5,602), Sonora (3,177), Sinaloa (2,594), Durango (1,231) y Michoac\u00e1n (53).<\/p>\n\n\n\n<p class=\"wp-block-paragraph\">El resto de las entidades del pa\u00eds perdieron empleos en los primeros once meses del a\u00f1o, cuatro de ellas con cifras menores a las de Colima, entre ellas Tlaxcala, con una disminuci\u00f3n de 1,035 empleos perdidos; Zacatecas, 1,273; Aguascalientes, 1,277; y San Luis Potos\u00ed, 1,794.<\/p>\n\n\n\n<p class=\"wp-block-paragraph\">Entre los estados que perdieron m\u00e1s empleos que Colima se encuentran Ciudad de M\u00e9xico, con 160 mil 323; Quintana Roo, 93 mil 109; Puebla, 33 mil 504; Veracruz, 26 mil 550; Guanajuato, 20 mil 594; Yucat\u00e1n, 16 mil 847; Guerrero, 11 mil 823; Sinaloa, 11,545; Coahuila, 9 mil 589; Tamaulipas, 7 mil 622; Jalisco, 7 mil 430; Campeche, 7 mil 062; y Estado de M\u00e9xico, 6 mil 919.<\/p>\n\n\n\n<p class=\"wp-block-paragraph\">En los \u00faltimos cuatro meses, seg\u00fan las cifras de registros laborales de las delegaciones del IMSS, Colima gener\u00f3 1,738 nuevos empleos, con los que ocup\u00f3 el \u00faltimo lugar en la lista de estados de la rep\u00fablica en este rubro, mientras que de ellos 790 correspondieron al mes de noviembre.<\/p>\n\n\n\n<p class=\"wp-block-paragraph\">El d\u00e9ficit anual de 2 mil 243 empleos en Colima a lo largo del periodo enero-noviembre de 2020, obedece a que los meses de marzo a julio fueron los m\u00e1s duros de la pandemia en materia laboral, pero en los siguientes meses empez\u00f3 a notarse una recuperaci\u00f3n, pero todav\u00eda permanecen las cifras negativas.<\/p>\n\n\n\n<p class=\"wp-block-paragraph\">En el \u00faltimo cuatrimestre, de agosto a noviembre, el estado de Jalisco encabez\u00f3 la lista nacional en materia de generaci\u00f3n de empleos, con un total de 62 mil 634, seguido por Nuevo Le\u00f3n, con 61 mil 864, Ciudad de M\u00e9xico (52 mil 643), Estado de M\u00e9xico (39 mil 824), Sinaloa (35 mil 969), Baja California (28 mil 269).<\/p>\n\n\n\n<p class=\"wp-block-paragraph\">Los empleos contabilizados como perdidos corresponden \u00fanicamente a los de aquellos trabajadores que contaban con la prestaci\u00f3n del IMSS y fueron desafiliados, pero no se cuentan todos aquellos de trabajadores que laboraban en la informalidad o por su cuenta, muchos de los cuales tambi\u00e9n se han visto afectados durante el periodo de pandemia.<\/p>\n\n\n\n<p class=\"wp-block-paragraph\"><em>*Fotograf\u00eda ilustrativa.<\/em><\/p>\n<div class=\"fb-background-color\">\n\t\t\t  <div \n\t\t\t  \tclass = \"fb-comments\" \n\t\t\t  \tdata-href = \"https:\/\/diarioavanzada.com.mx\/?p=18178\"\n\t\t\t  \tdata-numposts = \"10\"\n\t\t\t  \tdata-lazy = \"true\"\n\t\t\t\tdata-colorscheme = \"light\"\n\t\t\t\tdata-order-by = \"social\"\n\t\t\t\tdata-mobile=true>\n\t\t\t  <\/div><\/div>\n\t\t  <style>\n\t\t    .fb-background-color {\n\t\t\t\tbackground:  !important;\n\t\t\t}\n\t\t\t.fb_iframe_widget_fluid_desktop iframe {\n\t\t\t    width: 100% !important;\n\t\t\t}\n\t\t  <\/style>\n\t\t  ","protected":false},"excerpt":{"rendered":"<p>Colima, M\u00e9xico, Avanzada (15\/12\/2020).- En lo que va del presente a\u00f1o, del 1 de enero al 30 de noviembre, se han perdido 2 mil 243 empleos formales en el estado de Colima, de acuerdo con datos de los registros laborales del Instituto Mexicano del Seguro Social (IMSS). En este periodo s\u00f3lo siete entidades federativas registraron [&hellip;]<\/p>\n","protected":false},"author":7,"featured_media":18179,"comment_status":"closed","ping_status":"closed","sticky":false,"template":"","format":"standard","meta":{"_coblocks_attr":"","_coblocks_dimensions":"","_coblocks_responsive_height":"","_coblocks_accordion_ie_support":"","_crdt_document":"","advanced_seo_description":"","jetpack_seo_html_title":"","jetpack_seo_noindex":false,"_jetpack_memberships_contains_paid_content":false,"footnotes":""},"categories":[19],"tags":[210],"class_list":["post-18178","post","type-post","status-publish","format-standard","has-post-thumbnail","hentry","category-colima","tag-portada"],"jetpack_featured_media_url":"https:\/\/diarioavanzada.com.mx\/wp-content\/uploads\/2020\/12\/image-59.png","jetpack-related-posts":[],"jetpack_sharing_enabled":true,"amp_enabled":true,"_links":{"self":[{"href":"https:\/\/diarioavanzada.com.mx\/index.php?rest_route=\/wp\/v2\/posts\/18178","targetHints":{"allow":["GET"]}}],"collection":[{"href":"https:\/\/diarioavanzada.com.mx\/index.php?rest_route=\/wp\/v2\/posts"}],"about":[{"href":"https:\/\/diarioavanzada.com.mx\/index.php?rest_route=\/wp\/v2\/types\/post"}],"author":[{"embeddable":true,"href":"https:\/\/diarioavanzada.com.mx\/index.php?rest_route=\/wp\/v2\/users\/7"}],"replies":[{"embeddable":true,"href":"https:\/\/diarioavanzada.com.mx\/index.php?rest_route=%2Fwp%2Fv2%2Fcomments&post=18178"}],"version-history":[{"count":0,"href":"https:\/\/diarioavanzada.com.mx\/index.php?rest_route=\/wp\/v2\/posts\/18178\/revisions"}],"wp:featuredmedia":[{"embeddable":true,"href":"https:\/\/diarioavanzada.com.mx\/index.php?rest_route=\/wp\/v2\/media\/18179"}],"wp:attachment":[{"href":"https:\/\/diarioavanzada.com.mx\/index.php?rest_route=%2Fwp%2Fv2%2Fmedia&parent=18178"}],"wp:term":[{"taxonomy":"category","embeddable":true,"href":"https:\/\/diarioavanzada.com.mx\/index.php?rest_route=%2Fwp%2Fv2%2Fcategories&post=18178"},{"taxonomy":"post_tag","embeddable":true,"href":"https:\/\/diarioavanzada.com.mx\/index.php?rest_route=%2Fwp%2Fv2%2Ftags&post=18178"}],"curies":[{"name":"wp","href":"https:\/\/api.w.org\/{rel}","templated":true}]}}