{"id":17497,"date":"2020-11-14T07:13:01","date_gmt":"2020-11-14T13:13:01","guid":{"rendered":"https:\/\/diarioavanzada.com.mx\/?p=17497"},"modified":"2020-11-14T07:13:03","modified_gmt":"2020-11-14T13:13:03","slug":"ayuntamientos-presentan-a-diputados-proyectos-de-ley-de-ingresos-para-2021","status":"publish","type":"post","link":"https:\/\/diarioavanzada.com.mx\/?p=17497","title":{"rendered":"Ayuntamientos presentan a diputados proyectos de Ley de Ingresos para 2021"},"content":{"rendered":"\n<p class=\"wp-block-paragraph\">Colima, M\u00e9xico, Comunicado (14\/11\/2020).- El presidente de la Comisi\u00f3n de Hacienda, Presupuesto y Fiscalizaci\u00f3n de los Recursos P\u00fablicos, diputado Julio Anguiano Urbina, junto con el presidente del Congreso del Estado, Francisco Javier Rodr\u00edguez Garc\u00eda y diputadas y diputados, encabezaron 5 reuniones de trabajo con servidores p\u00fablicos de los ayuntamientos de Cuauht\u00e9moc, Manzanillo, Tecom\u00e1n, Villa de \u00c1lvarez y Colima quienes expusieron sus proyectos de Leyes de Ingresos para el 2021.<\/p>\n\n\n\n<p class=\"wp-block-paragraph\">En la primera reuni\u00f3n de trabajo con el alcalde de Cuauht\u00e9moc Rafael Mendoza, explic\u00f3 que para el siguiente a\u00f1o se contempla para ese municipio una Ley de Ingresos por 142 millones 77 mil 522.09 pesos, que significa un incremento del 3.48% respecto a la del presente a\u00f1o.&nbsp;<\/p>\n\n\n\n<p class=\"wp-block-paragraph\">El alcalde adelant\u00f3 que para el 2021, no se contempla solicitar cr\u00e9ditos, crear nuevos impuestos, incrementar los que hay o vender alg\u00fan inmueble, adem\u00e1s dijo que se contempla un incremento salarial del 3.48%.<\/p>\n\n\n\n<p class=\"wp-block-paragraph\">El alcalde estuvo acompa\u00f1ado por su Tesorera Diana M\u00e9ndez C\u00e1rdenas y el director del Organismo Operador de Agua Potable y Alcantarillado Nicol\u00e1s Grajeda D\u00edaz.<\/p>\n\n\n\n<p class=\"wp-block-paragraph\"><strong>AYUNTAMIENTO DE MANZANILLO<\/strong><\/p>\n\n\n\n<p class=\"wp-block-paragraph\">El tesorero de Manzanillo Eduardo Camarena Berra present\u00f3 su propuesta de Ley de Ingresos para el 2021, la cual contempla 1 mil 109 millones 812 mil 972.70 pesos, y en la que asegur\u00f3 que no se contempla incrementar, ni crear m\u00e1s impuestos, como tampoco la venta de inmuebles.&nbsp;<\/p>\n\n\n\n<p class=\"wp-block-paragraph\">Inform\u00f3 que para el 2021 se contempla una reducci\u00f3n en las participaciones y aportaciones federales de alrededor de 39 millones de pesos, pues en este a\u00f1o se recibieron, m\u00e1s de 741 millones de pesos y para el siguiente, de acuerdo con las estimaciones, ser\u00e1n poco m\u00e1s de 702 millones de pesos.<\/p>\n\n\n\n<p class=\"wp-block-paragraph\">Mencion\u00f3 que para el siguiente a\u00f1o se contempla una mayor recaudaci\u00f3n de impuestos, con diversas estrategias y est\u00edmulos, \u00e9sta se prev\u00e9 de 275 millones 864 mil pesos, mientras que en este a\u00f1o fue de 267 millones 382 mil pesos.<\/p>\n\n\n\n<p class=\"wp-block-paragraph\">En lo que respecta al Organismo Operador de Agua Potable y Alcantarillado su directora Martha Valenzuela inform\u00f3 que para el siguiente a\u00f1o se contempla una Ley de Ingresos de 257 millones 185 mil 760.27 pesos.&nbsp;<\/p>\n\n\n\n<p class=\"wp-block-paragraph\">Sobre la participaci\u00f3n aduanal se estima una recaudaci\u00f3n de 126 millones 178 mil pesos, cifra que se consider\u00f3 baja debido a los grandes dividendos que surgen de la actividad Portuaria.&nbsp;<\/p>\n\n\n\n<p class=\"wp-block-paragraph\"><strong>AYUNTAMIENTO DE TECOM\u00c1N<\/strong><\/p>\n\n\n\n<p class=\"wp-block-paragraph\">En el turno del Ayuntamiento de Tecom\u00e1n, el tesorero J. Jes\u00fas Rojas Ferm\u00edn mencion\u00f3 que para el 2021 se contempla un incremento del 2.62% es decir 498 millones 200 mil pesos, y que se contempla un cr\u00e9dito a corto plazo de 28 millones 200 mil pesos.<\/p>\n\n\n\n<p class=\"wp-block-paragraph\">Mencion\u00f3 que no se crear\u00e1n nuevos impuestos, y que los que ya se cobran s\u00f3lo se incrementar\u00e1n de acuerdo con el comportamiento de la inflaci\u00f3n y de las Unidades de Medidas de Actualizaci\u00f3n (UMA).<\/p>\n\n\n\n<p class=\"wp-block-paragraph\">Asegur\u00f3 que tampoco se contempla para el 2021 la venta de inmuebles para generar recursos para la comuna tecomense.<\/p>\n\n\n\n<p class=\"wp-block-paragraph\"><strong>AYUNTAMIENTO DE VILLA DE \u00c1LVAREZ<\/strong><\/p>\n\n\n\n<p class=\"wp-block-paragraph\">Por el Ayuntamiento de Villa de \u00c1lvarez, fue el alcalde Felipe Cruz Calvario, el tesorero Francisco Jos\u00e9 Amezcua Delgado, el director de ingresos Marco Salas y la S\u00edndica Karina Heredia quienes presentaron la propuesta de su ley de ingresos para el siguiente a\u00f1o, en la que se contemplan 471 millones 866 mil 883.23 pesos.<\/p>\n\n\n\n<p class=\"wp-block-paragraph\">Dicha cantidad representa s\u00f3lo un incremento del 0.9% con respecto al 2020.<\/p>\n\n\n\n<p class=\"wp-block-paragraph\">A decir del director de Ingresos Marco Salas la situaci\u00f3n para el rubro de Seguridad ser\u00e1 complicada para el 2021, pues este a\u00f1o por el FORTASEG se cont\u00f3 con 10 millones de pesos, de los cuales 2.5 millones de pesos fueron del Ayuntamiento, &#8220;pero se elimina para el 2021&#8221;, y aunado a la disminuci\u00f3n de 4.5 millones de pesos del Fortamun para el siguiente a\u00f1o, ser\u00e1n 7 millones de pesos que deber\u00e1n programarse del presupuesto general en detrimento de servicios que provee la entidad municipal.<\/p>\n\n\n\n<p class=\"wp-block-paragraph\">Al abundar la informaci\u00f3n, el alcalde Felipe Cruz, dijo que tan solo en uniformes durante este 2020 se erogaron 2.5 millones de pesos, &#8220;para el 2021 ser\u00e1 muy complicado&#8221;.<\/p>\n\n\n\n<p class=\"wp-block-paragraph\">Explic\u00f3 que se llevaba un buen avance para completar el estado de fuerza de la corporaci\u00f3n, pero con la disminuci\u00f3n ser\u00e1 dif\u00edcil seguir con ese ritmo, &#8220;ya no pudimos hacer contrataciones y hay agentes que no traen armas&#8221;.<\/p>\n\n\n\n<p class=\"wp-block-paragraph\">El presidente municipal dijo estar en serios aprietos econ\u00f3micos, por lo que s\u00ed se considerar\u00eda contratar un pr\u00e9stamo a corto plazo, que, de acuerdo con la ley de disciplina financiera, deber\u00e1 quedar solventado en julio del siguiente a\u00f1o, es decir 3 meses antes de que concluya la administraci\u00f3n municipal.<\/p>\n\n\n\n<p class=\"wp-block-paragraph\">No obstante, la dif\u00edcil situaci\u00f3n econ\u00f3mica, dej\u00f3 claro que no se crear\u00e1n nuevos impuestos, ni se incrementar\u00e1n los ya existentes, solo el aumento que a\u00f1o con a\u00f1o se tiene previsto de acuerdo con la inflaci\u00f3n y la actualizaci\u00f3n de las UMAS, \u201cseguiremos trabajando en la recaudaci\u00f3n, hemos tenido buenos resultados pues durante este a\u00f1o trabajamos en el tema de la actualizaci\u00f3n de predios, y as\u00ed lo seguiremos haciendo\u201d.<\/p>\n\n\n\n<p class=\"wp-block-paragraph\">Cruz Calvario, respondi\u00f3 al presidente de la Comisi\u00f3n de Hacienda, Presupuesto y Fiscalizaci\u00f3n de los Recursos P\u00fablicos, diputado Julio Anguiano Urbina que para el siguiente a\u00f1o s\u00ed se contempla la venta de alg\u00fan inmueble \u201cpues la situaci\u00f3n econ\u00f3mica del ayuntamiento desde el 2018 es muy grave\u201d.<\/p>\n\n\n\n<p class=\"wp-block-paragraph\">A pesar de ello, destac\u00f3 que va al corriente con los pagos hacia los trabajadores, en Pensiones y sus prestaciones, que no se pretenden dejar adeudos, sin embargo dijo que la situaci\u00f3n de los laudos que mantiene el ayuntamiento s\u00ed sobrepasan la capacidad econ\u00f3mica de \u00e9ste, \u201ces de m\u00e1s de 400 trabajadores, es algo indefendible que tendremos qu\u00e9 pactar, pues desde hace 8 a\u00f1os se les qued\u00f3 a deber pensiones, cr\u00e9ditos, retenciones sindicales, ISR, a una financiera y a una tienda\u201d.<\/p>\n\n\n\n<p class=\"wp-block-paragraph\">Dijo que, en ese respecto, deben ser alrededor de 140 millones de pesos que se adeudan a los trabajadores, \u201chemos sido responsables en esta administraci\u00f3n, estamos en verde, pero no nos ajusta, tan solo, durante estos 2 a\u00f1os, hemos solventado pasivos de entre 35 y 40 millones de pesos\u201d.<\/p>\n\n\n\n<p class=\"wp-block-paragraph\"><strong>AYUNTAMIENTO DE COLIMA&nbsp;<\/strong><\/p>\n\n\n\n<p class=\"wp-block-paragraph\">En la \u00faltima de las reuniones de trabajo, toc\u00f3 el turno del ayuntamiento de Colima, a la que asisti\u00f3 el alcalde Leoncio Mor\u00e1n S\u00e1nchez, el tesorero Armando Zamora Gonz\u00e1lez y el director de ingresos Jos\u00e9 Luis Garc\u00eda, donde en su proyecci\u00f3n de Ley de Ingresos para el siguiente a\u00f1o se contempla un incremento del 0.5% respecto a la de este a\u00f1o, es decir 712 millones 105 mil 697.24 pesos.<\/p>\n\n\n\n<p class=\"wp-block-paragraph\">En su oportunidad el alcalde capitalino, mostr\u00f3 su preocupaci\u00f3n sobre el tema de la seguridad para el 2021, debido a la eliminaci\u00f3n del FORTASEG y de la disminuci\u00f3n de recursos que tendr\u00e1 el FORTAMUN.<\/p>\n\n\n\n<p class=\"wp-block-paragraph\">Indic\u00f3 que, en ese sentido, el ayuntamiento de Colima este a\u00f1o tuvo una bolsa de 50 millones de pesos para ese rubro en recursos coparticipables, de los cuales 20 de ellos fueron propios de la comuna, mismos que se utilizaron para certificaciones, equipamiento, armamento, sueldos, prestaciones y dem\u00e1s, \u201cahora es preocupante y habremos de hacer frente a esos compromisos\u201d.<\/p>\n\n\n\n<p class=\"wp-block-paragraph\">Dijo no entender la l\u00f3gica del gobierno federal ante los recortes presupuestales, pues limitan a mejorar las condiciones de estados y municipios, pues tan solo en las reducciones de Participaciones y Aportaciones federales, Colima como municipio dejar\u00e1 de recibir poco m\u00e1s de 5.3 millones de pesos.<\/p>\n\n\n\n<p class=\"wp-block-paragraph\">El tesorero municipal Armando Zamora Gonz\u00e1lez, asegur\u00f3 que la ley de Ingresos para el siguiente a\u00f1o es una propuesta mesurada y responsable acorde a las estimaciones de recaudaci\u00f3n que se tienen.<\/p>\n\n\n\n<p class=\"wp-block-paragraph\">Asegur\u00f3 que no se contempla la creaci\u00f3n de nuevos impuestos, ni de incrementar los ya existentes, solo la actualizaci\u00f3n de las UMAS que a\u00f1o con a\u00f1o se dan, agreg\u00f3 que se estiman, para el siguiente a\u00f1o, m\u00e1s de 14 millones de pesos en venta de muebles e inmuebles.<\/p>\n\n\n\n<p class=\"wp-block-paragraph\">Consider\u00f3 que debido a la pandemia originada por el COVID 19, la recaudaci\u00f3n ser\u00e1 moderada quiz\u00e1 durante el primer semestre del a\u00f1o, sin embargo, anunci\u00f3 que se seguir\u00e1 la estrategia para fomentarla.<\/p>\n\n\n\n<p class=\"wp-block-paragraph\">Por \u00faltimo, el presidente municipal, al retomar el uso de la palabra pidi\u00f3 el apoyo de los diputados de la LIX Legislatura, para que su propuesta sea considerada, pues dijo que finalmente es para la gente del municipio de Colima.<\/p>\n\n\n\n<p class=\"wp-block-paragraph\">En las reuniones de trabajo con servidores p\u00fablicos de los Ayuntamientos estuvieron presentes las diputadas Mar\u00eda Guadalupe Berber Corona, Ma. Remedios Olivera Orozco, Mayra Yuridia Villalvazo Heredia, Lizet Rodr\u00edguez Soriano y los diputados Julio Anguiano Urbina, Francisco Javier Rodr\u00edguez Garc\u00eda, Manuel Rub\u00e9n Cervera Garc\u00eda, Luis Rogelio Salinas, Vladimir Parra Barrag\u00e1n y Guillermo Toscano Reyes.<\/p>\n\n\n\n<figure class=\"wp-block-image size-large\"><img loading=\"lazy\" decoding=\"async\" width=\"680\" height=\"378\" src=\"https:\/\/diarioavanzada.com.mx\/wp-content\/uploads\/2020\/11\/image-194.png\" alt=\"\" class=\"wp-image-17499\" srcset=\"https:\/\/diarioavanzada.com.mx\/wp-content\/uploads\/2020\/11\/image-194.png 680w, https:\/\/diarioavanzada.com.mx\/wp-content\/uploads\/2020\/11\/image-194-300x167.png 300w\" sizes=\"auto, (max-width: 680px) 100vw, 680px\" \/><\/figure>\n<div class=\"fb-background-color\">\n\t\t\t  <div \n\t\t\t  \tclass = \"fb-comments\" \n\t\t\t  \tdata-href = \"https:\/\/diarioavanzada.com.mx\/?p=17497\"\n\t\t\t  \tdata-numposts = \"10\"\n\t\t\t  \tdata-lazy = \"true\"\n\t\t\t\tdata-colorscheme = \"light\"\n\t\t\t\tdata-order-by = \"social\"\n\t\t\t\tdata-mobile=true>\n\t\t\t  <\/div><\/div>\n\t\t  <style>\n\t\t    .fb-background-color {\n\t\t\t\tbackground:  !important;\n\t\t\t}\n\t\t\t.fb_iframe_widget_fluid_desktop iframe {\n\t\t\t    width: 100% !important;\n\t\t\t}\n\t\t  <\/style>\n\t\t  ","protected":false},"excerpt":{"rendered":"<p>Colima, M\u00e9xico, Comunicado (14\/11\/2020).- El presidente de la Comisi\u00f3n de Hacienda, Presupuesto y Fiscalizaci\u00f3n de los Recursos P\u00fablicos, diputado Julio Anguiano Urbina, junto con el presidente del Congreso del Estado, Francisco Javier Rodr\u00edguez Garc\u00eda y diputadas y diputados, encabezaron 5 reuniones de trabajo con servidores p\u00fablicos de los ayuntamientos de Cuauht\u00e9moc, Manzanillo, Tecom\u00e1n, Villa de [&hellip;]<\/p>\n","protected":false},"author":7,"featured_media":17498,"comment_status":"closed","ping_status":"closed","sticky":false,"template":"","format":"standard","meta":{"_coblocks_attr":"","_coblocks_dimensions":"","_coblocks_responsive_height":"","_coblocks_accordion_ie_support":"","_crdt_document":"","advanced_seo_description":"","jetpack_seo_html_title":"","jetpack_seo_noindex":false,"_jetpack_memberships_contains_paid_content":false,"footnotes":""},"categories":[21],"tags":[],"class_list":["post-17497","post","type-post","status-publish","format-standard","has-post-thumbnail","hentry","category-municipios"],"jetpack_featured_media_url":"https:\/\/diarioavanzada.com.mx\/wp-content\/uploads\/2020\/11\/image-193.png","jetpack-related-posts":[],"jetpack_sharing_enabled":true,"amp_enabled":true,"_links":{"self":[{"href":"https:\/\/diarioavanzada.com.mx\/index.php?rest_route=\/wp\/v2\/posts\/17497","targetHints":{"allow":["GET"]}}],"collection":[{"href":"https:\/\/diarioavanzada.com.mx\/index.php?rest_route=\/wp\/v2\/posts"}],"about":[{"href":"https:\/\/diarioavanzada.com.mx\/index.php?rest_route=\/wp\/v2\/types\/post"}],"author":[{"embeddable":true,"href":"https:\/\/diarioavanzada.com.mx\/index.php?rest_route=\/wp\/v2\/users\/7"}],"replies":[{"embeddable":true,"href":"https:\/\/diarioavanzada.com.mx\/index.php?rest_route=%2Fwp%2Fv2%2Fcomments&post=17497"}],"version-history":[{"count":0,"href":"https:\/\/diarioavanzada.com.mx\/index.php?rest_route=\/wp\/v2\/posts\/17497\/revisions"}],"wp:featuredmedia":[{"embeddable":true,"href":"https:\/\/diarioavanzada.com.mx\/index.php?rest_route=\/wp\/v2\/media\/17498"}],"wp:attachment":[{"href":"https:\/\/diarioavanzada.com.mx\/index.php?rest_route=%2Fwp%2Fv2%2Fmedia&parent=17497"}],"wp:term":[{"taxonomy":"category","embeddable":true,"href":"https:\/\/diarioavanzada.com.mx\/index.php?rest_route=%2Fwp%2Fv2%2Fcategories&post=17497"},{"taxonomy":"post_tag","embeddable":true,"href":"https:\/\/diarioavanzada.com.mx\/index.php?rest_route=%2Fwp%2Fv2%2Ftags&post=17497"}],"curies":[{"name":"wp","href":"https:\/\/api.w.org\/{rel}","templated":true}]}}