{"id":17272,"date":"2020-11-07T09:02:24","date_gmt":"2020-11-07T15:02:24","guid":{"rendered":"https:\/\/diarioavanzada.com.mx\/?p=17272"},"modified":"2020-11-07T09:02:30","modified_gmt":"2020-11-07T15:02:30","slug":"colimenses-con-mayor-riesgo-de-morir-de-covid-19-que-el-promedio-mundial","status":"publish","type":"post","link":"https:\/\/diarioavanzada.com.mx\/?p=17272","title":{"rendered":"Colimenses, con mayor riesgo de morir de Covid-19 que el promedio mundial"},"content":{"rendered":"\n<p class=\"wp-block-paragraph\">Colima, M\u00e9xico, Avanzada (07\/11\/2020).- Los habitantes de Colima tienen mayores posibilidades de morir de covid-19 que el promedio nacional y mundial, de acuerdo con los \u00edndices de letalidad que se han analizado en los \u00faltimos meses en la entidad.<\/p>\n\n\n\n<p class=\"wp-block-paragraph\">Seg\u00fan informaci\u00f3n proporcionada por la Secretar\u00eda de Salud y Bienestar Social (SSBS), en Colima el \u00edndice de letalidad es de 12 por ciento, a diferencia del promedio nacional, que es de 9.9 por ciento y el promedio mundial es de apenas 2.6 por ciento.<\/p>\n\n\n\n<p class=\"wp-block-paragraph\">La titular de la dependencia inform\u00f3 que en Colima mueren 12 de cada cien personas que resultan contagiadas de covid-19, lo que implica un alto riesgo de fallecimiento por esa causa, mientras que la tasa de ataque es de 819 por cada 100 mil habitantes.<\/p>\n\n\n\n<p class=\"wp-block-paragraph\">Sin embargo, la funcionaria asegur\u00f3 que \u201cno se puede atribuir que los fallecimientos sean por falta de espacio en hospitales o falta de atenci\u00f3n m\u00e9dica, sino que en estas defunciones han influido m\u00e1s las comorbilidades de los pacientes\u201d.<\/p>\n\n\n\n<p class=\"wp-block-paragraph\">Para estar en zona de seguridad, explic\u00f3 que la tasa de letalidad deber\u00eda ser de 1 a 5 m\u00e1ximo, no de 12 como se tiene actualmente.<\/p>\n\n\n\n<p class=\"wp-block-paragraph\">Dio a conocer que desde el mes de julio se han intensificado la ocurrencia de decesos, y aunque se ha desacelerado, la tendencia aun es alta, siendo los m\u00e1s afectados las personas mayores de 65 a\u00f1os con 416 de los 767 fallecimientos que se han presentado en el estado.<\/p>\n\n\n\n<p class=\"wp-block-paragraph\">Expuso que por municipio, 273 defunciones se han registrado en Manzanillo, 167 en Colima, 120 en Tecom\u00e1n y 116 en Villa de \u00c1lvarez, as\u00ed como 23 en Armer\u00eda, 20 en Cuauht\u00e9moc, 18 en Coquimatl\u00e1n, 16 en Comala, 9 en Ixtlahuac\u00e1n y 5 en Minatitl\u00e1n.<\/p>\n\n\n\n<p class=\"wp-block-paragraph\">Por otra parte, de acuerdo con el diario Exc\u00e9lsior, los pacientes con covid-19 que llegan a los hospitales en M\u00e9xico tienen las m\u00e1s altas tasas de letalidad de entre los habitantes de los 25 pa\u00edses con mayor poblaci\u00f3n en el mundo.<\/p>\n\n\n\n<p class=\"wp-block-paragraph\">Se\u00f1al\u00f3 el rotativo que en estos momentos la letalidad a causa del virus SARS-CoV-2 en el pa\u00eds asciende a 9.9 por ciento, cuatro veces superior al promedio mundial de 2.6 por ciento.<\/p>\n\n\n\n<p class=\"wp-block-paragraph\">Refiri\u00f3 que en el m\u00e1s reciente Bolet\u00edn sobre covid-19 Salud P\u00fablica y Epidemiolog\u00eda, del Departamento de Salud P\u00fablica de la Facultad de Medicina de la UNAM, se expone que la letalidad no es un indicador de la efectividad de la atenci\u00f3n m\u00e9dica y no expresa la probabilidad de morir de una persona que adquiere el virus SARS-CoV-2 ya que s\u00f3lo est\u00e1n contabilizados los casos diagnosticados.<\/p>\n\n\n\n<p class=\"wp-block-paragraph\">De esta manera, la letalidad entre los mexicanos por el nuevo coronavirus es el doble de la que se registra entre los chinos (5.2 por ciento), donde inici\u00f3 la pandemia.<\/p>\n\n\n\n<p class=\"wp-block-paragraph\">Adem\u00e1s, supera por cuatro puntos porcentuales la letalidad entre los italianos (5.9 por ciento), los egipcios (5.8 por ciento) y los iran\u00edes (5.7 por ciento). Y triplica la de los vietnamitas (3 por ciento),&nbsp; brasile\u00f1os (2.9 por ciento) y franceses (2.7 por ciento).<\/p>\n\n\n\n<p class=\"wp-block-paragraph\">Seg\u00fan la publicaci\u00f3n del Departamento de Salud P\u00fablica, la letalidad en M\u00e9xico hab\u00eda alcanzado su nivel m\u00e1s alto en julio, con 12.4 por ciento.<\/p>\n\n\n\n<p class=\"wp-block-paragraph\">En el top ten de los pa\u00edses que tienen la mayor letalidad por covid-19, indic\u00f3 Exc\u00e9lsior, est\u00e1n despu\u00e9s de M\u00e9xico, Italia, Egipto, Ir\u00e1n, China, Reino Unido (4.7 por ciento), Tanzania (4.1 por ciento), Indonesia (3.4 por ciento) Vietnam y Brasil&nbsp;<\/p>\n\n\n\n<p class=\"wp-block-paragraph\">En la lista siguen&nbsp; Francia, Turqu\u00eda, Rep\u00fablica del Congo y Sud\u00e1frica, con una letalidad de 2.7 por ciento.<\/p>\n\n\n\n<p class=\"wp-block-paragraph\">Enseguida se encuentran Estados Unidos (2.5 por ciento), Pakist\u00e1n (2 por ciento), Alemania (2 por ciento), Filipinas (1.9 por ciento), Nigeria (1.8 por ciento), Jap\u00f3n (1.7 por ciento), Rusia (1.7 por ciento), Tailandia (1.6 por ciento), Etiop\u00eda (1.5 por ciento), India (1.5 por ciento) y Bangladesh (1.5 por ciento).<\/p>\n\n\n\n<p class=\"wp-block-paragraph\">El estudio difundido por Exc\u00e9lsior se\u00f1ala que a partir de 50 a\u00f1os en hombres la letalidad es mayor que el promedio nacional.<\/p>\n\n\n\n<p class=\"wp-block-paragraph\">En el art\u00edculo Letalidad por covid-19 en M\u00e9xico, elaborado por profesoras del Departamento de Salud P\u00fablica se detalla que la letalidad es mayor en hombres que en mujeres: 12.4% y 7.3%, respectivamente, lo que quiere decir que ellos tienen 70 por ciento m\u00e1s probabilidades de morir.<\/p>\n\n\n\n<p class=\"wp-block-paragraph\">Tambi\u00e9n aumenta con la edad. A partir de los 50 a\u00f1os en hombres, la letalidad supera la cifra nacional al ubicarse en 15.9 por ciento, y las m\u00e1s altas se registran a partir de los 70 a\u00f1os: 41.5%, 49.2% y 48.1% en los hombres de 70-79 a\u00f1os, 80-89 y 90 a\u00f1os y m\u00e1s, respectivamente.<\/p>\n<div class=\"fb-background-color\">\n\t\t\t  <div \n\t\t\t  \tclass = \"fb-comments\" \n\t\t\t  \tdata-href = \"https:\/\/diarioavanzada.com.mx\/?p=17272\"\n\t\t\t  \tdata-numposts = \"10\"\n\t\t\t  \tdata-lazy = \"true\"\n\t\t\t\tdata-colorscheme = \"light\"\n\t\t\t\tdata-order-by = \"social\"\n\t\t\t\tdata-mobile=true>\n\t\t\t  <\/div><\/div>\n\t\t  <style>\n\t\t    .fb-background-color {\n\t\t\t\tbackground:  !important;\n\t\t\t}\n\t\t\t.fb_iframe_widget_fluid_desktop iframe {\n\t\t\t    width: 100% !important;\n\t\t\t}\n\t\t  <\/style>\n\t\t  ","protected":false},"excerpt":{"rendered":"<p>Colima, M\u00e9xico, Avanzada (07\/11\/2020).- Los habitantes de Colima tienen mayores posibilidades de morir de covid-19 que el promedio nacional y mundial, de acuerdo con los \u00edndices de letalidad que se han analizado en los \u00faltimos meses en la entidad. Seg\u00fan informaci\u00f3n proporcionada por la Secretar\u00eda de Salud y Bienestar Social (SSBS), en Colima el \u00edndice [&hellip;]<\/p>\n","protected":false},"author":7,"featured_media":17273,"comment_status":"closed","ping_status":"closed","sticky":false,"template":"","format":"standard","meta":{"_coblocks_attr":"","_coblocks_dimensions":"","_coblocks_responsive_height":"","_coblocks_accordion_ie_support":"","_crdt_document":"","advanced_seo_description":"","jetpack_seo_html_title":"","jetpack_seo_noindex":false,"_jetpack_memberships_contains_paid_content":false,"footnotes":""},"categories":[19,27],"tags":[210],"class_list":["post-17272","post","type-post","status-publish","format-standard","has-post-thumbnail","hentry","category-colima","category-salud","tag-portada"],"jetpack_featured_media_url":"https:\/\/diarioavanzada.com.mx\/wp-content\/uploads\/2020\/11\/Covid-19.jpg","jetpack-related-posts":[],"jetpack_sharing_enabled":true,"amp_enabled":true,"_links":{"self":[{"href":"https:\/\/diarioavanzada.com.mx\/index.php?rest_route=\/wp\/v2\/posts\/17272","targetHints":{"allow":["GET"]}}],"collection":[{"href":"https:\/\/diarioavanzada.com.mx\/index.php?rest_route=\/wp\/v2\/posts"}],"about":[{"href":"https:\/\/diarioavanzada.com.mx\/index.php?rest_route=\/wp\/v2\/types\/post"}],"author":[{"embeddable":true,"href":"https:\/\/diarioavanzada.com.mx\/index.php?rest_route=\/wp\/v2\/users\/7"}],"replies":[{"embeddable":true,"href":"https:\/\/diarioavanzada.com.mx\/index.php?rest_route=%2Fwp%2Fv2%2Fcomments&post=17272"}],"version-history":[{"count":0,"href":"https:\/\/diarioavanzada.com.mx\/index.php?rest_route=\/wp\/v2\/posts\/17272\/revisions"}],"wp:featuredmedia":[{"embeddable":true,"href":"https:\/\/diarioavanzada.com.mx\/index.php?rest_route=\/wp\/v2\/media\/17273"}],"wp:attachment":[{"href":"https:\/\/diarioavanzada.com.mx\/index.php?rest_route=%2Fwp%2Fv2%2Fmedia&parent=17272"}],"wp:term":[{"taxonomy":"category","embeddable":true,"href":"https:\/\/diarioavanzada.com.mx\/index.php?rest_route=%2Fwp%2Fv2%2Fcategories&post=17272"},{"taxonomy":"post_tag","embeddable":true,"href":"https:\/\/diarioavanzada.com.mx\/index.php?rest_route=%2Fwp%2Fv2%2Ftags&post=17272"}],"curies":[{"name":"wp","href":"https:\/\/api.w.org\/{rel}","templated":true}]}}