{"id":16761,"date":"2020-10-24T10:54:48","date_gmt":"2020-10-24T15:54:48","guid":{"rendered":"https:\/\/diarioavanzada.com.mx\/?p=16761"},"modified":"2020-10-24T10:54:50","modified_gmt":"2020-10-24T15:54:50","slug":"congreso-del-estado-reconoce-a-medicos-con-la-presea-dr-miguel-trejo-ochoa","status":"publish","type":"post","link":"https:\/\/diarioavanzada.com.mx\/?p=16761","title":{"rendered":"Congreso del Estado reconoce a M\u00e9dicos con la Presea, \u201cDr. Miguel Trejo Ochoa\u201d"},"content":{"rendered":"\n<p class=\"wp-block-paragraph\">Colima, M\u00e9xico, Comunicado (24\/10\/2020).- En el marco del D\u00eda del M\u00e9dico, el Congreso del Estado entreg\u00f3 este viernes 23 de octubre, un reconocimiento al personal M\u00e9dico del Estado de Colima, la Presea \u201cDr. Miguel Trejo Ochoa\u201d, por su profesionalismo, compromiso y solidaridad para el cuidado de pacientes infectados por el virus SARS-CoV2, (COVID-19), el cual se hizo extensivo para todo el personal m\u00e9dico que labora en hospitales o cl\u00ednicas convertidos o habilitados para brindar atenci\u00f3n por el virus.<\/p>\n\n\n\n<p class=\"wp-block-paragraph\">Ante la presencia de la secretaria de Salud y Bienestar Social del Gobierno del Estado, Leticia Guadalupe Delgado Carrillo y el presidente del Supremo Tribunal de Justicia del Estado, Bernardo Alfredo Salazar Santana, el presidente de la Mesa Directiva del Poder Legislativo, Diputado Guillermo Toscano Reyes, destac\u00f3 la importancia de esta Sesi\u00f3n Solemne, en donde por primera vez, en el marco del D\u00eda Social del M\u00e9dico, las y los legisladores hacen este reconocimiento a todo el personal m\u00e9dico.<\/p>\n\n\n\n<p class=\"wp-block-paragraph\">A nombre de las diversas instituciones m\u00e9dicas del Estado de Colima, la 59 Legislatura entreg\u00f3 el respectivo reconocimiento de la Presea \u201cDr. Miguel Trejo Ochoa\u201d al M\u00e9rito M\u00e9dico en su edici\u00f3n 2020, al Colegio de M\u00e9dicos del Estado de Colima A.C. al Dr. Julio C\u00e9sar Naranjo Ch\u00e1vez.<\/p>\n\n\n\n<p class=\"wp-block-paragraph\">Tambi\u00e9n se entregaron reconocimientos a las instituciones m\u00e9dicas del Estado de Colima, por representar a las hero\u00ednas y h\u00e9roes de la salud y por su loable compromiso con los habitantes del Estado Colima.&nbsp;<\/p>\n\n\n\n<p class=\"wp-block-paragraph\">Para el Instituto Mexicano del Seguro Social, recibi\u00f3 el reconocimiento el Dr. Jos\u00e9 Alberto Cort\u00e9s Galeana y para el Instituto de Seguridad y Servicios Sociales de los Trabajadores del Estado, el delegado Miguel Fernando R\u00edos de la Mora.<\/p>\n\n\n\n<p class=\"wp-block-paragraph\">En representaci\u00f3n de la VI Regi\u00f3n Naval, el Hospital Naval de Manzanillo, se hizo entrega a su director, el Capit\u00e1n de Fragata del Servicio de Sanidad Naval Edgar Dur\u00e1n Garc\u00eda; en representaci\u00f3n de la Vig\u00e9sima Zona Militar, al mayor M\u00e9dico Cirujano Clodoaldo Nario Arizmendi; en representaci\u00f3n de la Secretar\u00eda de Salud y Bienestar Social del Estado de Colima, al director del Hospital General de Manzanillo, Dr. Jorge Flores Estrella; en representaci\u00f3n de la Cruz Roja Mexicana al Delegado Estatal Dr. H\u00e9ctor Manuel Galindo V\u00e1zquez y en representaci\u00f3n de la Asociaci\u00f3n de Cl\u00ednicas Particulares a su Presidente, el Dr. Jos\u00e9 Alfonso Quevedo Prieto.<\/p>\n\n\n\n<p class=\"wp-block-paragraph\">En su intervenci\u00f3n, la diputada Rosalva Far\u00edas Larios, presidenta de la Comisi\u00f3n de Educaci\u00f3n y Cultura, dijo que junto con el Diputado Guillermo Toscano Reyes, presidente de la Comisi\u00f3n de Salud, presentaron el Acuerdo que fue aprobado para la entrega de estos&nbsp;<\/p>\n\n\n\n<p class=\"wp-block-paragraph\">reconocimientos; puntualizando que, \u201cen el a\u00f1o 2020 amerita que no s\u00f3lo uno, sino que todas y todos los m\u00e9dicos y profesionistas de la salud sean reconocidos y aplaudidos no s\u00f3lo por su d\u00eda social, sino por su entrega invaluable en la crisis sanitaria que nos envuelve y paraliza\u201d.<\/p>\n\n\n\n<p class=\"wp-block-paragraph\">A todas y todos los presentes, les pidi\u00f3 tambi\u00e9n un aplauso merecido para una instituci\u00f3n m\u00e1s, que hoy se lleva no s\u00f3lo reconocimiento, sino un galard\u00f3n, en virtud de que representa a todas las anteriores, el Colegio de M\u00e9dicos del Estado de Colima. Pidi\u00f3 a todas las instituciones reconocidas que su galard\u00f3n y reconocimientos sean colocados en espacios visibles en cada uno de sus centros de trabajo, para ser muestra tangible y permanente de la gratitud de Colima.<\/p>\n\n\n\n<p class=\"wp-block-paragraph\">El presidente del Colegio de M\u00e9dicos del Estado de Colima A.C., Dr. Julio C\u00e9sar Naranjo Ch\u00e1vez, luego de hacer una relator\u00eda hist\u00f3rica de la presencia del Covid-19 en el mundo, reconoci\u00f3 los esfuerzos de todos y cada uno de sus colegas y, adem\u00e1s agradeci\u00f3 que la LIX Legislatura, haya contemplado reconocer a todas y todos los trabajadores del cuidado de la salud dedicados a salvar vidas.<\/p>\n\n\n\n<p class=\"wp-block-paragraph\">Expres\u00f3 su solidaridad y oraciones para todas las personas que han perdido alg\u00fan familiar a consecuencia del Covid-19 y por ello pidi\u00f3 un minuto de silencio para honrar a todos los que han partido. Por ello, dijo que, como presidente del Colegio de M\u00e9dicos del Estado de Colima, es un honor recibir el galard\u00f3n \u201cDr. Miguel Trejo Ochoa\u201d.<\/p>\n\n\n\n<p class=\"wp-block-paragraph\">En representaci\u00f3n del gobernador Jos\u00e9 Ignacio Peralta S\u00e1nchez, la secretaria de Salud Leticia Carrillo Delgado, luego de hablar de la medicina y su alcance ben\u00e9fico para mejorar los patrones de vida individual y colectiva, agradeci\u00f3 a las y los m\u00e9dicos que han actuado con valent\u00eda y vocaci\u00f3n para salvar vidas y mejorar la salud de muchas personas.<\/p>\n\n\n\n<p class=\"wp-block-paragraph\">Puntualiz\u00f3 que son innumerables, los actos heroicos, que, durante los 7 meses de la pandemia, han hecho todas y todos los trabajadores de la salud en Colima.<\/p>\n\n\n\n<p class=\"wp-block-paragraph\">En su intervenci\u00f3n, el presidente del Congreso del Estado, Diputado Guillermo Toscano Reyes, dijo que el reconocimiento a los m\u00e9dicos, no s\u00f3lo es para ellos, &#8220;sino a todo el personal de la salud, a todas las instituciones de salud p\u00fablicas y privadas, de todos los \u00f3rdenes de gobierno, en virtud de que ustedes han vivido meses adversos de incertidumbre, frustraci\u00f3n, fatiga e incluso de injusta estigmatizaci\u00f3n&#8221;.<\/p>\n\n\n\n<p class=\"wp-block-paragraph\">Se\u00f1al\u00f3 que hoy m\u00e1s que nunca es necesario honrarles, \u201cporque han puesto su esfuerzo, sudor y sacrificio al servicio de la gente en una pandemia que no solo cambi\u00f3 la vida, sino que&nbsp; desafortunadamente nos ha arrebatado miles de vidas a nivel nacional e internacional&#8221;.&nbsp;<\/p>\n\n\n\n<p class=\"wp-block-paragraph\">Al finalizar, para todos ellos, pidi\u00f3 un minuto de aplausos.<\/p>\n\n\n\n<figure class=\"wp-block-image size-large\"><img loading=\"lazy\" decoding=\"async\" width=\"680\" height=\"454\" src=\"https:\/\/diarioavanzada.com.mx\/wp-content\/uploads\/2020\/10\/image-346.png\" alt=\"\" class=\"wp-image-16763\" srcset=\"https:\/\/diarioavanzada.com.mx\/wp-content\/uploads\/2020\/10\/image-346.png 680w, https:\/\/diarioavanzada.com.mx\/wp-content\/uploads\/2020\/10\/image-346-300x200.png 300w\" sizes=\"auto, (max-width: 680px) 100vw, 680px\" \/><\/figure>\n\n\n\n<figure class=\"wp-block-image size-large\"><img loading=\"lazy\" decoding=\"async\" width=\"680\" height=\"454\" src=\"https:\/\/diarioavanzada.com.mx\/wp-content\/uploads\/2020\/10\/image-347.png\" alt=\"\" class=\"wp-image-16764\" srcset=\"https:\/\/diarioavanzada.com.mx\/wp-content\/uploads\/2020\/10\/image-347.png 680w, https:\/\/diarioavanzada.com.mx\/wp-content\/uploads\/2020\/10\/image-347-300x200.png 300w\" sizes=\"auto, (max-width: 680px) 100vw, 680px\" \/><\/figure>\n\n\n\n<figure class=\"wp-block-image size-large\"><img loading=\"lazy\" decoding=\"async\" width=\"680\" height=\"454\" src=\"https:\/\/diarioavanzada.com.mx\/wp-content\/uploads\/2020\/10\/image-348.png\" alt=\"\" class=\"wp-image-16765\" srcset=\"https:\/\/diarioavanzada.com.mx\/wp-content\/uploads\/2020\/10\/image-348.png 680w, https:\/\/diarioavanzada.com.mx\/wp-content\/uploads\/2020\/10\/image-348-300x200.png 300w\" sizes=\"auto, (max-width: 680px) 100vw, 680px\" \/><\/figure>\n\n\n\n<figure class=\"wp-block-image size-large\"><img loading=\"lazy\" decoding=\"async\" width=\"680\" height=\"454\" src=\"https:\/\/diarioavanzada.com.mx\/wp-content\/uploads\/2020\/10\/image-349.png\" alt=\"\" class=\"wp-image-16766\" srcset=\"https:\/\/diarioavanzada.com.mx\/wp-content\/uploads\/2020\/10\/image-349.png 680w, https:\/\/diarioavanzada.com.mx\/wp-content\/uploads\/2020\/10\/image-349-300x200.png 300w\" sizes=\"auto, (max-width: 680px) 100vw, 680px\" \/><\/figure>\n\n\n\n<figure class=\"wp-block-image size-large\"><img loading=\"lazy\" decoding=\"async\" width=\"680\" height=\"454\" src=\"https:\/\/diarioavanzada.com.mx\/wp-content\/uploads\/2020\/10\/image-350.png\" alt=\"\" class=\"wp-image-16767\" srcset=\"https:\/\/diarioavanzada.com.mx\/wp-content\/uploads\/2020\/10\/image-350.png 680w, https:\/\/diarioavanzada.com.mx\/wp-content\/uploads\/2020\/10\/image-350-300x200.png 300w\" sizes=\"auto, (max-width: 680px) 100vw, 680px\" \/><\/figure>\n\n\n\n<figure class=\"wp-block-image size-large\"><img loading=\"lazy\" decoding=\"async\" width=\"680\" height=\"454\" src=\"https:\/\/diarioavanzada.com.mx\/wp-content\/uploads\/2020\/10\/image-351.png\" alt=\"\" class=\"wp-image-16768\" srcset=\"https:\/\/diarioavanzada.com.mx\/wp-content\/uploads\/2020\/10\/image-351.png 680w, https:\/\/diarioavanzada.com.mx\/wp-content\/uploads\/2020\/10\/image-351-300x200.png 300w\" sizes=\"auto, (max-width: 680px) 100vw, 680px\" \/><\/figure>\n\n\n\n<figure class=\"wp-block-image size-large\"><img loading=\"lazy\" decoding=\"async\" width=\"680\" height=\"454\" src=\"https:\/\/diarioavanzada.com.mx\/wp-content\/uploads\/2020\/10\/image-352.png\" alt=\"\" class=\"wp-image-16769\" srcset=\"https:\/\/diarioavanzada.com.mx\/wp-content\/uploads\/2020\/10\/image-352.png 680w, https:\/\/diarioavanzada.com.mx\/wp-content\/uploads\/2020\/10\/image-352-300x200.png 300w\" sizes=\"auto, (max-width: 680px) 100vw, 680px\" \/><\/figure>\n<div class=\"fb-background-color\">\n\t\t\t  <div \n\t\t\t  \tclass = \"fb-comments\" \n\t\t\t  \tdata-href = \"https:\/\/diarioavanzada.com.mx\/?p=16761\"\n\t\t\t  \tdata-numposts = \"10\"\n\t\t\t  \tdata-lazy = \"true\"\n\t\t\t\tdata-colorscheme = \"light\"\n\t\t\t\tdata-order-by = \"social\"\n\t\t\t\tdata-mobile=true>\n\t\t\t  <\/div><\/div>\n\t\t  <style>\n\t\t    .fb-background-color {\n\t\t\t\tbackground:  !important;\n\t\t\t}\n\t\t\t.fb_iframe_widget_fluid_desktop iframe {\n\t\t\t    width: 100% !important;\n\t\t\t}\n\t\t  <\/style>\n\t\t  ","protected":false},"excerpt":{"rendered":"<p>Colima, M\u00e9xico, Comunicado (24\/10\/2020).- En el marco del D\u00eda del M\u00e9dico, el Congreso del Estado entreg\u00f3 este viernes 23 de octubre, un reconocimiento al personal M\u00e9dico del Estado de Colima, la Presea \u201cDr. Miguel Trejo Ochoa\u201d, por su profesionalismo, compromiso y solidaridad para el cuidado de pacientes infectados por el virus SARS-CoV2, (COVID-19), el cual [&hellip;]<\/p>\n","protected":false},"author":7,"featured_media":16762,"comment_status":"closed","ping_status":"closed","sticky":false,"template":"","format":"standard","meta":{"_coblocks_attr":"","_coblocks_dimensions":"","_coblocks_responsive_height":"","_coblocks_accordion_ie_support":"","_crdt_document":"","advanced_seo_description":"","jetpack_seo_html_title":"","jetpack_seo_noindex":false,"_jetpack_memberships_contains_paid_content":false,"footnotes":""},"categories":[27],"tags":[],"class_list":["post-16761","post","type-post","status-publish","format-standard","has-post-thumbnail","hentry","category-salud"],"jetpack_featured_media_url":"https:\/\/diarioavanzada.com.mx\/wp-content\/uploads\/2020\/10\/image-345.png","jetpack-related-posts":[],"jetpack_sharing_enabled":true,"amp_enabled":true,"_links":{"self":[{"href":"https:\/\/diarioavanzada.com.mx\/index.php?rest_route=\/wp\/v2\/posts\/16761","targetHints":{"allow":["GET"]}}],"collection":[{"href":"https:\/\/diarioavanzada.com.mx\/index.php?rest_route=\/wp\/v2\/posts"}],"about":[{"href":"https:\/\/diarioavanzada.com.mx\/index.php?rest_route=\/wp\/v2\/types\/post"}],"author":[{"embeddable":true,"href":"https:\/\/diarioavanzada.com.mx\/index.php?rest_route=\/wp\/v2\/users\/7"}],"replies":[{"embeddable":true,"href":"https:\/\/diarioavanzada.com.mx\/index.php?rest_route=%2Fwp%2Fv2%2Fcomments&post=16761"}],"version-history":[{"count":0,"href":"https:\/\/diarioavanzada.com.mx\/index.php?rest_route=\/wp\/v2\/posts\/16761\/revisions"}],"wp:featuredmedia":[{"embeddable":true,"href":"https:\/\/diarioavanzada.com.mx\/index.php?rest_route=\/wp\/v2\/media\/16762"}],"wp:attachment":[{"href":"https:\/\/diarioavanzada.com.mx\/index.php?rest_route=%2Fwp%2Fv2%2Fmedia&parent=16761"}],"wp:term":[{"taxonomy":"category","embeddable":true,"href":"https:\/\/diarioavanzada.com.mx\/index.php?rest_route=%2Fwp%2Fv2%2Fcategories&post=16761"},{"taxonomy":"post_tag","embeddable":true,"href":"https:\/\/diarioavanzada.com.mx\/index.php?rest_route=%2Fwp%2Fv2%2Ftags&post=16761"}],"curies":[{"name":"wp","href":"https:\/\/api.w.org\/{rel}","templated":true}]}}