{"id":16742,"date":"2020-10-23T17:52:46","date_gmt":"2020-10-23T22:52:46","guid":{"rendered":"https:\/\/diarioavanzada.com.mx\/?p=16742"},"modified":"2020-10-24T10:25:33","modified_gmt":"2020-10-24T15:25:33","slug":"diputado-va-contra-actos-de-corrupcion-reintegrara-87-mil-pesos","status":"publish","type":"post","link":"https:\/\/diarioavanzada.com.mx\/?p=16742","title":{"rendered":"Diputado va \u201ccontra actos de corrupci\u00f3n\u201d, reintegrar\u00e1 87 mil pesos"},"content":{"rendered":"\n<p class=\"wp-block-paragraph\">Colima, M\u00e9xico, Comunicado (23\/10\/2020).- Por considerar que no hay una justificaci\u00f3n jur\u00eddica y con el objetivo de ir contra actos de corrupci\u00f3n, el presidente de la Comisi\u00f3n de Gobierno Interno y Acuerdos Parlamentarios, Diputado Carlos C\u00e9sar Far\u00edas Ramos renunci\u00f3 a la partida de 29 mil 493 pesos que cada mes se le dota por encabezar tal comisi\u00f3n; es decir que retornar\u00e1 a las arcas de la LIX Legislatura el recurso econ\u00f3mico generado desde el 15 de julio pasado.<\/p>\n\n\n\n<p class=\"wp-block-paragraph\">&nbsp; &nbsp; El legislador ante representantes de medios de comunicaci\u00f3n, indic\u00f3 que de manera personal y como abogado hizo el estudio correspondiente de la Ley Org\u00e1nica del Poder Legislativo y asegur\u00f3 que tales recursos no se justifican para la comisi\u00f3n que preside, pues \u00e9sta, cuenta con una Secretar\u00eda T\u00e9cnica y otras \u00e1reas para el cumplimiento de sus funciones, lo que la diferencian de las dem\u00e1s comisiones legislativas, mismas que s\u00ed requieren de la contrataci\u00f3n de especialistas para desarrollar sus funciones.<\/p>\n\n\n\n<p class=\"wp-block-paragraph\">&nbsp; &nbsp; Mencion\u00f3 que pedir\u00e1 al cuerpo jur\u00eddico del Poder Legislativo un estudio pormenorizado para determinar en lo futuro que a la Comisi\u00f3n de Gobierno Interno y Acuerdos Parlamentarios, no se le destine esa partida econ\u00f3mica.<\/p>\n\n\n\n<p class=\"wp-block-paragraph\">&nbsp; &nbsp; Reiter\u00f3 que no hay justificaci\u00f3n legal para recibir ese recurso, \u201chago una renuncia a ese dinero, no se debe recibir este recurso, las funciones de la Comisi\u00f3n de Gobierno Interno son diferentes a las dem\u00e1s comisiones. Del 15 de julio de 2020 hacia ac\u00e1, van 3 meses que se dispersa esta cantidad y se reintegrar\u00e1 a las arcas del Congreso, no vamos a tocar un peso si no se encuentra justificado\u201d.<\/p>\n\n\n\n<p class=\"wp-block-paragraph\">&nbsp; &nbsp; Carlos Far\u00edas, asegur\u00f3 que se har\u00e1 una investigaci\u00f3n al interior del Congreso del Estado a trav\u00e9s de la Controlar\u00eda Interna y determinar la legalidad de la dispersi\u00f3n de ese recurso en los meses anteriores cuando \u00e9l a\u00fan no fung\u00eda como presidente de la referida, \u201clo correcto ser\u00eda regresar el recurso, espero que se aplique la ley en contra de quien hizo esa pr\u00e1ctica indebida, pues la entrega de ese recurso violenta la legalidad\u201d, sentenci\u00f3.<\/p>\n\n\n\n<p class=\"wp-block-paragraph\"><\/p>\n\n\n\n<p class=\"wp-block-paragraph\"><\/p>\n\n\n\n<p class=\"wp-block-paragraph\"><\/p>\n\n\n\n<p class=\"wp-block-paragraph\"><\/p>\n<div class=\"fb-background-color\">\n\t\t\t  <div \n\t\t\t  \tclass = \"fb-comments\" \n\t\t\t  \tdata-href = \"https:\/\/diarioavanzada.com.mx\/?p=16742\"\n\t\t\t  \tdata-numposts = \"10\"\n\t\t\t  \tdata-lazy = \"true\"\n\t\t\t\tdata-colorscheme = \"light\"\n\t\t\t\tdata-order-by = \"social\"\n\t\t\t\tdata-mobile=true>\n\t\t\t  <\/div><\/div>\n\t\t  <style>\n\t\t    .fb-background-color {\n\t\t\t\tbackground:  !important;\n\t\t\t}\n\t\t\t.fb_iframe_widget_fluid_desktop iframe {\n\t\t\t    width: 100% !important;\n\t\t\t}\n\t\t  <\/style>\n\t\t  ","protected":false},"excerpt":{"rendered":"<p>Colima, M\u00e9xico, Comunicado (23\/10\/2020).- Por considerar que no hay una justificaci\u00f3n jur\u00eddica y con el objetivo de ir contra actos de corrupci\u00f3n, el presidente de la Comisi\u00f3n de Gobierno Interno y Acuerdos Parlamentarios, Diputado Carlos C\u00e9sar Far\u00edas Ramos renunci\u00f3 a la partida de 29 mil 493 pesos que cada mes se le dota por encabezar [&hellip;]<\/p>\n","protected":false},"author":7,"featured_media":16743,"comment_status":"closed","ping_status":"closed","sticky":false,"template":"","format":"standard","meta":{"_coblocks_attr":"","_coblocks_dimensions":"","_coblocks_responsive_height":"","_coblocks_accordion_ie_support":"","_crdt_document":"","advanced_seo_description":"","jetpack_seo_html_title":"","jetpack_seo_noindex":false,"_jetpack_memberships_contains_paid_content":false,"footnotes":""},"categories":[19],"tags":[],"class_list":["post-16742","post","type-post","status-publish","format-standard","has-post-thumbnail","hentry","category-colima"],"jetpack_featured_media_url":"https:\/\/diarioavanzada.com.mx\/wp-content\/uploads\/2020\/10\/image-335.png","jetpack-related-posts":[],"jetpack_sharing_enabled":true,"amp_enabled":true,"_links":{"self":[{"href":"https:\/\/diarioavanzada.com.mx\/index.php?rest_route=\/wp\/v2\/posts\/16742","targetHints":{"allow":["GET"]}}],"collection":[{"href":"https:\/\/diarioavanzada.com.mx\/index.php?rest_route=\/wp\/v2\/posts"}],"about":[{"href":"https:\/\/diarioavanzada.com.mx\/index.php?rest_route=\/wp\/v2\/types\/post"}],"author":[{"embeddable":true,"href":"https:\/\/diarioavanzada.com.mx\/index.php?rest_route=\/wp\/v2\/users\/7"}],"replies":[{"embeddable":true,"href":"https:\/\/diarioavanzada.com.mx\/index.php?rest_route=%2Fwp%2Fv2%2Fcomments&post=16742"}],"version-history":[{"count":0,"href":"https:\/\/diarioavanzada.com.mx\/index.php?rest_route=\/wp\/v2\/posts\/16742\/revisions"}],"wp:featuredmedia":[{"embeddable":true,"href":"https:\/\/diarioavanzada.com.mx\/index.php?rest_route=\/wp\/v2\/media\/16743"}],"wp:attachment":[{"href":"https:\/\/diarioavanzada.com.mx\/index.php?rest_route=%2Fwp%2Fv2%2Fmedia&parent=16742"}],"wp:term":[{"taxonomy":"category","embeddable":true,"href":"https:\/\/diarioavanzada.com.mx\/index.php?rest_route=%2Fwp%2Fv2%2Fcategories&post=16742"},{"taxonomy":"post_tag","embeddable":true,"href":"https:\/\/diarioavanzada.com.mx\/index.php?rest_route=%2Fwp%2Fv2%2Ftags&post=16742"}],"curies":[{"name":"wp","href":"https:\/\/api.w.org\/{rel}","templated":true}]}}