{"id":16432,"date":"2020-10-16T12:28:17","date_gmt":"2020-10-16T17:28:17","guid":{"rendered":"https:\/\/diarioavanzada.com.mx\/?p=16432"},"modified":"2020-10-16T12:28:18","modified_gmt":"2020-10-16T17:28:18","slug":"tribunal-niega-la-reapertura-del-relleno-sanitario-en-manzanillo","status":"publish","type":"post","link":"https:\/\/diarioavanzada.com.mx\/?p=16432","title":{"rendered":"Tribunal niega la reapertura del relleno sanitario en Manzanillo"},"content":{"rendered":"\n<p class=\"wp-block-paragraph\">Colima, M\u00e9xico, Avanzada (16\/10\/2020).- El Tribunal de Justicia Administrativa neg\u00f3 la suspensi\u00f3n de la clausura del relleno sanitario en Manzanillo impuesta por el IMADES.<\/p>\n\n\n\n<p class=\"wp-block-paragraph\">La presidenta municipal, Griselda Mart\u00ednez, cuestion\u00f3 la resoluci\u00f3n argumentando que con el \u201crazonamiento\u201d jur\u00eddico realizado por el Tribunal, se causar\u00eda menos perjuicio a la poblaci\u00f3n con la basura en las calles que deposit\u00e1ndola en el relleno.<\/p>\n\n\n\n<figure class=\"wp-block-image size-large\"><img loading=\"lazy\" decoding=\"async\" width=\"545\" height=\"590\" src=\"https:\/\/diarioavanzada.com.mx\/wp-content\/uploads\/2020\/10\/image-206.png\" alt=\"\" class=\"wp-image-16433\" srcset=\"https:\/\/diarioavanzada.com.mx\/wp-content\/uploads\/2020\/10\/image-206.png 545w, https:\/\/diarioavanzada.com.mx\/wp-content\/uploads\/2020\/10\/image-206-277x300.png 277w\" sizes=\"auto, (max-width: 545px) 100vw, 545px\" \/><\/figure>\n\n\n\n<figure class=\"wp-block-image size-large\"><img loading=\"lazy\" decoding=\"async\" width=\"720\" height=\"960\" src=\"https:\/\/diarioavanzada.com.mx\/wp-content\/uploads\/2020\/10\/image-207.png\" alt=\"\" class=\"wp-image-16434\" srcset=\"https:\/\/diarioavanzada.com.mx\/wp-content\/uploads\/2020\/10\/image-207.png 720w, https:\/\/diarioavanzada.com.mx\/wp-content\/uploads\/2020\/10\/image-207-225x300.png 225w\" sizes=\"auto, (max-width: 720px) 100vw, 720px\" \/><\/figure>\n\n\n\n<figure class=\"wp-block-image size-large\"><img loading=\"lazy\" decoding=\"async\" width=\"720\" height=\"960\" src=\"https:\/\/diarioavanzada.com.mx\/wp-content\/uploads\/2020\/10\/image-208.png\" alt=\"\" class=\"wp-image-16435\" srcset=\"https:\/\/diarioavanzada.com.mx\/wp-content\/uploads\/2020\/10\/image-208.png 720w, https:\/\/diarioavanzada.com.mx\/wp-content\/uploads\/2020\/10\/image-208-225x300.png 225w\" sizes=\"auto, (max-width: 720px) 100vw, 720px\" \/><\/figure>\n\n\n\n<figure class=\"wp-block-image size-large\"><img loading=\"lazy\" decoding=\"async\" width=\"720\" height=\"960\" src=\"https:\/\/diarioavanzada.com.mx\/wp-content\/uploads\/2020\/10\/image-209.png\" alt=\"\" class=\"wp-image-16436\" srcset=\"https:\/\/diarioavanzada.com.mx\/wp-content\/uploads\/2020\/10\/image-209.png 720w, https:\/\/diarioavanzada.com.mx\/wp-content\/uploads\/2020\/10\/image-209-225x300.png 225w\" sizes=\"auto, (max-width: 720px) 100vw, 720px\" \/><\/figure>\n\n\n\n<figure class=\"wp-block-image size-large\"><img loading=\"lazy\" decoding=\"async\" width=\"720\" height=\"960\" src=\"https:\/\/diarioavanzada.com.mx\/wp-content\/uploads\/2020\/10\/image-210.png\" alt=\"\" class=\"wp-image-16437\" srcset=\"https:\/\/diarioavanzada.com.mx\/wp-content\/uploads\/2020\/10\/image-210.png 720w, https:\/\/diarioavanzada.com.mx\/wp-content\/uploads\/2020\/10\/image-210-225x300.png 225w\" sizes=\"auto, (max-width: 720px) 100vw, 720px\" \/><\/figure>\n<div class=\"fb-background-color\">\n\t\t\t  <div \n\t\t\t  \tclass = \"fb-comments\" \n\t\t\t  \tdata-href = \"https:\/\/diarioavanzada.com.mx\/?p=16432\"\n\t\t\t  \tdata-numposts = \"10\"\n\t\t\t  \tdata-lazy = \"true\"\n\t\t\t\tdata-colorscheme = \"light\"\n\t\t\t\tdata-order-by = \"social\"\n\t\t\t\tdata-mobile=true>\n\t\t\t  <\/div><\/div>\n\t\t  <style>\n\t\t    .fb-background-color {\n\t\t\t\tbackground:  !important;\n\t\t\t}\n\t\t\t.fb_iframe_widget_fluid_desktop iframe {\n\t\t\t    width: 100% !important;\n\t\t\t}\n\t\t  <\/style>\n\t\t  ","protected":false},"excerpt":{"rendered":"<p>Colima, M\u00e9xico, Avanzada (16\/10\/2020).- El Tribunal de Justicia Administrativa neg\u00f3 la suspensi\u00f3n de la clausura del relleno sanitario en Manzanillo impuesta por el IMADES. La presidenta municipal, Griselda Mart\u00ednez, cuestion\u00f3 la resoluci\u00f3n argumentando que con el \u201crazonamiento\u201d jur\u00eddico realizado por el Tribunal, se causar\u00eda menos perjuicio a la poblaci\u00f3n con la basura en las calles [&hellip;]<\/p>\n","protected":false},"author":7,"featured_media":16438,"comment_status":"closed","ping_status":"closed","sticky":false,"template":"","format":"standard","meta":{"_coblocks_attr":"","_coblocks_dimensions":"","_coblocks_responsive_height":"","_coblocks_accordion_ie_support":"","_crdt_document":"","advanced_seo_description":"","jetpack_seo_html_title":"","jetpack_seo_noindex":false,"_jetpack_memberships_contains_paid_content":false,"footnotes":""},"categories":[19],"tags":[210],"class_list":["post-16432","post","type-post","status-publish","format-standard","has-post-thumbnail","hentry","category-colima","tag-portada"],"jetpack_featured_media_url":"https:\/\/diarioavanzada.com.mx\/wp-content\/uploads\/2020\/10\/image-211.png","jetpack-related-posts":[],"jetpack_sharing_enabled":true,"amp_enabled":true,"_links":{"self":[{"href":"https:\/\/diarioavanzada.com.mx\/index.php?rest_route=\/wp\/v2\/posts\/16432","targetHints":{"allow":["GET"]}}],"collection":[{"href":"https:\/\/diarioavanzada.com.mx\/index.php?rest_route=\/wp\/v2\/posts"}],"about":[{"href":"https:\/\/diarioavanzada.com.mx\/index.php?rest_route=\/wp\/v2\/types\/post"}],"author":[{"embeddable":true,"href":"https:\/\/diarioavanzada.com.mx\/index.php?rest_route=\/wp\/v2\/users\/7"}],"replies":[{"embeddable":true,"href":"https:\/\/diarioavanzada.com.mx\/index.php?rest_route=%2Fwp%2Fv2%2Fcomments&post=16432"}],"version-history":[{"count":0,"href":"https:\/\/diarioavanzada.com.mx\/index.php?rest_route=\/wp\/v2\/posts\/16432\/revisions"}],"wp:featuredmedia":[{"embeddable":true,"href":"https:\/\/diarioavanzada.com.mx\/index.php?rest_route=\/wp\/v2\/media\/16438"}],"wp:attachment":[{"href":"https:\/\/diarioavanzada.com.mx\/index.php?rest_route=%2Fwp%2Fv2%2Fmedia&parent=16432"}],"wp:term":[{"taxonomy":"category","embeddable":true,"href":"https:\/\/diarioavanzada.com.mx\/index.php?rest_route=%2Fwp%2Fv2%2Fcategories&post=16432"},{"taxonomy":"post_tag","embeddable":true,"href":"https:\/\/diarioavanzada.com.mx\/index.php?rest_route=%2Fwp%2Fv2%2Ftags&post=16432"}],"curies":[{"name":"wp","href":"https:\/\/api.w.org\/{rel}","templated":true}]}}