{"id":16306,"date":"2020-10-12T07:03:38","date_gmt":"2020-10-12T12:03:38","guid":{"rendered":"https:\/\/diarioavanzada.com.mx\/?p=16306"},"modified":"2020-10-12T07:07:05","modified_gmt":"2020-10-12T12:07:05","slug":"gobierno-de-colima-adeuda-beca-a-estudiantes-desde-hace-un-ano","status":"publish","type":"post","link":"https:\/\/diarioavanzada.com.mx\/?p=16306","title":{"rendered":"Gobierno de Colima adeuda beca a estudiantes desde hace un a\u00f1o"},"content":{"rendered":"\n<p class=\"wp-block-paragraph\">Colima, M\u00e9xico, Avanzada (12\/10\/2020).- Un grupo de estudiantes de Movilidad denunciaron que el gobierno del Estado incumpli\u00f3 con la entrega de la beca de Movilidad Estudiantil\u00a0que debi\u00f3 depositar desde hace m\u00e1s de un a\u00f1o.<\/p>\n\n\n\n<p class=\"wp-block-paragraph\">A trav\u00e9s de un oficio con fecha del 30 de agosto de este a\u00f1o, los afectados solicitaron al titular del Ejecutivo, Ignacio Peralta S\u00e1nchez a cubrir el adeudo, sobre todo, porque los estudiantes hab\u00edan adquirido compromisos financieros que deber\u00edan de finiquitar.<\/p>\n\n\n\n<p class=\"wp-block-paragraph\">El documento fue recibido en la oficina del gobernador con fecha de 11 de septiembre y qued\u00f3 registrado con el folio 3369, pero hasta la fecha no han obtenido ninguna respuesta a su petici\u00f3n.<\/p>\n\n\n\n<p class=\"wp-block-paragraph\">Los estudiantes han enviado otros oficios, adem\u00e1s de correos electr\u00f3nicos al Gobierno del Estado y al propio mandatario colimense, pero tampoco han encontrado una respuesta satisfactoria.<\/p>\n\n\n\n<p class=\"wp-block-paragraph\">En el oficio, los alumnos expusieron, \u201ccabe mencionar que muchos de los estudiantes confiamos en la entrega oportuna de este apoyo, por tal motivo, recurrimos a diversos medios para conseguir la solvencia necesaria para&nbsp;realizar dicho intercambio, con la certeza de poder cubrir estos compromisos al momento que se nos entregara la beca. Sin embargo, ha pasado m\u00e1s de un a\u00f1o que se nos debi\u00f3 haber entregado el monto de la misma, y hasta la fecha no ha sido as\u00ed, lo que nos ha causado diversos inconvenientes econ\u00f3micos, afectado seriamente algunos de nuestros casos, la estabilidad de nuestras familias\u201d, expusieron.<\/p>\n\n\n\n<p class=\"wp-block-paragraph\">Los estudiantes hicieron p\u00fablico el oficio a trav\u00e9s de las redes sociales.<\/p>\n\n\n\n<figure class=\"wp-block-image size-large\"><img loading=\"lazy\" decoding=\"async\" width=\"576\" height=\"653\" src=\"https:\/\/diarioavanzada.com.mx\/wp-content\/uploads\/2020\/10\/image-165.png\" alt=\"\" class=\"wp-image-16307\" srcset=\"https:\/\/diarioavanzada.com.mx\/wp-content\/uploads\/2020\/10\/image-165.png 576w, https:\/\/diarioavanzada.com.mx\/wp-content\/uploads\/2020\/10\/image-165-265x300.png 265w\" sizes=\"auto, (max-width: 576px) 100vw, 576px\" \/><\/figure>\n<div class=\"fb-background-color\">\n\t\t\t  <div \n\t\t\t  \tclass = \"fb-comments\" \n\t\t\t  \tdata-href = \"https:\/\/diarioavanzada.com.mx\/?p=16306\"\n\t\t\t  \tdata-numposts = \"10\"\n\t\t\t  \tdata-lazy = \"true\"\n\t\t\t\tdata-colorscheme = \"light\"\n\t\t\t\tdata-order-by = \"social\"\n\t\t\t\tdata-mobile=true>\n\t\t\t  <\/div><\/div>\n\t\t  <style>\n\t\t    .fb-background-color {\n\t\t\t\tbackground:  !important;\n\t\t\t}\n\t\t\t.fb_iframe_widget_fluid_desktop iframe {\n\t\t\t    width: 100% !important;\n\t\t\t}\n\t\t  <\/style>\n\t\t  ","protected":false},"excerpt":{"rendered":"<p>Colima, M\u00e9xico, Avanzada (12\/10\/2020).- Un grupo de estudiantes de Movilidad denunciaron que el gobierno del Estado incumpli\u00f3 con la entrega de la beca de Movilidad Estudiantil\u00a0que debi\u00f3 depositar desde hace m\u00e1s de un a\u00f1o. A trav\u00e9s de un oficio con fecha del 30 de agosto de este a\u00f1o, los afectados solicitaron al titular del Ejecutivo, [&hellip;]<\/p>\n","protected":false},"author":5,"featured_media":16310,"comment_status":"closed","ping_status":"closed","sticky":false,"template":"","format":"standard","meta":{"_coblocks_attr":"","_coblocks_dimensions":"","_coblocks_responsive_height":"","_coblocks_accordion_ie_support":"","_crdt_document":"","advanced_seo_description":"","jetpack_seo_html_title":"","jetpack_seo_noindex":false,"_jetpack_memberships_contains_paid_content":false,"footnotes":""},"categories":[19],"tags":[210],"class_list":["post-16306","post","type-post","status-publish","format-standard","has-post-thumbnail","hentry","category-colima","tag-portada"],"jetpack_featured_media_url":"https:\/\/diarioavanzada.com.mx\/wp-content\/uploads\/2020\/10\/image-167.png","jetpack-related-posts":[],"jetpack_sharing_enabled":true,"amp_enabled":true,"_links":{"self":[{"href":"https:\/\/diarioavanzada.com.mx\/index.php?rest_route=\/wp\/v2\/posts\/16306","targetHints":{"allow":["GET"]}}],"collection":[{"href":"https:\/\/diarioavanzada.com.mx\/index.php?rest_route=\/wp\/v2\/posts"}],"about":[{"href":"https:\/\/diarioavanzada.com.mx\/index.php?rest_route=\/wp\/v2\/types\/post"}],"author":[{"embeddable":true,"href":"https:\/\/diarioavanzada.com.mx\/index.php?rest_route=\/wp\/v2\/users\/5"}],"replies":[{"embeddable":true,"href":"https:\/\/diarioavanzada.com.mx\/index.php?rest_route=%2Fwp%2Fv2%2Fcomments&post=16306"}],"version-history":[{"count":0,"href":"https:\/\/diarioavanzada.com.mx\/index.php?rest_route=\/wp\/v2\/posts\/16306\/revisions"}],"wp:featuredmedia":[{"embeddable":true,"href":"https:\/\/diarioavanzada.com.mx\/index.php?rest_route=\/wp\/v2\/media\/16310"}],"wp:attachment":[{"href":"https:\/\/diarioavanzada.com.mx\/index.php?rest_route=%2Fwp%2Fv2%2Fmedia&parent=16306"}],"wp:term":[{"taxonomy":"category","embeddable":true,"href":"https:\/\/diarioavanzada.com.mx\/index.php?rest_route=%2Fwp%2Fv2%2Fcategories&post=16306"},{"taxonomy":"post_tag","embeddable":true,"href":"https:\/\/diarioavanzada.com.mx\/index.php?rest_route=%2Fwp%2Fv2%2Ftags&post=16306"}],"curies":[{"name":"wp","href":"https:\/\/api.w.org\/{rel}","templated":true}]}}