{"id":16303,"date":"2020-10-12T06:28:03","date_gmt":"2020-10-12T11:28:03","guid":{"rendered":"https:\/\/diarioavanzada.com.mx\/?p=16303"},"modified":"2020-10-12T06:28:31","modified_gmt":"2020-10-12T11:28:31","slug":"van-por-exdirector-de-api-por-otorgar-contrato-irregular-a-empresa-de-parientes-del-gobernador","status":"publish","type":"post","link":"https:\/\/diarioavanzada.com.mx\/?p=16303","title":{"rendered":"Van contra exdirector de API por otorgar contrato irregular a empresa de parientes del Gobernador"},"content":{"rendered":"\n<p class=\"wp-block-paragraph\">Colima, M\u00e9xico, Avanzada (12\/10\/2020).- La Fiscal\u00eda General de la Rep\u00fablica (PGR) tiene abierta la investigaci\u00f3n FED\/FEEC-COL\/0000125\/2019 en contra del ex director de la Administraci\u00f3n Portuaria Integral (API) de Manzanillo, Ovidio Nodal Nicolau, presuntamente por formar parte de una red de corrupci\u00f3n que beneficiaba a empresas con contratos de cesi\u00f3n dentro del puerto, entre ellas, una donde estuvieron involucrados parientes del gobernador, Ignacio Peralta S\u00e1nchez.<\/p>\n\n\n\n<p class=\"wp-block-paragraph\">La semana pasada, a trav\u00e9s de diversos medio nacionales, entre ellos, El Financiero, el Universal y la Silla Rota, se inform\u00f3 que Nodal Nicolau est\u00e1 se\u00f1alado por ejercicio indebido de funciones, tras una acusaci\u00f3n que formul\u00f3 el \u00d3rgano Interno de Control de la API, quien alert\u00f3 que el entonces funcionario otorg\u00f3 un contrato de cesi\u00f3n para construir una terminal en el puerto a la empresa, Fluidos y Granel S.A de C.V, sin la autorizaci\u00f3n del Consejo de API y sobre todo, a pesar de que la empresa incumpl\u00eda con varios requisitos legales para ser beneficiaria.<\/p>\n\n\n\n<p class=\"wp-block-paragraph\">El&nbsp;15 de octubre de 2018, Rom\u00e1n Pablo Rangel Pinedo,&nbsp; titular del \u00d3rgano de Control Interno en la API Manzanillo, gir\u00f3 el oficio OIC09\/179\/363\/2018 a la responsable del \u00e1rea de quejas del OIC de Manzanillo,&nbsp;Nora Alba Borrego Balleza, donde expuso que el entonces &nbsp;director general de la API en Manzanillo, Ovidio Noval&nbsp;y servidores p\u00fablicos de la Coordinaci\u00f3n&nbsp;General de Puertos y Marina Mercante, incurrieron en presuntas irregularidades administrativas al otorgar un contrato a trav\u00e9s de la adjudicaci\u00f3n directa a la empresa Log\u00edstica de Fluidos y Graneles S.A de C.V, de la cual son socios, Patricia y H\u00e9ctor S\u00e1nchez Espinosa, primos hermanos del gobernador de Colima, Ignacio Peralta S\u00e1nchez, as\u00ed&nbsp;como Jes\u00fas Ram\u00f3n y Jos\u00e9 Joaqu\u00edn \u00c1lamo Navarro y Alexandros Sklavenitis Skliru.<\/p>\n\n\n\n<p class=\"wp-block-paragraph\">Al otorgarse&nbsp;la concesi\u00f3n parcial de derechos, la empresa Log\u00edstica de Fluidos y Graneles S.A. de C.V. podr\u00eda \u201cconstruir y operar una Terminal Portuaria Especializada para carga, descarga, manejo, almacenaje, alijo, estiba y acarreo de fluidos de cualquier tipo granel, agr\u00edcola, fertilizante, y carb\u00f3n por una vigencia de 20 a\u00f1os y la posibilidad de que se prorrogue, siempre que no exceda la vigencia de la Concesi\u00f3n\u201d, sin embargo, el denunciante se\u00f1al\u00f3 que dicha empresa no hab\u00eda comprobado que contaba con los recursos econ\u00f3micos para llevar a cabo el desarrollo, como lo se\u00f1ala la ley.<\/p>\n\n\n\n<p class=\"wp-block-paragraph\">El OIC de APIMAN expone&nbsp;en la p\u00e1gina 3 del anexo al oficio n\u00famero OIC 0\/179\/363\/2018 que el contrato de cesi\u00f3n APIMAN01-035\/18 \u201cno cumple con la normatividad se\u00f1alada en la Ley de Puertos y Su Reglamento\u201d.<\/p>\n\n\n\n<p class=\"wp-block-paragraph\">En su columna del pasado 8 de octubre, el periodista Dario Celis escribi\u00f3 que esta semana un juez federal dictar\u00e1 medias cautelares en contra de Ovidio Noval.<\/p>\n\n\n\n<p class=\"wp-block-paragraph\">Tambi\u00e9n menciona que el 11 de mayo de 2020, el Consejo de Administraci\u00f3n de API dio instrucciones al director de API en Manzanillo, H\u00e9ctor Mora, para que iniciara con la cancelaci\u00f3n&nbsp; del contrato a favor de la empresa beneficiada,&nbsp;pero no lo hizo, por lo que fue denunciado por complicidad con Ovidio Noval.<\/p>\n<div class=\"fb-background-color\">\n\t\t\t  <div \n\t\t\t  \tclass = \"fb-comments\" \n\t\t\t  \tdata-href = \"https:\/\/diarioavanzada.com.mx\/?p=16303\"\n\t\t\t  \tdata-numposts = \"10\"\n\t\t\t  \tdata-lazy = \"true\"\n\t\t\t\tdata-colorscheme = \"light\"\n\t\t\t\tdata-order-by = \"social\"\n\t\t\t\tdata-mobile=true>\n\t\t\t  <\/div><\/div>\n\t\t  <style>\n\t\t    .fb-background-color {\n\t\t\t\tbackground:  !important;\n\t\t\t}\n\t\t\t.fb_iframe_widget_fluid_desktop iframe {\n\t\t\t    width: 100% !important;\n\t\t\t}\n\t\t  <\/style>\n\t\t  ","protected":false},"excerpt":{"rendered":"<p>Colima, M\u00e9xico, Avanzada (12\/10\/2020).- La Fiscal\u00eda General de la Rep\u00fablica (PGR) tiene abierta la investigaci\u00f3n FED\/FEEC-COL\/0000125\/2019 en contra del ex director de la Administraci\u00f3n Portuaria Integral (API) de Manzanillo, Ovidio Nodal Nicolau, presuntamente por formar parte de una red de corrupci\u00f3n que beneficiaba a empresas con contratos de cesi\u00f3n dentro del puerto, entre ellas, una [&hellip;]<\/p>\n","protected":false},"author":5,"featured_media":9157,"comment_status":"closed","ping_status":"closed","sticky":false,"template":"","format":"standard","meta":{"_coblocks_attr":"","_coblocks_dimensions":"","_coblocks_responsive_height":"","_coblocks_accordion_ie_support":"","_crdt_document":"","advanced_seo_description":"","jetpack_seo_html_title":"","jetpack_seo_noindex":false,"_jetpack_memberships_contains_paid_content":false,"footnotes":""},"categories":[19],"tags":[210],"class_list":["post-16303","post","type-post","status-publish","format-standard","has-post-thumbnail","hentry","category-colima","tag-portada"],"jetpack_featured_media_url":"https:\/\/diarioavanzada.com.mx\/wp-content\/uploads\/2019\/12\/Gobernador-puerto.png","jetpack-related-posts":[],"jetpack_sharing_enabled":true,"amp_enabled":true,"_links":{"self":[{"href":"https:\/\/diarioavanzada.com.mx\/index.php?rest_route=\/wp\/v2\/posts\/16303","targetHints":{"allow":["GET"]}}],"collection":[{"href":"https:\/\/diarioavanzada.com.mx\/index.php?rest_route=\/wp\/v2\/posts"}],"about":[{"href":"https:\/\/diarioavanzada.com.mx\/index.php?rest_route=\/wp\/v2\/types\/post"}],"author":[{"embeddable":true,"href":"https:\/\/diarioavanzada.com.mx\/index.php?rest_route=\/wp\/v2\/users\/5"}],"replies":[{"embeddable":true,"href":"https:\/\/diarioavanzada.com.mx\/index.php?rest_route=%2Fwp%2Fv2%2Fcomments&post=16303"}],"version-history":[{"count":0,"href":"https:\/\/diarioavanzada.com.mx\/index.php?rest_route=\/wp\/v2\/posts\/16303\/revisions"}],"wp:featuredmedia":[{"embeddable":true,"href":"https:\/\/diarioavanzada.com.mx\/index.php?rest_route=\/wp\/v2\/media\/9157"}],"wp:attachment":[{"href":"https:\/\/diarioavanzada.com.mx\/index.php?rest_route=%2Fwp%2Fv2%2Fmedia&parent=16303"}],"wp:term":[{"taxonomy":"category","embeddable":true,"href":"https:\/\/diarioavanzada.com.mx\/index.php?rest_route=%2Fwp%2Fv2%2Fcategories&post=16303"},{"taxonomy":"post_tag","embeddable":true,"href":"https:\/\/diarioavanzada.com.mx\/index.php?rest_route=%2Fwp%2Fv2%2Ftags&post=16303"}],"curies":[{"name":"wp","href":"https:\/\/api.w.org\/{rel}","templated":true}]}}