{"id":16246,"date":"2020-10-10T12:29:41","date_gmt":"2020-10-10T17:29:41","guid":{"rendered":"https:\/\/diarioavanzada.com.mx\/?p=16246"},"modified":"2020-10-10T12:29:42","modified_gmt":"2020-10-10T17:29:42","slug":"son-colimenses-y-desaparecieron-hace-2-anos","status":"publish","type":"post","link":"https:\/\/diarioavanzada.com.mx\/?p=16246","title":{"rendered":"Son colimenses y desaparecieron hace 2 a\u00f1os"},"content":{"rendered":"\n<p class=\"wp-block-paragraph\">Colima, M\u00e9xico, Avanzada (10\/10\/2020).- Uno de los problemas que m\u00e1s lastima a la sociedad en Colima es la desaparici\u00f3n de personas y es que a \u00faltimas fechas, la cantidad de familias que se quedan sin alg\u00fan integrante se multiplica exponencialmente.<\/p>\n\n\n\n<p class=\"wp-block-paragraph\">La Fiscal\u00eda General del Estado de Colima muestra en su portal de internet, los rostros de personas con nombres y fechas de desaparici\u00f3n, lo lamentable es que lejos de disminuir, la cifra cada vez es mayor.<\/p>\n\n\n\n<p class=\"wp-block-paragraph\">Javier, Oswaldo, Jessyca, Fabiola, Leticia, Abel, Victoria, Miguel, H\u00e9ctor y Juan tienen algo en com\u00fan, desaparecieron hace dos a\u00f1os en Colima.<\/p>\n\n\n\n<figure class=\"wp-block-image size-large is-resized\"><img loading=\"lazy\" decoding=\"async\" src=\"https:\/\/diarioavanzada.com.mx\/wp-content\/uploads\/2020\/10\/image-143.png\" alt=\"\" class=\"wp-image-16254\" width=\"725\" height=\"968\" srcset=\"https:\/\/diarioavanzada.com.mx\/wp-content\/uploads\/2020\/10\/image-143.png 402w, https:\/\/diarioavanzada.com.mx\/wp-content\/uploads\/2020\/10\/image-143-225x300.png 225w\" sizes=\"auto, (max-width: 725px) 100vw, 725px\" \/><figcaption>Javier Ronco Vega ten\u00eda 13 a\u00f1os de edad cuando desapareci\u00f3 en Tecoman el 14 de septiembre de 2018. Como se\u00f1as particulares tiene una cicatriz en la ceja derecha en forma delgada y una cicatriz en la misma ceja en forma vertical.<\/figcaption><\/figure>\n\n\n\n<figure class=\"wp-block-image size-large\"><img loading=\"lazy\" decoding=\"async\" width=\"337\" height=\"362\" src=\"https:\/\/diarioavanzada.com.mx\/wp-content\/uploads\/2020\/10\/image-142.png\" alt=\"\" class=\"wp-image-16253\" srcset=\"https:\/\/diarioavanzada.com.mx\/wp-content\/uploads\/2020\/10\/image-142.png 337w, https:\/\/diarioavanzada.com.mx\/wp-content\/uploads\/2020\/10\/image-142-279x300.png 279w\" sizes=\"auto, (max-width: 337px) 100vw, 337px\" \/><figcaption>Oswaldo Ceballos Arroyo ten\u00eda 19 a\u00f1os de edad cuando desapareci\u00f3 en Tecom\u00e1n el 13 de septiembre de 2018. El d\u00eda que desapareci\u00f3 vest\u00eda una playera a rayas color azul rey, pantal\u00f3n de mezclilla color azul oscuro huaraches cerrados color caf\u00e9 y una gorra color caf\u00e9.<\/figcaption><\/figure>\n\n\n\n<figure class=\"wp-block-image size-large is-resized\"><img loading=\"lazy\" decoding=\"async\" src=\"https:\/\/diarioavanzada.com.mx\/wp-content\/uploads\/2020\/10\/image-144.png\" alt=\"\" class=\"wp-image-16255\" width=\"738\" height=\"944\" srcset=\"https:\/\/diarioavanzada.com.mx\/wp-content\/uploads\/2020\/10\/image-144.png 344w, https:\/\/diarioavanzada.com.mx\/wp-content\/uploads\/2020\/10\/image-144-235x300.png 235w\" sizes=\"auto, (max-width: 738px) 100vw, 738px\" \/><figcaption>Fabiola Esmeralda Segura Valencia ten\u00eda 26 a\u00f1os de edad cuando desapareci\u00f3 en Manzanillo el 18 de septiembre de 2018.<\/figcaption><\/figure>\n\n\n\n<figure class=\"wp-block-image size-large is-resized\"><img loading=\"lazy\" decoding=\"async\" src=\"https:\/\/diarioavanzada.com.mx\/wp-content\/uploads\/2020\/10\/image-136.png\" alt=\"\" class=\"wp-image-16247\" width=\"739\" height=\"956\" srcset=\"https:\/\/diarioavanzada.com.mx\/wp-content\/uploads\/2020\/10\/image-136.png 290w, https:\/\/diarioavanzada.com.mx\/wp-content\/uploads\/2020\/10\/image-136-232x300.png 232w\" sizes=\"auto, (max-width: 739px) 100vw, 739px\" \/><figcaption>Juan Carlos Castillo Ballesteros ten\u00eda 30 a\u00f1os de edad cuando desapareci\u00f3 en Manzanillo el 1 de septiembre de 2018.<\/figcaption><\/figure>\n\n\n\n<figure class=\"wp-block-image size-large is-resized\"><img loading=\"lazy\" decoding=\"async\" src=\"https:\/\/diarioavanzada.com.mx\/wp-content\/uploads\/2020\/10\/image-137.png\" alt=\"\" class=\"wp-image-16248\" width=\"734\" height=\"978\" srcset=\"https:\/\/diarioavanzada.com.mx\/wp-content\/uploads\/2020\/10\/image-137.png 443w, https:\/\/diarioavanzada.com.mx\/wp-content\/uploads\/2020\/10\/image-137-225x300.png 225w\" sizes=\"auto, (max-width: 734px) 100vw, 734px\" \/><figcaption>H\u00e9ctor Evangelista Estrada ten\u00eda 35 a\u00f1os de edad cuando desapareci\u00f3 en Jalisco el 4 de septiembre de 2018.<\/figcaption><\/figure>\n\n\n\n<figure class=\"wp-block-image size-large\"><img loading=\"lazy\" decoding=\"async\" width=\"384\" height=\"460\" src=\"https:\/\/diarioavanzada.com.mx\/wp-content\/uploads\/2020\/10\/image-145.png\" alt=\"\" class=\"wp-image-16256\" srcset=\"https:\/\/diarioavanzada.com.mx\/wp-content\/uploads\/2020\/10\/image-145.png 384w, https:\/\/diarioavanzada.com.mx\/wp-content\/uploads\/2020\/10\/image-145-250x300.png 250w\" sizes=\"auto, (max-width: 384px) 100vw, 384px\" \/><figcaption>Jessyca Olaiz Bailon ten\u00eda 22 a\u00f1os de edad cuando desapareci\u00f3 en Tecom\u00e1n el 20 de septiembre de 2018. Como se\u00f1as particulares tiene un implante en el brazo izquierdo.<\/figcaption><\/figure>\n\n\n\n<figure class=\"wp-block-image size-large is-resized\"><img loading=\"lazy\" decoding=\"async\" src=\"https:\/\/diarioavanzada.com.mx\/wp-content\/uploads\/2020\/10\/image-138.png\" alt=\"\" class=\"wp-image-16249\" width=\"734\" height=\"744\" srcset=\"https:\/\/diarioavanzada.com.mx\/wp-content\/uploads\/2020\/10\/image-138.png 590w, https:\/\/diarioavanzada.com.mx\/wp-content\/uploads\/2020\/10\/image-138-296x300.png 296w, https:\/\/diarioavanzada.com.mx\/wp-content\/uploads\/2020\/10\/image-138-80x80.png 80w\" sizes=\"auto, (max-width: 734px) 100vw, 734px\" \/><figcaption>Miguel Angel Mungu\u00eda Gonz\u00e1lez ten\u00eda 32 a\u00f1os de edad cuando desapareci\u00f3 en Tecom\u00e1n el 6 de septiembre de 2018. Como se\u00f1as particulares tiene un tatuaje en el pecho izquierdo, dice Maira y Miguel, y otro en el brazo izquierdo con la figura de un coraz\u00f3n y una cruz roja.<\/figcaption><\/figure>\n\n\n\n<figure class=\"wp-block-image size-large is-resized\"><img loading=\"lazy\" decoding=\"async\" src=\"https:\/\/diarioavanzada.com.mx\/wp-content\/uploads\/2020\/10\/image-139.png\" alt=\"\" class=\"wp-image-16250\" width=\"724\" height=\"1028\" srcset=\"https:\/\/diarioavanzada.com.mx\/wp-content\/uploads\/2020\/10\/image-139.png 238w, https:\/\/diarioavanzada.com.mx\/wp-content\/uploads\/2020\/10\/image-139-211x300.png 211w\" sizes=\"auto, (max-width: 724px) 100vw, 724px\" \/><figcaption>Victoria Contreras Estrada ten\u00eda 45 a\u00f1os de edad cuando desapareci\u00f3 en Tecoman el 8 de septiembre de 2018. Como se\u00f1as particulares tiene un tatuaje en el brazo izquierdo con el nombre de Josefina en forma vertical y otro en la pantorrilla derecha con forma de una estrella.<\/figcaption><\/figure>\n\n\n\n<figure class=\"wp-block-image size-large is-resized\"><img loading=\"lazy\" decoding=\"async\" src=\"https:\/\/diarioavanzada.com.mx\/wp-content\/uploads\/2020\/10\/image-140.png\" alt=\"\" class=\"wp-image-16251\" width=\"720\" height=\"1039\" srcset=\"https:\/\/diarioavanzada.com.mx\/wp-content\/uploads\/2020\/10\/image-140.png 377w, https:\/\/diarioavanzada.com.mx\/wp-content\/uploads\/2020\/10\/image-140-208x300.png 208w\" sizes=\"auto, (max-width: 720px) 100vw, 720px\" \/><figcaption>Abel Guti\u00e9rrez Guerrero ten\u00eda 46 a\u00f1os de edad cuando desapareci\u00f3 en Tecom\u00e1n el 9 de septiembre de 2018. Como se\u00f1as particulares le falta un pedacito de la yema del dedo anular y tambi\u00e9n del dedo medio.<\/figcaption><\/figure>\n\n\n\n<figure class=\"wp-block-image size-large is-resized\"><img loading=\"lazy\" decoding=\"async\" src=\"https:\/\/diarioavanzada.com.mx\/wp-content\/uploads\/2020\/10\/image-141.png\" alt=\"\" class=\"wp-image-16252\" width=\"739\" height=\"1015\" \/><figcaption>Leticia Zamora Aguirre tiene 39 a\u00f1os de edad, desapareci\u00f3 en Villa De Alvarez el 9 de septiembre de 2018.<\/figcaption><\/figure>\n\n\n\n<p class=\"wp-block-paragraph\">En caso de que usted conozca el paradero de alguna de las personas que aqu\u00ed aparecen o pueda contribuir con informaci\u00f3n para su localizaci\u00f3n, favor de reportarlo a los tel\u00e9fonos de la Fiscal\u00eda del Estado de Colima: (312) 312 30 87, (312) 312 79 10, (312) 312 79 40.<\/p>\n<div class=\"fb-background-color\">\n\t\t\t  <div \n\t\t\t  \tclass = \"fb-comments\" \n\t\t\t  \tdata-href = \"https:\/\/diarioavanzada.com.mx\/?p=16246\"\n\t\t\t  \tdata-numposts = \"10\"\n\t\t\t  \tdata-lazy = \"true\"\n\t\t\t\tdata-colorscheme = \"light\"\n\t\t\t\tdata-order-by = \"social\"\n\t\t\t\tdata-mobile=true>\n\t\t\t  <\/div><\/div>\n\t\t  <style>\n\t\t    .fb-background-color {\n\t\t\t\tbackground:  !important;\n\t\t\t}\n\t\t\t.fb_iframe_widget_fluid_desktop iframe {\n\t\t\t    width: 100% !important;\n\t\t\t}\n\t\t  <\/style>\n\t\t  ","protected":false},"excerpt":{"rendered":"<p>Colima, M\u00e9xico, Avanzada (10\/10\/2020).- Uno de los problemas que m\u00e1s lastima a la sociedad en Colima es la desaparici\u00f3n de personas y es que a \u00faltimas fechas, la cantidad de familias que se quedan sin alg\u00fan integrante se multiplica exponencialmente. La Fiscal\u00eda General del Estado de Colima muestra en su portal de internet, los rostros [&hellip;]<\/p>\n","protected":false},"author":7,"featured_media":16257,"comment_status":"closed","ping_status":"closed","sticky":false,"template":"","format":"standard","meta":{"_coblocks_attr":"","_coblocks_dimensions":"","_coblocks_responsive_height":"","_coblocks_accordion_ie_support":"","advanced_seo_description":"","jetpack_seo_html_title":"","jetpack_seo_noindex":false,"jetpack_seo_schema_type":"","_jetpack_newsletter_access":"","_jetpack_dont_email_post_to_subs":false,"_jetpack_newsletter_tier_id":0,"_jetpack_memberships_contains_paywalled_content":false,"_wpcom_ai_launchpad_first_post":false,"_jetpack_feature_clip_id":0,"_jetpack_memberships_contains_paid_content":false,"footnotes":"","jetpack_post_was_ever_published":false},"categories":[19,231],"tags":[237,275,210,228],"class_list":["post-16246","post","type-post","status-publish","format-standard","has-post-thumbnail","hentry","category-colima","category-seguridad","tag-colima","tag-desaparecidos","tag-portada","tag-violencia"],"jetpack-related-posts":[],"jetpack_sharing_enabled":true,"amp_enabled":true,"jetpack_featured_media_url":"https:\/\/diarioavanzada.com.mx\/wp-content\/uploads\/2020\/10\/image-146.png","_links":{"self":[{"href":"https:\/\/diarioavanzada.com.mx\/index.php?rest_route=\/wp\/v2\/posts\/16246","targetHints":{"allow":["GET"]}}],"collection":[{"href":"https:\/\/diarioavanzada.com.mx\/index.php?rest_route=\/wp\/v2\/posts"}],"about":[{"href":"https:\/\/diarioavanzada.com.mx\/index.php?rest_route=\/wp\/v2\/types\/post"}],"author":[{"embeddable":true,"href":"https:\/\/diarioavanzada.com.mx\/index.php?rest_route=\/wp\/v2\/users\/7"}],"replies":[{"embeddable":true,"href":"https:\/\/diarioavanzada.com.mx\/index.php?rest_route=%2Fwp%2Fv2%2Fcomments&post=16246"}],"version-history":[{"count":0,"href":"https:\/\/diarioavanzada.com.mx\/index.php?rest_route=\/wp\/v2\/posts\/16246\/revisions"}],"wp:featuredmedia":[{"embeddable":true,"href":"https:\/\/diarioavanzada.com.mx\/index.php?rest_route=\/wp\/v2\/media\/16257"}],"wp:attachment":[{"href":"https:\/\/diarioavanzada.com.mx\/index.php?rest_route=%2Fwp%2Fv2%2Fmedia&parent=16246"}],"wp:term":[{"taxonomy":"category","embeddable":true,"href":"https:\/\/diarioavanzada.com.mx\/index.php?rest_route=%2Fwp%2Fv2%2Fcategories&post=16246"},{"taxonomy":"post_tag","embeddable":true,"href":"https:\/\/diarioavanzada.com.mx\/index.php?rest_route=%2Fwp%2Fv2%2Ftags&post=16246"}],"curies":[{"name":"wp","href":"https:\/\/api.w.org\/{rel}","templated":true}]}}