{"id":16232,"date":"2020-10-10T09:14:08","date_gmt":"2020-10-10T14:14:08","guid":{"rendered":"https:\/\/diarioavanzada.com.mx\/?p=16232"},"modified":"2020-10-10T09:14:10","modified_gmt":"2020-10-10T14:14:10","slug":"presupuesto-para-colima-sera-menor-a-lo-ejercido-en-2020","status":"publish","type":"post","link":"https:\/\/diarioavanzada.com.mx\/?p=16232","title":{"rendered":"Presupuesto para Colima ser\u00e1 menor a lo ejercido en 2020"},"content":{"rendered":"\n<p class=\"wp-block-paragraph\">Colima, M\u00e9xico, Avanzada (10\/10\/2020).- El presidente de la comisi\u00f3n de Hacienda en el Congreso local, Julio Anguiano Urbina prev\u00e9 que para el pr\u00f3ximo a\u00f1o, el presupuesto estatal sufrir\u00e1 un recorte considerable que impactar\u00e1 en varias dependencias.<\/p>\n\n\n\n<p class=\"wp-block-paragraph\">El legislador local se\u00f1al\u00f3 que las afectaciones econ\u00f3micas que est\u00e1n ocasionando la pandemia del Covid-19 y los recortes federales que se anuncian para el estado en el 2021, obligar\u00e1n a que los legisladores locales aprueben un presupuesto local austero que estar\u00e1 por debajo de los 17 mil millones de pesos autorizados en este 2020.<\/p>\n\n\n\n<p class=\"wp-block-paragraph\">Anguiano Urbina previ\u00f3 un intenso an\u00e1lisis con los funcionarios involucrados en los temas presupuestales, as\u00ed como los representantes de organismos descentralizados con quienes revisar\u00e1n los n\u00fameros finales.<\/p>\n\n\n\n<p class=\"wp-block-paragraph\">No obstante, advirti\u00f3 que el presupuesto ser\u00e1 menor al que se ejerce este a\u00f1o; \u201ctambi\u00e9n esperemos que tengan prioridad los temas de salud y seguridad, dado que 2020 fueron las principales problem\u00e1ticas del estado\u201d.<\/p>\n\n\n\n<p class=\"wp-block-paragraph\">El presidente de la Comisi\u00f3n de Hacienda record\u00f3 que en este mes el secretario de Finanzas del gobierno estatal, Carlos Arturo Noriega Garc\u00eda deber\u00e1 entregar la propuesta de Paquete Fiscal que incluye la Ley de Ingresos y el Presupuesto de Egresos del Estado.<\/p>\n\n\n\n<p class=\"wp-block-paragraph\">Ante la solicitud de diversos organismos quienes han solicitado un aumento de presupuesto, Anguiano Urbina afirm\u00f3 que se escuchar\u00e1 a todos, \u201cpero debe quedar claro que las prioridades son educaci\u00f3n, salud y educaci\u00f3n\u201d.<\/p>\n\n\n\n<p class=\"wp-block-paragraph\">Sin ahondar en los detalles, dijo que en el presupuesto del 2021 se tendr\u00e1n que tomar decisiones que posiblemente no \u201cgustan, pero que son necesarias, pues hemos visto que hay municipios que han perdido el 50 por ciento de su recaudaci\u00f3n, lo que complica todav\u00eda m\u00e1s la situaci\u00f3n\u201d.<\/p>\n<div class=\"fb-background-color\">\n\t\t\t  <div \n\t\t\t  \tclass = \"fb-comments\" \n\t\t\t  \tdata-href = \"https:\/\/diarioavanzada.com.mx\/?p=16232\"\n\t\t\t  \tdata-numposts = \"10\"\n\t\t\t  \tdata-lazy = \"true\"\n\t\t\t\tdata-colorscheme = \"light\"\n\t\t\t\tdata-order-by = \"social\"\n\t\t\t\tdata-mobile=true>\n\t\t\t  <\/div><\/div>\n\t\t  <style>\n\t\t    .fb-background-color {\n\t\t\t\tbackground:  !important;\n\t\t\t}\n\t\t\t.fb_iframe_widget_fluid_desktop iframe {\n\t\t\t    width: 100% !important;\n\t\t\t}\n\t\t  <\/style>\n\t\t  ","protected":false},"excerpt":{"rendered":"<p>Colima, M\u00e9xico, Avanzada (10\/10\/2020).- El presidente de la comisi\u00f3n de Hacienda en el Congreso local, Julio Anguiano Urbina prev\u00e9 que para el pr\u00f3ximo a\u00f1o, el presupuesto estatal sufrir\u00e1 un recorte considerable que impactar\u00e1 en varias dependencias. El legislador local se\u00f1al\u00f3 que las afectaciones econ\u00f3micas que est\u00e1n ocasionando la pandemia del Covid-19 y los recortes federales [&hellip;]<\/p>\n","protected":false},"author":5,"featured_media":329,"comment_status":"closed","ping_status":"closed","sticky":false,"template":"","format":"standard","meta":{"_coblocks_attr":"","_coblocks_dimensions":"","_coblocks_responsive_height":"","_coblocks_accordion_ie_support":"","_crdt_document":"","advanced_seo_description":"","jetpack_seo_html_title":"","jetpack_seo_noindex":false,"_jetpack_memberships_contains_paid_content":false,"footnotes":""},"categories":[19],"tags":[210],"class_list":["post-16232","post","type-post","status-publish","format-standard","has-post-thumbnail","hentry","category-colima","tag-portada"],"jetpack_featured_media_url":"https:\/\/diarioavanzada.com.mx\/wp-content\/uploads\/2018\/04\/4-palacio-de-gobierno.jpg","jetpack-related-posts":[],"jetpack_sharing_enabled":true,"amp_enabled":true,"_links":{"self":[{"href":"https:\/\/diarioavanzada.com.mx\/index.php?rest_route=\/wp\/v2\/posts\/16232","targetHints":{"allow":["GET"]}}],"collection":[{"href":"https:\/\/diarioavanzada.com.mx\/index.php?rest_route=\/wp\/v2\/posts"}],"about":[{"href":"https:\/\/diarioavanzada.com.mx\/index.php?rest_route=\/wp\/v2\/types\/post"}],"author":[{"embeddable":true,"href":"https:\/\/diarioavanzada.com.mx\/index.php?rest_route=\/wp\/v2\/users\/5"}],"replies":[{"embeddable":true,"href":"https:\/\/diarioavanzada.com.mx\/index.php?rest_route=%2Fwp%2Fv2%2Fcomments&post=16232"}],"version-history":[{"count":0,"href":"https:\/\/diarioavanzada.com.mx\/index.php?rest_route=\/wp\/v2\/posts\/16232\/revisions"}],"wp:featuredmedia":[{"embeddable":true,"href":"https:\/\/diarioavanzada.com.mx\/index.php?rest_route=\/wp\/v2\/media\/329"}],"wp:attachment":[{"href":"https:\/\/diarioavanzada.com.mx\/index.php?rest_route=%2Fwp%2Fv2%2Fmedia&parent=16232"}],"wp:term":[{"taxonomy":"category","embeddable":true,"href":"https:\/\/diarioavanzada.com.mx\/index.php?rest_route=%2Fwp%2Fv2%2Fcategories&post=16232"},{"taxonomy":"post_tag","embeddable":true,"href":"https:\/\/diarioavanzada.com.mx\/index.php?rest_route=%2Fwp%2Fv2%2Ftags&post=16232"}],"curies":[{"name":"wp","href":"https:\/\/api.w.org\/{rel}","templated":true}]}}