{"id":16023,"date":"2020-10-05T12:38:12","date_gmt":"2020-10-05T17:38:12","guid":{"rendered":"https:\/\/diarioavanzada.com.mx\/?p=16023"},"modified":"2020-10-05T12:38:14","modified_gmt":"2020-10-05T17:38:14","slug":"gobernador-fracasa-en-la-generacion-de-empleos-la-meta-eran-10-mil-presume-1200","status":"publish","type":"post","link":"https:\/\/diarioavanzada.com.mx\/?p=16023","title":{"rendered":"Gobernador fracasa en la generaci\u00f3n de empleos, la meta eran 10 mil, presume 1200"},"content":{"rendered":"\n<p class=\"wp-block-paragraph\">Colima, M\u00e9xico, Avanzada (05\/10\/2020).- En su Quinto informe de gobierno, Ignacio Peralta S\u00e1nchez presumi\u00f3 que se crearon mil 125 empleos a trav\u00e9s de bolsas de trabajo y ferias de empleos.<\/p>\n\n\n\n<p class=\"wp-block-paragraph\">Sin embargo, al inicio de su gobierno y en el Plan Estatal de Desarrollo, el titular del Ejecutivo se comprometi\u00f3 a generar 10 mil empleos formales por a\u00f1o, es decir, 60 mil al t\u00e9rmino del sexenio.<\/p>\n\n\n\n<p class=\"wp-block-paragraph\">Los datos en materia de generaci\u00f3n de empleos muestran que el mandatario estatal no s\u00f3lo incumpli\u00f3 con sus compromisos de abrir nuevas fuentes de empleo en este a\u00f1o, donde la crisis econ\u00f3mica se agudiz\u00f3 por la pandemia del Covid-19, tambi\u00e9n en los a\u00f1os anteriores.<\/p>\n\n\n\n<p class=\"wp-block-paragraph\">Los datos del INEGI y de la organizaci\u00f3n \u00bfC\u00f3mo Vamos? M\u00e9xico, muestran que entre el 2016 y el 2018,&nbsp;el gobierno del Estado gener\u00f3 un total de 13&nbsp;mil&nbsp;925 plazas laborales, de las 30 mil que tendr\u00eda que haber creado. &nbsp;<\/p>\n\n\n\n<p class=\"wp-block-paragraph\">En el 2016 se crearon 4&nbsp;mil&nbsp;588&nbsp;empleos&nbsp;de los&nbsp;10&nbsp;mil&nbsp;establecidos como objetivo; en el 2017 se reportaron 5&nbsp;mil&nbsp;836&nbsp;empleos&nbsp;nuevos, y en el 2018, la generaci\u00f3n de nuevas plazas laborales, apenas fue de 3&nbsp;mil&nbsp;50.<\/p>\n\n\n\n<p class=\"wp-block-paragraph\">Los propios datos del gobierno estatal muestran que en el 2019 hubo una mayor generaci\u00f3n de&nbsp;empleos&nbsp;en comparaci\u00f3n con los tres a\u00f1os anteriores, sin embargo, las cifras &nbsp;no llegaron ni a la mitad de la&nbsp;meta&nbsp;propuesta para garantizar la estabilidad laboral y econ\u00f3mica.<\/p>\n\n\n\n<p class=\"wp-block-paragraph\">Cabe recordar que en el 2019, el INEGI &nbsp;alert\u00f3 que en Colima, al igual que en el resto del pa\u00eds, prevalece la desaparici\u00f3n de&nbsp;empleos&nbsp;bien remunerados, a cambio de aquellos que pagan menos de un salario m\u00ednimo y no ofrecen ning\u00fan tipo de prestaci\u00f3n social.<\/p>\n<div class=\"fb-background-color\">\n\t\t\t  <div \n\t\t\t  \tclass = \"fb-comments\" \n\t\t\t  \tdata-href = \"https:\/\/diarioavanzada.com.mx\/?p=16023\"\n\t\t\t  \tdata-numposts = \"10\"\n\t\t\t  \tdata-lazy = \"true\"\n\t\t\t\tdata-colorscheme = \"light\"\n\t\t\t\tdata-order-by = \"social\"\n\t\t\t\tdata-mobile=true>\n\t\t\t  <\/div><\/div>\n\t\t  <style>\n\t\t    .fb-background-color {\n\t\t\t\tbackground:  !important;\n\t\t\t}\n\t\t\t.fb_iframe_widget_fluid_desktop iframe {\n\t\t\t    width: 100% !important;\n\t\t\t}\n\t\t  <\/style>\n\t\t  ","protected":false},"excerpt":{"rendered":"<p>Colima, M\u00e9xico, Avanzada (05\/10\/2020).- En su Quinto informe de gobierno, Ignacio Peralta S\u00e1nchez presumi\u00f3 que se crearon mil 125 empleos a trav\u00e9s de bolsas de trabajo y ferias de empleos. Sin embargo, al inicio de su gobierno y en el Plan Estatal de Desarrollo, el titular del Ejecutivo se comprometi\u00f3 a generar 10 mil empleos [&hellip;]<\/p>\n","protected":false},"author":5,"featured_media":15874,"comment_status":"closed","ping_status":"closed","sticky":false,"template":"","format":"standard","meta":{"_coblocks_attr":"","_coblocks_dimensions":"","_coblocks_responsive_height":"","_coblocks_accordion_ie_support":"","_crdt_document":"","advanced_seo_description":"","jetpack_seo_html_title":"","jetpack_seo_noindex":false,"_jetpack_memberships_contains_paid_content":false,"footnotes":""},"categories":[19],"tags":[210],"class_list":["post-16023","post","type-post","status-publish","format-standard","has-post-thumbnail","hentry","category-colima","tag-portada"],"jetpack_featured_media_url":"https:\/\/diarioavanzada.com.mx\/wp-content\/uploads\/2020\/09\/120298748_3553903534674986_8652186514264219210_o.jpg","jetpack-related-posts":[],"jetpack_sharing_enabled":true,"amp_enabled":true,"_links":{"self":[{"href":"https:\/\/diarioavanzada.com.mx\/index.php?rest_route=\/wp\/v2\/posts\/16023","targetHints":{"allow":["GET"]}}],"collection":[{"href":"https:\/\/diarioavanzada.com.mx\/index.php?rest_route=\/wp\/v2\/posts"}],"about":[{"href":"https:\/\/diarioavanzada.com.mx\/index.php?rest_route=\/wp\/v2\/types\/post"}],"author":[{"embeddable":true,"href":"https:\/\/diarioavanzada.com.mx\/index.php?rest_route=\/wp\/v2\/users\/5"}],"replies":[{"embeddable":true,"href":"https:\/\/diarioavanzada.com.mx\/index.php?rest_route=%2Fwp%2Fv2%2Fcomments&post=16023"}],"version-history":[{"count":0,"href":"https:\/\/diarioavanzada.com.mx\/index.php?rest_route=\/wp\/v2\/posts\/16023\/revisions"}],"wp:featuredmedia":[{"embeddable":true,"href":"https:\/\/diarioavanzada.com.mx\/index.php?rest_route=\/wp\/v2\/media\/15874"}],"wp:attachment":[{"href":"https:\/\/diarioavanzada.com.mx\/index.php?rest_route=%2Fwp%2Fv2%2Fmedia&parent=16023"}],"wp:term":[{"taxonomy":"category","embeddable":true,"href":"https:\/\/diarioavanzada.com.mx\/index.php?rest_route=%2Fwp%2Fv2%2Fcategories&post=16023"},{"taxonomy":"post_tag","embeddable":true,"href":"https:\/\/diarioavanzada.com.mx\/index.php?rest_route=%2Fwp%2Fv2%2Ftags&post=16023"}],"curies":[{"name":"wp","href":"https:\/\/api.w.org\/{rel}","templated":true}]}}