{"id":15867,"date":"2020-09-30T08:48:28","date_gmt":"2020-09-30T13:48:28","guid":{"rendered":"https:\/\/diarioavanzada.com.mx\/?p=15867"},"modified":"2020-09-30T08:48:30","modified_gmt":"2020-09-30T13:48:30","slug":"elecciones-adelantadas-derrota-fulminante-de-la-oposicion","status":"publish","type":"post","link":"https:\/\/diarioavanzada.com.mx\/?p=15867","title":{"rendered":"Elecciones adelantadas; derrota fulminante de la oposici\u00f3n"},"content":{"rendered":"\n<p class=\"wp-block-paragraph\">Las elecciones se adelantaron, por las prisas de la ultraderecha hist\u00e9rica, y la violencia como t\u00e1ctica pol\u00edtica \u2013infiltraci\u00f3n y financiamiento- en las movilizaciones leg\u00edtimas, d\u00edgase de desaparecidos, feminista o de cualquier \u00edndole pero con tendencia democr\u00e1tica, que pretendieron crear un clima de ingobernabilidad y terminaron acelerando los procesos de cambio y de lucha contra la corrupci\u00f3n.<\/p>\n\n\n\n<p class=\"wp-block-paragraph\">Falta nueves meses exactos para las elecciones intermedias formales y la oposici\u00f3n ya perdi\u00f3 las elecciones.\u00a0<\/p>\n\n\n\n<p class=\"wp-block-paragraph\">Me explico.<\/p>\n\n\n\n<p class=\"wp-block-paragraph\">Primer error de la oposici\u00f3n.- En su af\u00e1n de eliminar de la boleta del 2021, el nombre del presidente, la derecha no acept\u00f3 la realizaci\u00f3n de la elecci\u00f3n de revocaci\u00f3n de mandato en la misma boleta de la renovaci\u00f3n de los miembros de la C\u00e1mara de Diputados del seis de junio de 2021 y mand\u00f3 el plebiscito de revocaci\u00f3n de mandato para marzo de 2022.<\/p>\n\n\n\n<p class=\"wp-block-paragraph\">La estrategia de la derecha no vio hacia el futuro que, con esta postura, iba a convertir un proceso electoral \u00fanico de junio de 2021 en una <strong>elecci\u00f3n permanente<\/strong> que extender\u00e1 la campa\u00f1a hasta el 2022. Esto se traduce en una campa\u00f1a permanente del Ejecutivo \u2013autorizada y legitimada por la oposici\u00f3n- hasta la citada fecha.<\/p>\n\n\n\n<p class=\"wp-block-paragraph\">La derecha vio muy cerca la elecci\u00f3n de 2021 y sinti\u00f3 que todav\u00eda estaba muy d\u00e9bil para enfrentar a un presidente con amplios consensos y creciendo su base social de respaldo. Vio con mayores posibilidades su reagrupaci\u00f3n en este periodo y busc\u00f3 ampliar los tiempos (nueve meses) para relanzar sus candidaturas imaginando y apost\u00e1ndole al desgaste del ejercicio del poder del Ejecutivo; sin embargo, no valor\u00f3 que las elecci\u00f3n de 2021 y 2022 las separan nueve meses, tiempo que \u00e9sta consider\u00f3 prudente para relanzarse contra un Ejecutivo desgastado y, entonces s\u00ed, darle la estocada final. Pero la realidad ha tra\u00eddo una disputa distinta. La derecha al mandar la elecci\u00f3n de revocaci\u00f3n de mandato hasta marzo de 2022 lo que hizo en realidad fue convertir ambas elecciones en elecciones de revocaci\u00f3n de mandato, es decir, en lugar de quitar de la boleta a Amlo de 2021, termin\u00f3 meti\u00e9ndolo (de manera figurada) en las dos boletas al disputarse, en ambas, la aprobaci\u00f3n o desaprobaci\u00f3n del actual r\u00e9gimen. Pues la elecci\u00f3n no se puede fragmentar en dos elecciones en dos tiempos, sino que, la din\u00e1mica de la realidad las ha convertido en una elecci\u00f3n en dos tiempos. Donde ser\u00e1 la elecci\u00f3n de revocaci\u00f3n de mandato la que subyacer\u00e1, en la primera, y ser\u00e1 explicita en la segunda, pero en ambas la permanencia o no el Ejecutivo ser\u00e1 el fiel de la balanza. Amlo estar\u00e1 en las dos boletas (en la primera impl\u00edcitamente y en la segunda en forma expl\u00edcita) gracias a la brillantes y los miedos de la derecha. Que tratando de evitar enfrentarse al presidente lo termina enfrentando todo el tiempo, es decir, en una elecci\u00f3n permanente. Craso error de la derecha.&nbsp;<\/p>\n\n\n\n<p class=\"wp-block-paragraph\">Segundo error de la oposici\u00f3n.- En un af\u00e1n de deshacer de un gobierno que est\u00e1 acabando con sus privilegios vislumbr\u00f3 una v\u00eda corta para deponer a Amlo. Imagin\u00f3 f\u00e1cil presionar para derrocar al presidente generando condiciones de ingobernabilidad por medio de un golpe blando que incluy\u00f3: orquestaci\u00f3n de un grupo rebelde de gobernadores; desestabilizaci\u00f3n del estado de Chihuahua simulando un conflicto de disputa justa por el agua; denunciando una falsa restricci\u00f3n de la libertad de expresi\u00f3n y; una gran manifestaci\u00f3n masiva de ciudadanos en el Z\u00f3calo. Todas estas acciones converger\u00edan en octubre con las manifestaciones de izquierda por los aniversarios y conmemoraciones de las luchas democr\u00e1ticas. La ingobernabilidad \u2013imaginaron en sus aceleradas mentes- ser\u00eda tan grande y los medios las magnificar\u00edan y las har\u00edan de dimensiones internacionales que Amlo terminar\u00eda renunciando antes del 1 de diciembre y el Congreso se ver\u00eda obligado constitucionalmente a convocar a elecciones extraordinarias.&nbsp;<\/p>\n\n\n\n<p class=\"wp-block-paragraph\">Pues no, todo les fall\u00f3.<\/p>\n\n\n\n<p class=\"wp-block-paragraph\">Los gobernadores no pueden ni con sus estados, los tienen hechos un desastre pol\u00edtico; Javier Corral termin\u00f3 exhibido como un vulgar agitador e incapaz de honrar su palabra al desconocer los acuerdos suscritos en las oficinas de Bucareli; los abajofirmantes \u201cintelectuales\u201d terminaron haciendo muy mal lo que dec\u00edan hacer muy bien: pensar, pues los amos del c\u00edrculo rojo terminaron sometidos por los miembros del c\u00edrculo verde; y la magna manifestaci\u00f3n de las <em>Casitas Vac\u00edas<\/em> termin\u00f3 en un magno rid\u00edculo, propio de an\u00e1lisis psiqui\u00e1tricos mas que pol\u00edtico.<\/p>\n\n\n\n<p class=\"wp-block-paragraph\">Conclusi\u00f3n uno.- La derecha provoc\u00f3 lo que quer\u00eda evitar. En lugar de conseguir ampliar los tiempo, para reestructurase y reorganizarse, termin\u00f3 por adelantar las elecciones de facto y desde septiembre M\u00e9xico se encuentra en una disputa electoral aunque las campa\u00f1as electorales formales todav\u00eda est\u00e1n muy lejos.<\/p>\n\n\n\n<p class=\"wp-block-paragraph\">Conclusi\u00f3n dos.- Las elecciones hoy ya las perdi\u00f3 la oposici\u00f3n y, se den como se den las cosas, la Cuarta Transformaci\u00f3n, sin lugar a dudas, tendr\u00e1 mayor\u00eda en la C\u00e1mara de Diputados y s\u00f3lo ser\u00e1 restringida por los l\u00edmites cuantitativos que le marca la ley para garantizar el derecho de minor\u00edas. Definitivamente, tambi\u00e9n Morena, arrasar\u00e1 en la conquista de las gubernaturas y tendr\u00e1 mayor\u00eda en toda la Rep\u00fablica. O sea, tendr\u00e1 gobernabilidad y manejo pol\u00edtico de la naci\u00f3n con una oposici\u00f3n disminuida cuantitativamente.<\/p>\n\n\n\n<p class=\"wp-block-paragraph\">Conclusi\u00f3n tres.- Los elementos que introdujo la oposici\u00f3n para intentar crear ingobernabilidad creo una verdadera cortina de humo que termin\u00f3 beneficiando a Morena. Morena en su lucha fratricida que por un lado burocratiza a trav\u00e9s del INE y, por otro, la judicializa, por medio de Tribunal Electoral del Poder Judicial de la Federaci\u00f3n, terminar\u00e1 teniendo una elecci\u00f3n que, no se le presta atenci\u00f3n, pero que los resultados de la encuesta, gane quien gane, tendr\u00e1 una salida pol\u00edticamente funcional en v\u00edsperas de la selecci\u00f3n de candidatos a la elecci\u00f3n intermedia y obligar\u00e1 a sus miembros a acatar las decisiones del poder real dentro de la 4T para darle viabilidad al proyecto pol\u00edtico.<\/p>\n\n\n\n<p class=\"wp-block-paragraph\">Conclusi\u00f3n cuatro.- El caso de las feministas tambi\u00e9n ser\u00e1 solucionado dentro de la disputa de Morena pues sus respaldos pol\u00edticos y financieros ya est\u00e1n siendo exhibidos y, a vuelta de a\u00f1o, estar\u00e1n mucho m\u00e1s debilitados y la lucha leg\u00edtima de genero ser\u00e1 resuelta dentro de los m\u00e1rgenes del gobierno federal \u2013creando pol\u00edticas p\u00fablicas de g\u00e9nero y conteniendo la violencia que los gobiernos locales de oposici\u00f3n que no han querido ni sabido contener- y pol\u00edticamente entre los liderazgo de Morena y la izquierda democr\u00e1tica. Las violentas poco a poco est\u00e1n siendo desplazadas por la sociedad que est\u00e1 siendo la principal protagonista, muy a pesar de los partidarios de las pol\u00edticas palaciegas.<\/p>\n\n\n\n<p class=\"wp-block-paragraph\">Las elecciones se adelantaron y Amlo est\u00e1 en la boleta y la oposici\u00f3n no parece darse cuenta. Ya perdieron.<\/p>\n<div class=\"fb-background-color\">\n\t\t\t  <div \n\t\t\t  \tclass = \"fb-comments\" \n\t\t\t  \tdata-href = \"https:\/\/diarioavanzada.com.mx\/?p=15867\"\n\t\t\t  \tdata-numposts = \"10\"\n\t\t\t  \tdata-lazy = \"true\"\n\t\t\t\tdata-colorscheme = \"light\"\n\t\t\t\tdata-order-by = \"social\"\n\t\t\t\tdata-mobile=true>\n\t\t\t  <\/div><\/div>\n\t\t  <style>\n\t\t    .fb-background-color {\n\t\t\t\tbackground:  !important;\n\t\t\t}\n\t\t\t.fb_iframe_widget_fluid_desktop iframe {\n\t\t\t    width: 100% !important;\n\t\t\t}\n\t\t  <\/style>\n\t\t  ","protected":false},"excerpt":{"rendered":"<p>Las elecciones se adelantaron, por las prisas de la ultraderecha hist\u00e9rica, y la violencia como t\u00e1ctica pol\u00edtica \u2013infiltraci\u00f3n y financiamiento- en las movilizaciones leg\u00edtimas, d\u00edgase de desaparecidos, feminista o de cualquier \u00edndole pero con tendencia democr\u00e1tica, que pretendieron crear un clima de ingobernabilidad y terminaron acelerando los procesos de cambio y de lucha contra la [&hellip;]<\/p>\n","protected":false},"author":9,"featured_media":15868,"comment_status":"closed","ping_status":"closed","sticky":false,"template":"","format":"standard","meta":{"_coblocks_attr":"","_coblocks_dimensions":"","_coblocks_responsive_height":"","_coblocks_accordion_ie_support":"","advanced_seo_description":"","jetpack_seo_html_title":"","jetpack_seo_noindex":false,"jetpack_seo_schema_type":"","_jetpack_newsletter_access":"","_jetpack_dont_email_post_to_subs":false,"_jetpack_newsletter_tier_id":0,"_jetpack_memberships_contains_paywalled_content":false,"_wpcom_ai_launchpad_first_post":false,"_jetpack_feature_clip_id":0,"_jetpack_memberships_contains_paid_content":false,"footnotes":"","jetpack_post_was_ever_published":false},"categories":[24],"tags":[220],"class_list":["post-15867","post","type-post","status-publish","format-standard","has-post-thumbnail","hentry","category-opinion","tag-opinion"],"jetpack-related-posts":[],"jetpack_sharing_enabled":true,"amp_enabled":true,"jetpack_featured_media_url":"https:\/\/diarioavanzada.com.mx\/wp-content\/uploads\/2020\/09\/image-269.png","_links":{"self":[{"href":"https:\/\/diarioavanzada.com.mx\/index.php?rest_route=\/wp\/v2\/posts\/15867","targetHints":{"allow":["GET"]}}],"collection":[{"href":"https:\/\/diarioavanzada.com.mx\/index.php?rest_route=\/wp\/v2\/posts"}],"about":[{"href":"https:\/\/diarioavanzada.com.mx\/index.php?rest_route=\/wp\/v2\/types\/post"}],"author":[{"embeddable":true,"href":"https:\/\/diarioavanzada.com.mx\/index.php?rest_route=\/wp\/v2\/users\/9"}],"replies":[{"embeddable":true,"href":"https:\/\/diarioavanzada.com.mx\/index.php?rest_route=%2Fwp%2Fv2%2Fcomments&post=15867"}],"version-history":[{"count":0,"href":"https:\/\/diarioavanzada.com.mx\/index.php?rest_route=\/wp\/v2\/posts\/15867\/revisions"}],"wp:featuredmedia":[{"embeddable":true,"href":"https:\/\/diarioavanzada.com.mx\/index.php?rest_route=\/wp\/v2\/media\/15868"}],"wp:attachment":[{"href":"https:\/\/diarioavanzada.com.mx\/index.php?rest_route=%2Fwp%2Fv2%2Fmedia&parent=15867"}],"wp:term":[{"taxonomy":"category","embeddable":true,"href":"https:\/\/diarioavanzada.com.mx\/index.php?rest_route=%2Fwp%2Fv2%2Fcategories&post=15867"},{"taxonomy":"post_tag","embeddable":true,"href":"https:\/\/diarioavanzada.com.mx\/index.php?rest_route=%2Fwp%2Fv2%2Ftags&post=15867"}],"curies":[{"name":"wp","href":"https:\/\/api.w.org\/{rel}","templated":true}]}}