{"id":15784,"date":"2020-09-26T09:46:49","date_gmt":"2020-09-26T14:46:49","guid":{"rendered":"https:\/\/diarioavanzada.com.mx\/?p=15784"},"modified":"2020-09-26T09:46:51","modified_gmt":"2020-09-26T14:46:51","slug":"diputados-buscan-anular-la-sesion-en-la-que-aprobaron-credito-por-740-mdp-al-gobernador","status":"publish","type":"post","link":"https:\/\/diarioavanzada.com.mx\/?p=15784","title":{"rendered":"Diputados buscan anular la sesi\u00f3n en la que aprobaron cr\u00e9dito por 740 MDP al gobernador"},"content":{"rendered":"\n<p class=\"wp-block-paragraph\">Colima, M\u00e9xico, Avanzada (26\/09\/2020).- Cinco diputados de Morena buscan la protecci\u00f3n del Tribunal Electoral del Poder Judicial de la Federaci\u00f3n (TEPJF)&nbsp;para echar abajo la sesi\u00f3n ordinaria donde 15 legisladores&nbsp;le autorizaron al gobernador, Ignacio Peralta S\u00e1nchez la contrataci\u00f3n de un cr\u00e9dito hasta por 740 millones de pesos.<\/p>\n\n\n\n<p class=\"wp-block-paragraph\">Los legisladores, Claudia Aguirre Luna, Livier Rodr\u00edguez Osorio, Araceli Garc\u00eda Muro, Ana Karen Hern\u00e1ndez Aceves, Vladimir Parra Barrag\u00e1n y Arturo Garc\u00eda Arias interpusieron ante el TEPJF un recurso en contra del fallo del Tribunal Electoral del Estado (TEE), quien la semana pasada sobresey\u00f3 la denuncia interpuesta por los legisladores quienes argumentaron que en la sesi\u00f3n del 7 de junio de 2020, se violentaron sus derechos pol\u00edtico electorales.<\/p>\n\n\n\n<p class=\"wp-block-paragraph\">El recurso ante el TEPJF fue interpuesto este 23 de septiembre por la legisladora Claudia Aguirre Luna, aunque est\u00e1 firmado por otros cuatro legisladores de Morena.<\/p>\n\n\n\n<p class=\"wp-block-paragraph\">Los diputados promoventes del recurso, en un primer momento recurrieron al Tribunal Electoral del Estado para solicitar protecci\u00f3n porque consideraban que en la sesi\u00f3n del 7 de julio, la polic\u00eda estatal les prohibi\u00f3 el ingreso a la sesi\u00f3n, por lo que no pudieron estar presentes en la votaci\u00f3n del dictamen donde se le autoriz\u00f3 al mandatario estatal la contrataci\u00f3n de un nuevo endeudamiento por 740 millones de pesos.<\/p>\n\n\n\n<p class=\"wp-block-paragraph\">Adem\u00e1s, sentenciaron que en las sesiones virtuales previas, se les neg\u00f3 el derecho a expresarse porque no les habilitaban el micr\u00f3fono.<\/p>\n\n\n\n<p class=\"wp-block-paragraph\">Al recurrir al&nbsp;TEPJF, los diputados buscan que el m\u00e1ximo \u00f3rgano en materia electoral les conceda la raz\u00f3n, y entonces, puedan documentar que la sesi\u00f3n donde se autoriz\u00f3 el cr\u00e9dito carece de legalidad.&nbsp;<\/p>\n<div class=\"fb-background-color\">\n\t\t\t  <div \n\t\t\t  \tclass = \"fb-comments\" \n\t\t\t  \tdata-href = \"https:\/\/diarioavanzada.com.mx\/?p=15784\"\n\t\t\t  \tdata-numposts = \"10\"\n\t\t\t  \tdata-lazy = \"true\"\n\t\t\t\tdata-colorscheme = \"light\"\n\t\t\t\tdata-order-by = \"social\"\n\t\t\t\tdata-mobile=true>\n\t\t\t  <\/div><\/div>\n\t\t  <style>\n\t\t    .fb-background-color {\n\t\t\t\tbackground:  !important;\n\t\t\t}\n\t\t\t.fb_iframe_widget_fluid_desktop iframe {\n\t\t\t    width: 100% !important;\n\t\t\t}\n\t\t  <\/style>\n\t\t  ","protected":false},"excerpt":{"rendered":"<p>Colima, M\u00e9xico, Avanzada (26\/09\/2020).- Cinco diputados de Morena buscan la protecci\u00f3n del Tribunal Electoral del Poder Judicial de la Federaci\u00f3n (TEPJF)&nbsp;para echar abajo la sesi\u00f3n ordinaria donde 15 legisladores&nbsp;le autorizaron al gobernador, Ignacio Peralta S\u00e1nchez la contrataci\u00f3n de un cr\u00e9dito hasta por 740 millones de pesos. Los legisladores, Claudia Aguirre Luna, Livier Rodr\u00edguez Osorio, Araceli [&hellip;]<\/p>\n","protected":false},"author":5,"featured_media":10953,"comment_status":"closed","ping_status":"closed","sticky":false,"template":"","format":"standard","meta":{"_coblocks_attr":"","_coblocks_dimensions":"","_coblocks_responsive_height":"","_coblocks_accordion_ie_support":"","_crdt_document":"","advanced_seo_description":"","jetpack_seo_html_title":"","jetpack_seo_noindex":false,"_jetpack_memberships_contains_paid_content":false,"footnotes":""},"categories":[19],"tags":[210],"class_list":["post-15784","post","type-post","status-publish","format-standard","has-post-thumbnail","hentry","category-colima","tag-portada"],"jetpack_featured_media_url":"https:\/\/diarioavanzada.com.mx\/wp-content\/uploads\/2020\/02\/CONGRESO-DE-COLIMA-1.jpg","jetpack-related-posts":[],"jetpack_sharing_enabled":true,"amp_enabled":true,"_links":{"self":[{"href":"https:\/\/diarioavanzada.com.mx\/index.php?rest_route=\/wp\/v2\/posts\/15784","targetHints":{"allow":["GET"]}}],"collection":[{"href":"https:\/\/diarioavanzada.com.mx\/index.php?rest_route=\/wp\/v2\/posts"}],"about":[{"href":"https:\/\/diarioavanzada.com.mx\/index.php?rest_route=\/wp\/v2\/types\/post"}],"author":[{"embeddable":true,"href":"https:\/\/diarioavanzada.com.mx\/index.php?rest_route=\/wp\/v2\/users\/5"}],"replies":[{"embeddable":true,"href":"https:\/\/diarioavanzada.com.mx\/index.php?rest_route=%2Fwp%2Fv2%2Fcomments&post=15784"}],"version-history":[{"count":0,"href":"https:\/\/diarioavanzada.com.mx\/index.php?rest_route=\/wp\/v2\/posts\/15784\/revisions"}],"wp:featuredmedia":[{"embeddable":true,"href":"https:\/\/diarioavanzada.com.mx\/index.php?rest_route=\/wp\/v2\/media\/10953"}],"wp:attachment":[{"href":"https:\/\/diarioavanzada.com.mx\/index.php?rest_route=%2Fwp%2Fv2%2Fmedia&parent=15784"}],"wp:term":[{"taxonomy":"category","embeddable":true,"href":"https:\/\/diarioavanzada.com.mx\/index.php?rest_route=%2Fwp%2Fv2%2Fcategories&post=15784"},{"taxonomy":"post_tag","embeddable":true,"href":"https:\/\/diarioavanzada.com.mx\/index.php?rest_route=%2Fwp%2Fv2%2Ftags&post=15784"}],"curies":[{"name":"wp","href":"https:\/\/api.w.org\/{rel}","templated":true}]}}