{"id":15755,"date":"2020-09-24T11:47:53","date_gmt":"2020-09-24T16:47:53","guid":{"rendered":"https:\/\/diarioavanzada.com.mx\/?p=15755"},"modified":"2020-09-24T11:47:54","modified_gmt":"2020-09-24T16:47:54","slug":"en-la-ultima-decada-asesinaron-a-4251-personas-en-colima","status":"publish","type":"post","link":"https:\/\/diarioavanzada.com.mx\/?p=15755","title":{"rendered":"En la \u00faltima d\u00e9cada asesinaron a 4251 personas en Colima"},"content":{"rendered":"\n<p class=\"wp-block-paragraph\">Colima, M\u00e9xico, Avanzada (24\/09\/2020).- En Colima, el horror se escribe todos los d\u00edas. En cualquier lugar se priva de la vida a una persona; pr\u00e1cticamente no hay ning\u00fan espacio seguro y as\u00ed lo demuestran las cifras relacionas con la seguridad.<\/p>\n\n\n\n<p class=\"wp-block-paragraph\">En la \u00faltima d\u00e9cada, 4 mil 251 personas fueron asesinadas en el estado de Colima, equivalente a casi la totalidad de la poblaci\u00f3n del municipio de Ixtlahuac\u00e1n.<\/p>\n\n\n\n<p class=\"wp-block-paragraph\">Los datos anteriores se desprenden del m\u00e1s reciente reporte que el INEGI public\u00f3 sobre los homicidios dolosos por entidades federativas, mismo que incluye los datos correspondientes desde el 2009 hasta el 2019.<\/p>\n\n\n\n<p class=\"wp-block-paragraph\">En dicho informe s\u00f3lo se incluye la informaci\u00f3n relativa a homicidios dolosos, pero no se contabiliza a aquellas personas que fueron asesinadas y sus cuerpos se encontraron en fosas clandestinas, por ejemplo, en la comunidad de Santa Rosa en el municipio de Tecom\u00e1n.<\/p>\n\n\n\n<p class=\"wp-block-paragraph\">La cantidad de personas asesinadas es casi similar al n\u00famero de habitantes Ixtlahuac\u00e1n, quien hasta el 2015, seg\u00fan el INEGI, ten\u00eda una poblaci\u00f3n de 5 mil 527.<\/p>\n\n\n\n<p class=\"wp-block-paragraph\">Sobre el n\u00famero de asesinatos, el INEGI informo que en Colima, en el 2009 se cometieron 61; en el&nbsp; 2010, 131;&nbsp; en el 2011, 163; 2012, 265, 2013, 225;&nbsp; 2014, 140; 2015, 227; 2016, 613; 2017, 867; 2018, 747, 2019, 812.<\/p>\n\n\n\n<p class=\"wp-block-paragraph\">Pr\u00e1cticamente es a partir del a\u00f1o 2016 \u2013 cuando arrib\u00f3 al gobierno, Ignacio Peralta S\u00e1nchez- que los homicidios dolosos aumentaron de forma considerable y en ese a\u00f1o, el estado alcanz\u00f3 la tasa m\u00e1s alta de asesinatos en el pa\u00eds, por cada 100 mil habitantes, lugar que ostenta hasta la actualidad.<\/p>\n\n\n\n<p class=\"wp-block-paragraph\">Y precisamente hablado de la tasa de homicidios en Colima, en el 2009 era de 10 y actualmente es de 105 por cada 100 mil habitantes.<\/p>\n<div class=\"fb-background-color\">\n\t\t\t  <div \n\t\t\t  \tclass = \"fb-comments\" \n\t\t\t  \tdata-href = \"https:\/\/diarioavanzada.com.mx\/?p=15755\"\n\t\t\t  \tdata-numposts = \"10\"\n\t\t\t  \tdata-lazy = \"true\"\n\t\t\t\tdata-colorscheme = \"light\"\n\t\t\t\tdata-order-by = \"social\"\n\t\t\t\tdata-mobile=true>\n\t\t\t  <\/div><\/div>\n\t\t  <style>\n\t\t    .fb-background-color {\n\t\t\t\tbackground:  !important;\n\t\t\t}\n\t\t\t.fb_iframe_widget_fluid_desktop iframe {\n\t\t\t    width: 100% !important;\n\t\t\t}\n\t\t  <\/style>\n\t\t  ","protected":false},"excerpt":{"rendered":"<p>Colima, M\u00e9xico, Avanzada (24\/09\/2020).- En Colima, el horror se escribe todos los d\u00edas. En cualquier lugar se priva de la vida a una persona; pr\u00e1cticamente no hay ning\u00fan espacio seguro y as\u00ed lo demuestran las cifras relacionas con la seguridad. En la \u00faltima d\u00e9cada, 4 mil 251 personas fueron asesinadas en el estado de Colima, [&hellip;]<\/p>\n","protected":false},"author":5,"featured_media":9379,"comment_status":"closed","ping_status":"closed","sticky":false,"template":"","format":"standard","meta":{"_coblocks_attr":"","_coblocks_dimensions":"","_coblocks_responsive_height":"","_coblocks_accordion_ie_support":"","_crdt_document":"","advanced_seo_description":"","jetpack_seo_html_title":"","jetpack_seo_noindex":false,"_jetpack_memberships_contains_paid_content":false,"footnotes":""},"categories":[19],"tags":[210],"class_list":["post-15755","post","type-post","status-publish","format-standard","has-post-thumbnail","hentry","category-colima","tag-portada"],"jetpack_featured_media_url":"https:\/\/diarioavanzada.com.mx\/wp-content\/uploads\/2020\/01\/MAM-Y-JIPS.jpg","jetpack-related-posts":[],"jetpack_sharing_enabled":true,"amp_enabled":true,"_links":{"self":[{"href":"https:\/\/diarioavanzada.com.mx\/index.php?rest_route=\/wp\/v2\/posts\/15755","targetHints":{"allow":["GET"]}}],"collection":[{"href":"https:\/\/diarioavanzada.com.mx\/index.php?rest_route=\/wp\/v2\/posts"}],"about":[{"href":"https:\/\/diarioavanzada.com.mx\/index.php?rest_route=\/wp\/v2\/types\/post"}],"author":[{"embeddable":true,"href":"https:\/\/diarioavanzada.com.mx\/index.php?rest_route=\/wp\/v2\/users\/5"}],"replies":[{"embeddable":true,"href":"https:\/\/diarioavanzada.com.mx\/index.php?rest_route=%2Fwp%2Fv2%2Fcomments&post=15755"}],"version-history":[{"count":0,"href":"https:\/\/diarioavanzada.com.mx\/index.php?rest_route=\/wp\/v2\/posts\/15755\/revisions"}],"wp:featuredmedia":[{"embeddable":true,"href":"https:\/\/diarioavanzada.com.mx\/index.php?rest_route=\/wp\/v2\/media\/9379"}],"wp:attachment":[{"href":"https:\/\/diarioavanzada.com.mx\/index.php?rest_route=%2Fwp%2Fv2%2Fmedia&parent=15755"}],"wp:term":[{"taxonomy":"category","embeddable":true,"href":"https:\/\/diarioavanzada.com.mx\/index.php?rest_route=%2Fwp%2Fv2%2Fcategories&post=15755"},{"taxonomy":"post_tag","embeddable":true,"href":"https:\/\/diarioavanzada.com.mx\/index.php?rest_route=%2Fwp%2Fv2%2Ftags&post=15755"}],"curies":[{"name":"wp","href":"https:\/\/api.w.org\/{rel}","templated":true}]}}