{"id":15751,"date":"2020-09-24T10:07:33","date_gmt":"2020-09-24T15:07:33","guid":{"rendered":"https:\/\/diarioavanzada.com.mx\/?p=15751"},"modified":"2020-09-24T10:07:35","modified_gmt":"2020-09-24T15:07:35","slug":"colima-supera-en-tasa-de-homicidios-al-pais-mas-violento-del-mundo","status":"publish","type":"post","link":"https:\/\/diarioavanzada.com.mx\/?p=15751","title":{"rendered":"Colima supera en tasa de homicidios al pa\u00eds m\u00e1s violento del mundo"},"content":{"rendered":"\n<p class=\"wp-block-paragraph\">Colima, M\u00e9xico, Avanzada (24\/09\/2020).- Con una tasa de 105 asesinatos por cada 100 mil habitantes durante 2019, seg\u00fan cifras del Instituto Nacional de estad\u00edstica y Geograf\u00eda (Inegi), el estado de Colima super\u00f3 significativamente a El Salvador, ubicado por la Organizaci\u00f3n de las Naciones Unidas (ONU) como el pa\u00eds m\u00e1s violento del mundo, con una tasa de 61.8 homicidios por cada 100 mil habitantes en ese mismo a\u00f1o.<\/p>\n\n\n\n<p class=\"wp-block-paragraph\">Mientras tanto, seg\u00fan la ONU, M\u00e9xico como pa\u00eds se coloc\u00f3 en el lugar 12 de la tabla de los pa\u00edses m\u00e1s violentos del mundo, con una tasa de 27 casos por cada 100 mil habitantes.<\/p>\n\n\n\n<p class=\"wp-block-paragraph\">Con base en las cifras del Inegi, en Colima se registraron durante el a\u00f1o anterior 812 asesinatos, cifra s\u00f3lo superada por la de 2017, cuando se contabilizaron 867 casos.<\/p>\n\n\n\n<p class=\"wp-block-paragraph\">Las estad\u00edsticas del Inegi revelan que en 2019 se registraron 36 mil 476 homicidios en M\u00e9xico. Es decir, una raz\u00f3n de 29 homicidios por cada 100 mil habitantes a nivel nacional, tasa similar a la registrada en 2018.<\/p>\n\n\n\n<p class=\"wp-block-paragraph\">Estas cifras se derivan de la estad\u00edstica de defunciones registradas, a partir de los registros administrativos de defunciones accidentales y violentas, los cuales son generados por las entidades federativas y que son recopilados mensualmente por el INEGI. Las fuentes informantes que tuvieron al menos un registro de homicidio corresponden a 405 Oficial\u00edas del Registro Civil, 259 Agencias del Ministerio P\u00fablico y 106 Servicios M\u00e9dicos Forenses.<\/p>\n\n\n\n<p class=\"wp-block-paragraph\">A partir de 2015, el INEGI capta informaci\u00f3n de presuntos homicidios directamente de los Servicios M\u00e9dicos Forenses por medio de los certificados de defunci\u00f3n que emiten para las muertes accidentales y violentas. Adem\u00e1s, capta datos en las Oficial\u00edas del Registro Civil a trav\u00e9s de actas y certificados de defunci\u00f3n. Esta informaci\u00f3n se complementa con la proporcionada por las Agencias del Ministerio P\u00fablico mediante cuadernos estad\u00edsticos.&nbsp;<\/p>\n\n\n\n<p class=\"wp-block-paragraph\">Los homicidios forman parte de las defunciones accidentales y violentas, cuya clasificaci\u00f3n se determina con base en las afecciones y lesiones (causas), la presunci\u00f3n del tipo de defunci\u00f3n y el motivo de la lesi\u00f3n, registrados por el certificante en el certificado de defunci\u00f3n. Las primeras dos son fundamentales para distinguir entre un presunto homicidio, un presunto accidente o un presunto suicidio, aunque en algunos casos el certificante carece de elementos suficientes para identificar la intencionalidad del hecho ocurrido.<\/p>\n<div class=\"fb-background-color\">\n\t\t\t  <div \n\t\t\t  \tclass = \"fb-comments\" \n\t\t\t  \tdata-href = \"https:\/\/diarioavanzada.com.mx\/?p=15751\"\n\t\t\t  \tdata-numposts = \"10\"\n\t\t\t  \tdata-lazy = \"true\"\n\t\t\t\tdata-colorscheme = \"light\"\n\t\t\t\tdata-order-by = \"social\"\n\t\t\t\tdata-mobile=true>\n\t\t\t  <\/div><\/div>\n\t\t  <style>\n\t\t    .fb-background-color {\n\t\t\t\tbackground:  !important;\n\t\t\t}\n\t\t\t.fb_iframe_widget_fluid_desktop iframe {\n\t\t\t    width: 100% !important;\n\t\t\t}\n\t\t  <\/style>\n\t\t  ","protected":false},"excerpt":{"rendered":"<p>Colima, M\u00e9xico, Avanzada (24\/09\/2020).- Con una tasa de 105 asesinatos por cada 100 mil habitantes durante 2019, seg\u00fan cifras del Instituto Nacional de estad\u00edstica y Geograf\u00eda (Inegi), el estado de Colima super\u00f3 significativamente a El Salvador, ubicado por la Organizaci\u00f3n de las Naciones Unidas (ONU) como el pa\u00eds m\u00e1s violento del mundo, con una tasa [&hellip;]<\/p>\n","protected":false},"author":7,"featured_media":11301,"comment_status":"closed","ping_status":"closed","sticky":false,"template":"","format":"standard","meta":{"_coblocks_attr":"","_coblocks_dimensions":"","_coblocks_responsive_height":"","_coblocks_accordion_ie_support":"","_crdt_document":"","advanced_seo_description":"","jetpack_seo_html_title":"","jetpack_seo_noindex":false,"_jetpack_memberships_contains_paid_content":false,"footnotes":""},"categories":[19],"tags":[210],"class_list":["post-15751","post","type-post","status-publish","format-standard","has-post-thumbnail","hentry","category-colima","tag-portada"],"jetpack_featured_media_url":"https:\/\/diarioavanzada.com.mx\/wp-content\/uploads\/2020\/03\/Nacho-4.jpg","jetpack-related-posts":[],"jetpack_sharing_enabled":true,"amp_enabled":true,"_links":{"self":[{"href":"https:\/\/diarioavanzada.com.mx\/index.php?rest_route=\/wp\/v2\/posts\/15751","targetHints":{"allow":["GET"]}}],"collection":[{"href":"https:\/\/diarioavanzada.com.mx\/index.php?rest_route=\/wp\/v2\/posts"}],"about":[{"href":"https:\/\/diarioavanzada.com.mx\/index.php?rest_route=\/wp\/v2\/types\/post"}],"author":[{"embeddable":true,"href":"https:\/\/diarioavanzada.com.mx\/index.php?rest_route=\/wp\/v2\/users\/7"}],"replies":[{"embeddable":true,"href":"https:\/\/diarioavanzada.com.mx\/index.php?rest_route=%2Fwp%2Fv2%2Fcomments&post=15751"}],"version-history":[{"count":0,"href":"https:\/\/diarioavanzada.com.mx\/index.php?rest_route=\/wp\/v2\/posts\/15751\/revisions"}],"wp:featuredmedia":[{"embeddable":true,"href":"https:\/\/diarioavanzada.com.mx\/index.php?rest_route=\/wp\/v2\/media\/11301"}],"wp:attachment":[{"href":"https:\/\/diarioavanzada.com.mx\/index.php?rest_route=%2Fwp%2Fv2%2Fmedia&parent=15751"}],"wp:term":[{"taxonomy":"category","embeddable":true,"href":"https:\/\/diarioavanzada.com.mx\/index.php?rest_route=%2Fwp%2Fv2%2Fcategories&post=15751"},{"taxonomy":"post_tag","embeddable":true,"href":"https:\/\/diarioavanzada.com.mx\/index.php?rest_route=%2Fwp%2Fv2%2Ftags&post=15751"}],"curies":[{"name":"wp","href":"https:\/\/api.w.org\/{rel}","templated":true}]}}